{"id":10084,"date":"2022-08-31T12:09:33","date_gmt":"2022-08-31T17:09:33","guid":{"rendered":"https:\/\/www.sanluisrey.edu.co\/new\/?p=10084"},"modified":"2022-09-01T06:19:51","modified_gmt":"2022-09-01T11:19:51","slug":"dia-de-la-familia-sanluisista","status":"publish","type":"post","link":"https:\/\/www.sanluisrey.edu.co\/new\/dia-de-la-familia-sanluisista\/","title":{"rendered":"D\u00eda de la familia sanluisista"},"content":{"rendered":"\t\t<div data-elementor-type=\"wp-post\" data-elementor-id=\"10084\" class=\"elementor elementor-10084\">\n\t\t\t\t\t\t<section class=\"elementor-section elementor-top-section elementor-element elementor-element-4fa99bb0 elementor-section-boxed elementor-section-height-default elementor-section-height-default\" data-id=\"4fa99bb0\" data-element_type=\"section\" data-e-type=\"section\">\n\t\t\t\t\t\t<div class=\"elementor-container elementor-column-gap-default\">\n\t\t\t\t\t<div class=\"elementor-column elementor-col-100 elementor-top-column elementor-element elementor-element-4d6ff1c9\" data-id=\"4d6ff1c9\" data-element_type=\"column\" data-e-type=\"column\">\n\t\t\t<div class=\"elementor-widget-wrap elementor-element-populated\">\n\t\t\t\t\t\t<div class=\"elementor-element elementor-element-7e47a67 elementor-widget elementor-widget-text-editor\" data-id=\"7e47a67\" data-element_type=\"widget\" data-e-type=\"widget\" data-widget_type=\"text-editor.default\">\n\t\t\t\t<div class=\"elementor-widget-container\">\n\t\t\t\t\t\t\t\t\t<p><\/p>\n<p style=\"text-align: justify;\"><span lang=\"ES-MX\">El d\u00eda s\u00e1bado 27 de agosto y como remate de la celebraci\u00f3n de los 65 a\u00f1os de vida institucional de nuestro colegio, se celebr\u00f3 el d\u00eda de la familia, evento que reuni\u00f3 a los miembros de los hogares de nuestros estudiantes, donde se busca entre otras ense\u00f1anzas, que el v\u00ednculo que se crea dentro de una familia es mucho m\u00e1s valioso que cualquier cosa material que podamos comprar.<o:p><\/o:p><\/span><\/p>\n<p style=\"text-align: justify;\"><span lang=\"ES-MX\">La participaci\u00f3n de los emprendimientos de los padres de familia e integrantes de la familia sanluista fue numerosa y sirvi\u00f3 de marco para darse a conocer entre todos los asistentes.<o:p><\/o:p><\/span><\/p>\n<p style=\"text-align: justify;\"><span lang=\"ES-MX\">Los peque\u00f1os y grandes se divirtieron con inflables, juegos, concursos de canto y baile y por supuesto con el sabor de los exquisitos platos que tuvieron oportunidad de degustar. Gracias a todos.<o:p><\/o:p><\/span><\/p>\n<p><a href=\"https:\/\/www.sanluisrey.edu.co\/new\/galeria\/65-anos\/\" target=\"_blank\" rel=\"noopener\"><span style=\"color: #ff6600;\"><strong>Ver galer\u00eda de fotos<\/strong><\/span><\/a><\/p>\n<p><\/p>\t\t\t\t\t\t\t\t<\/div>\n\t\t\t\t<\/div>\n\t\t\t\t\t<\/div>\n\t\t<\/div>\n\t\t\t\t\t<\/div>\n\t\t<\/section>\n\t\t\t\t<\/div>\n\t\t","protected":false},"excerpt":{"rendered":"<p>El d\u00eda s\u00e1bado 27 de agosto y como remate de la celebraci\u00f3n de los 65 a\u00f1os de vida institucional de nuestro colegio, se celebr\u00f3 el d\u00eda de la familia, evento que reuni\u00f3 a los miembros de los hogares de nuestros estudiantes, donde se busca entre otras ense\u00f1anzas, que el v\u00ednculo [&hellip;]<\/p>\n","protected":false},"author":1,"featured_media":10085,"comment_status":"closed","ping_status":"closed","sticky":false,"template":"","format":"standard","meta":{"_monsterinsights_skip_tracking":false,"_monsterinsights_sitenote_active":false,"_monsterinsights_sitenote_note":"","_monsterinsights_sitenote_category":0,"two_page_speed":[],"_jetpack_memberships_contains_paid_content":false,"footnotes":""},"categories":[8,7],"tags":[],"class_list":["post-10084","post","type-post","status-publish","format-standard","has-post-thumbnail","hentry","category-eventos","category-noticias"],"yoast_head":"<!-- This site is optimized with the Yoast SEO plugin v27.5 - https:\/\/yoast.com\/product\/yoast-seo-wordpress\/ -->\n<title>D\u00eda de la familia sanluisista - Colegio San Luis Rey<\/title>\n<meta name=\"robots\" content=\"index, follow, max-snippet:-1, max-image-preview:large, max-video-preview:-1\" \/>\n<link rel=\"canonical\" href=\"https:\/\/www.sanluisrey.edu.co\/new\/dia-de-la-familia-sanluisista\/\" \/>\n<meta property=\"og:locale\" content=\"es_ES\" \/>\n<meta property=\"og:type\" content=\"article\" \/>\n<meta property=\"og:title\" content=\"D\u00eda de la familia sanluisista - Colegio San Luis Rey\" \/>\n<meta property=\"og:description\" content=\"El d\u00eda s\u00e1bado 27 de agosto y como remate de la celebraci\u00f3n de los 65 a\u00f1os de vida institucional de nuestro colegio, se celebr\u00f3 el d\u00eda de la familia, evento que reuni\u00f3 a los miembros de los hogares de nuestros estudiantes, donde se busca entre otras ense\u00f1anzas, que el v\u00ednculo [&hellip;]\" \/>\n<meta property=\"og:url\" content=\"https:\/\/www.sanluisrey.edu.co\/new\/dia-de-la-familia-sanluisista\/\" \/>\n<meta property=\"og:site_name\" content=\"Colegio San Luis Rey\" \/>\n<meta property=\"article:author\" content=\"https:\/\/web.facebook.com\/sanluisreyarmenia\/?_rdc=1&amp;_rdr\" \/>\n<meta property=\"article:published_time\" content=\"2022-08-31T17:09:33+00:00\" \/>\n<meta property=\"article:modified_time\" content=\"2022-09-01T11:19:51+00:00\" \/>\n<meta property=\"og:image\" content=\"https:\/\/www.sanluisrey.edu.co\/new\/wp-content\/uploads\/2022\/08\/130.jpg\" \/>\n\t<meta property=\"og:image:width\" content=\"1149\" \/>\n\t<meta property=\"og:image:height\" content=\"775\" \/>\n\t<meta property=\"og:image:type\" content=\"image\/jpeg\" \/>\n<meta name=\"author\" content=\"Colegio Franciscano San Luis Rey\" \/>\n<meta name=\"twitter:card\" content=\"summary_large_image\" \/>\n<meta name=\"twitter:creator\" content=\"@https:\/\/twitter.com\/san_luis_rey\" \/>\n<meta name=\"twitter:label1\" content=\"Escrito por\" \/>\n\t<meta name=\"twitter:data1\" content=\"Colegio Franciscano San Luis Rey\" \/>\n\t<meta name=\"twitter:label2\" content=\"Tiempo de lectura\" \/>\n\t<meta name=\"twitter:data2\" content=\"1 minuto\" \/>\n<script type=\"application\/ld+json\" class=\"yoast-schema-graph\">{\"@context\":\"https:\\\/\\\/schema.org\",\"@graph\":[{\"@type\":\"Article\",\"@id\":\"https:\\\/\\\/www.sanluisrey.edu.co\\\/new\\\/dia-de-la-familia-sanluisista\\\/#article\",\"isPartOf\":{\"@id\":\"https:\\\/\\\/www.sanluisrey.edu.co\\\/new\\\/dia-de-la-familia-sanluisista\\\/\"},\"author\":{\"name\":\"Colegio Franciscano San Luis Rey\",\"@id\":\"https:\\\/\\\/www.sanluisrey.edu.co\\\/new\\\/#\\\/schema\\\/person\\\/95c521ab3dc11c1a9bacf54769a78394\"},\"headline\":\"D\u00eda de la familia sanluisista\",\"datePublished\":\"2022-08-31T17:09:33+00:00\",\"dateModified\":\"2022-09-01T11:19:51+00:00\",\"mainEntityOfPage\":{\"@id\":\"https:\\\/\\\/www.sanluisrey.edu.co\\\/new\\\/dia-de-la-familia-sanluisista\\\/\"},\"wordCount\":149,\"image\":{\"@id\":\"https:\\\/\\\/www.sanluisrey.edu.co\\\/new\\\/dia-de-la-familia-sanluisista\\\/#primaryimage\"},\"thumbnailUrl\":\"https:\\\/\\\/www.sanluisrey.edu.co\\\/new\\\/wp-content\\\/uploads\\\/2022\\\/08\\\/130.jpg\",\"articleSection\":[\"Eventos\",\"Noticias\"],\"inLanguage\":\"es\"},{\"@type\":\"WebPage\",\"@id\":\"https:\\\/\\\/www.sanluisrey.edu.co\\\/new\\\/dia-de-la-familia-sanluisista\\\/\",\"url\":\"https:\\\/\\\/www.sanluisrey.edu.co\\\/new\\\/dia-de-la-familia-sanluisista\\\/\",\"name\":\"D\u00eda de la familia sanluisista - Colegio San Luis Rey\",\"isPartOf\":{\"@id\":\"https:\\\/\\\/www.sanluisrey.edu.co\\\/new\\\/#website\"},\"primaryImageOfPage\":{\"@id\":\"https:\\\/\\\/www.sanluisrey.edu.co\\\/new\\\/dia-de-la-familia-sanluisista\\\/#primaryimage\"},\"image\":{\"@id\":\"https:\\\/\\\/www.sanluisrey.edu.co\\\/new\\\/dia-de-la-familia-sanluisista\\\/#primaryimage\"},\"thumbnailUrl\":\"https:\\\/\\\/www.sanluisrey.edu.co\\\/new\\\/wp-content\\\/uploads\\\/2022\\\/08\\\/130.jpg\",\"datePublished\":\"2022-08-31T17:09:33+00:00\",\"dateModified\":\"2022-09-01T11:19:51+00:00\",\"author\":{\"@id\":\"https:\\\/\\\/www.sanluisrey.edu.co\\\/new\\\/#\\\/schema\\\/person\\\/95c521ab3dc11c1a9bacf54769a78394\"},\"breadcrumb\":{\"@id\":\"https:\\\/\\\/www.sanluisrey.edu.co\\\/new\\\/dia-de-la-familia-sanluisista\\\/#breadcrumb\"},\"inLanguage\":\"es\",\"potentialAction\":[{\"@type\":\"ReadAction\",\"target\":[\"https:\\\/\\\/www.sanluisrey.edu.co\\\/new\\\/dia-de-la-familia-sanluisista\\\/\"]}]},{\"@type\":\"ImageObject\",\"inLanguage\":\"es\",\"@id\":\"https:\\\/\\\/www.sanluisrey.edu.co\\\/new\\\/dia-de-la-familia-sanluisista\\\/#primaryimage\",\"url\":\"https:\\\/\\\/www.sanluisrey.edu.co\\\/new\\\/wp-content\\\/uploads\\\/2022\\\/08\\\/130.jpg\",\"contentUrl\":\"https:\\\/\\\/www.sanluisrey.edu.co\\\/new\\\/wp-content\\\/uploads\\\/2022\\\/08\\\/130.jpg\",\"width\":1149,\"height\":775},{\"@type\":\"BreadcrumbList\",\"@id\":\"https:\\\/\\\/www.sanluisrey.edu.co\\\/new\\\/dia-de-la-familia-sanluisista\\\/#breadcrumb\",\"itemListElement\":[{\"@type\":\"ListItem\",\"position\":1,\"name\":\"Home\",\"item\":\"https:\\\/\\\/www.sanluisrey.edu.co\\\/new\\\/\"},{\"@type\":\"ListItem\",\"position\":2,\"name\":\"D\u00eda de la familia sanluisista\"}]},{\"@type\":\"WebSite\",\"@id\":\"https:\\\/\\\/www.sanluisrey.edu.co\\\/new\\\/#website\",\"url\":\"https:\\\/\\\/www.sanluisrey.edu.co\\\/new\\\/\",\"name\":\"Colegio San Luis Rey\",\"description\":\"Comunidad Franciscana Provincia de la Santa Fe\",\"potentialAction\":[{\"@type\":\"SearchAction\",\"target\":{\"@type\":\"EntryPoint\",\"urlTemplate\":\"https:\\\/\\\/www.sanluisrey.edu.co\\\/new\\\/?s={search_term_string}\"},\"query-input\":{\"@type\":\"PropertyValueSpecification\",\"valueRequired\":true,\"valueName\":\"search_term_string\"}}],\"inLanguage\":\"es\"},{\"@type\":\"Person\",\"@id\":\"https:\\\/\\\/www.sanluisrey.edu.co\\\/new\\\/#\\\/schema\\\/person\\\/95c521ab3dc11c1a9bacf54769a78394\",\"name\":\"Colegio Franciscano San Luis Rey\",\"image\":{\"@type\":\"ImageObject\",\"inLanguage\":\"es\",\"@id\":\"https:\\\/\\\/secure.gravatar.com\\\/avatar\\\/fe07d4fe7d07e705f3dcebbfb00bd721c65e9deca5b80342bbf641330ea86b26?s=96&d=mm&r=g\",\"url\":\"https:\\\/\\\/secure.gravatar.com\\\/avatar\\\/fe07d4fe7d07e705f3dcebbfb00bd721c65e9deca5b80342bbf641330ea86b26?s=96&d=mm&r=g\",\"contentUrl\":\"https:\\\/\\\/secure.gravatar.com\\\/avatar\\\/fe07d4fe7d07e705f3dcebbfb00bd721c65e9deca5b80342bbf641330ea86b26?s=96&d=mm&r=g\",\"caption\":\"Colegio Franciscano San Luis Rey\"},\"sameAs\":[\"https:\\\/\\\/www.sanluisrey.edu.co\",\"https:\\\/\\\/web.facebook.com\\\/sanluisreyarmenia\\\/?_rdc=1&_rdr\",\"https:\\\/\\\/www.instagram.com\\\/colegiofranciscanosanluisrey\\\/\",\"https:\\\/\\\/x.com\\\/https:\\\/\\\/twitter.com\\\/san_luis_rey\",\"https:\\\/\\\/www.youtube.com\\\/user\\\/colegiosanluisrey\\\/\"],\"url\":\"https:\\\/\\\/www.sanluisrey.edu.co\\\/new\\\/author\\\/adminrey\\\/\"}]}<\/script>\n<!-- \/ Yoast SEO plugin. -->","yoast_head_json":{"title":"D\u00eda de la familia sanluisista - Colegio San Luis Rey","robots":{"index":"index","follow":"follow","max-snippet":"max-snippet:-1","max-image-preview":"max-image-preview:large","max-video-preview":"max-video-preview:-1"},"canonical":"https:\/\/www.sanluisrey.edu.co\/new\/dia-de-la-familia-sanluisista\/","og_locale":"es_ES","og_type":"article","og_title":"D\u00eda de la familia sanluisista - Colegio San Luis Rey","og_description":"El d\u00eda s\u00e1bado 27 de agosto y como remate de la celebraci\u00f3n de los 65 a\u00f1os de vida institucional de nuestro colegio, se celebr\u00f3 el d\u00eda de la familia, evento que reuni\u00f3 a los miembros de los hogares de nuestros estudiantes, donde se busca entre otras ense\u00f1anzas, que el v\u00ednculo [&hellip;]","og_url":"https:\/\/www.sanluisrey.edu.co\/new\/dia-de-la-familia-sanluisista\/","og_site_name":"Colegio San Luis Rey","article_author":"https:\/\/web.facebook.com\/sanluisreyarmenia\/?_rdc=1&_rdr","article_published_time":"2022-08-31T17:09:33+00:00","article_modified_time":"2022-09-01T11:19:51+00:00","og_image":[{"width":1149,"height":775,"url":"https:\/\/www.sanluisrey.edu.co\/new\/wp-content\/uploads\/2022\/08\/130.jpg","type":"image\/jpeg"}],"author":"Colegio Franciscano San Luis Rey","twitter_card":"summary_large_image","twitter_creator":"@https:\/\/twitter.com\/san_luis_rey","twitter_misc":{"Escrito por":"Colegio Franciscano San Luis Rey","Tiempo de lectura":"1 minuto"},"schema":{"@context":"https:\/\/schema.org","@graph":[{"@type":"Article","@id":"https:\/\/www.sanluisrey.edu.co\/new\/dia-de-la-familia-sanluisista\/#article","isPartOf":{"@id":"https:\/\/www.sanluisrey.edu.co\/new\/dia-de-la-familia-sanluisista\/"},"author":{"name":"Colegio Franciscano San Luis Rey","@id":"https:\/\/www.sanluisrey.edu.co\/new\/#\/schema\/person\/95c521ab3dc11c1a9bacf54769a78394"},"headline":"D\u00eda de la familia sanluisista","datePublished":"2022-08-31T17:09:33+00:00","dateModified":"2022-09-01T11:19:51+00:00","mainEntityOfPage":{"@id":"https:\/\/www.sanluisrey.edu.co\/new\/dia-de-la-familia-sanluisista\/"},"wordCount":149,"image":{"@id":"https:\/\/www.sanluisrey.edu.co\/new\/dia-de-la-familia-sanluisista\/#primaryimage"},"thumbnailUrl":"https:\/\/www.sanluisrey.edu.co\/new\/wp-content\/uploads\/2022\/08\/130.jpg","articleSection":["Eventos","Noticias"],"inLanguage":"es"},{"@type":"WebPage","@id":"https:\/\/www.sanluisrey.edu.co\/new\/dia-de-la-familia-sanluisista\/","url":"https:\/\/www.sanluisrey.edu.co\/new\/dia-de-la-familia-sanluisista\/","name":"D\u00eda de la familia sanluisista - Colegio San Luis Rey","isPartOf":{"@id":"https:\/\/www.sanluisrey.edu.co\/new\/#website"},"primaryImageOfPage":{"@id":"https:\/\/www.sanluisrey.edu.co\/new\/dia-de-la-familia-sanluisista\/#primaryimage"},"image":{"@id":"https:\/\/www.sanluisrey.edu.co\/new\/dia-de-la-familia-sanluisista\/#primaryimage"},"thumbnailUrl":"https:\/\/www.sanluisrey.edu.co\/new\/wp-content\/uploads\/2022\/08\/130.jpg","datePublished":"2022-08-31T17:09:33+00:00","dateModified":"2022-09-01T11:19:51+00:00","author":{"@id":"https:\/\/www.sanluisrey.edu.co\/new\/#\/schema\/person\/95c521ab3dc11c1a9bacf54769a78394"},"breadcrumb":{"@id":"https:\/\/www.sanluisrey.edu.co\/new\/dia-de-la-familia-sanluisista\/#breadcrumb"},"inLanguage":"es","potentialAction":[{"@type":"ReadAction","target":["https:\/\/www.sanluisrey.edu.co\/new\/dia-de-la-familia-sanluisista\/"]}]},{"@type":"ImageObject","inLanguage":"es","@id":"https:\/\/www.sanluisrey.edu.co\/new\/dia-de-la-familia-sanluisista\/#primaryimage","url":"https:\/\/www.sanluisrey.edu.co\/new\/wp-content\/uploads\/2022\/08\/130.jpg","contentUrl":"https:\/\/www.sanluisrey.edu.co\/new\/wp-content\/uploads\/2022\/08\/130.jpg","width":1149,"height":775},{"@type":"BreadcrumbList","@id":"https:\/\/www.sanluisrey.edu.co\/new\/dia-de-la-familia-sanluisista\/#breadcrumb","itemListElement":[{"@type":"ListItem","position":1,"name":"Home","item":"https:\/\/www.sanluisrey.edu.co\/new\/"},{"@type":"ListItem","position":2,"name":"D\u00eda de la familia sanluisista"}]},{"@type":"WebSite","@id":"https:\/\/www.sanluisrey.edu.co\/new\/#website","url":"https:\/\/www.sanluisrey.edu.co\/new\/","name":"Colegio San Luis Rey","description":"Comunidad Franciscana Provincia de la Santa Fe","potentialAction":[{"@type":"SearchAction","target":{"@type":"EntryPoint","urlTemplate":"https:\/\/www.sanluisrey.edu.co\/new\/?s={search_term_string}"},"query-input":{"@type":"PropertyValueSpecification","valueRequired":true,"valueName":"search_term_string"}}],"inLanguage":"es"},{"@type":"Person","@id":"https:\/\/www.sanluisrey.edu.co\/new\/#\/schema\/person\/95c521ab3dc11c1a9bacf54769a78394","name":"Colegio Franciscano San Luis Rey","image":{"@type":"ImageObject","inLanguage":"es","@id":"https:\/\/secure.gravatar.com\/avatar\/fe07d4fe7d07e705f3dcebbfb00bd721c65e9deca5b80342bbf641330ea86b26?s=96&d=mm&r=g","url":"https:\/\/secure.gravatar.com\/avatar\/fe07d4fe7d07e705f3dcebbfb00bd721c65e9deca5b80342bbf641330ea86b26?s=96&d=mm&r=g","contentUrl":"https:\/\/secure.gravatar.com\/avatar\/fe07d4fe7d07e705f3dcebbfb00bd721c65e9deca5b80342bbf641330ea86b26?s=96&d=mm&r=g","caption":"Colegio Franciscano San Luis Rey"},"sameAs":["https:\/\/www.sanluisrey.edu.co","https:\/\/web.facebook.com\/sanluisreyarmenia\/?_rdc=1&_rdr","https:\/\/www.instagram.com\/colegiofranciscanosanluisrey\/","https:\/\/x.com\/https:\/\/twitter.com\/san_luis_rey","https:\/\/www.youtube.com\/user\/colegiosanluisrey\/"],"url":"https:\/\/www.sanluisrey.edu.co\/new\/author\/adminrey\/"}]}},"jetpack_featured_media_url":"https:\/\/www.sanluisrey.edu.co\/new\/wp-content\/uploads\/2022\/08\/130.jpg","jetpack_sharing_enabled":true,"_links":{"self":[{"href":"https:\/\/www.sanluisrey.edu.co\/new\/wp-json\/wp\/v2\/posts\/10084","targetHints":{"allow":["GET"]}}],"collection":[{"href":"https:\/\/www.sanluisrey.edu.co\/new\/wp-json\/wp\/v2\/posts"}],"about":[{"href":"https:\/\/www.sanluisrey.edu.co\/new\/wp-json\/wp\/v2\/types\/post"}],"author":[{"embeddable":true,"href":"https:\/\/www.sanluisrey.edu.co\/new\/wp-json\/wp\/v2\/users\/1"}],"replies":[{"embeddable":true,"href":"https:\/\/www.sanluisrey.edu.co\/new\/wp-json\/wp\/v2\/comments?post=10084"}],"version-history":[{"count":31,"href":"https:\/\/www.sanluisrey.edu.co\/new\/wp-json\/wp\/v2\/posts\/10084\/revisions"}],"predecessor-version":[{"id":10219,"href":"https:\/\/www.sanluisrey.edu.co\/new\/wp-json\/wp\/v2\/posts\/10084\/revisions\/10219"}],"wp:featuredmedia":[{"embeddable":true,"href":"https:\/\/www.sanluisrey.edu.co\/new\/wp-json\/wp\/v2\/media\/10085"}],"wp:attachment":[{"href":"https:\/\/www.sanluisrey.edu.co\/new\/wp-json\/wp\/v2\/media?parent=10084"}],"wp:term":[{"taxonomy":"category","embeddable":true,"href":"https:\/\/www.sanluisrey.edu.co\/new\/wp-json\/wp\/v2\/categories?post=10084"},{"taxonomy":"post_tag","embeddable":true,"href":"https:\/\/www.sanluisrey.edu.co\/new\/wp-json\/wp\/v2\/tags?post=10084"}],"curies":[{"name":"wp","href":"https:\/\/api.w.org\/{rel}","templated":true}]}}