{"id":10412,"date":"2022-09-07T12:19:10","date_gmt":"2022-09-07T17:19:10","guid":{"rendered":"https:\/\/www.sanluisrey.edu.co\/new\/?p=10412"},"modified":"2022-09-08T10:32:45","modified_gmt":"2022-09-08T15:32:45","slug":"semana-por-la-paz","status":"publish","type":"post","link":"https:\/\/www.sanluisrey.edu.co\/new\/semana-por-la-paz\/","title":{"rendered":"Semana Por La Paz"},"content":{"rendered":"\t\t<div data-elementor-type=\"wp-post\" data-elementor-id=\"10412\" class=\"elementor elementor-10412\">\n\t\t\t\t\t\t<section class=\"elementor-section elementor-top-section elementor-element elementor-element-25dd5794 elementor-section-boxed elementor-section-height-default elementor-section-height-default\" data-id=\"25dd5794\" data-element_type=\"section\" data-e-type=\"section\">\n\t\t\t\t\t\t<div class=\"elementor-container elementor-column-gap-default\">\n\t\t\t\t\t<div class=\"elementor-column elementor-col-100 elementor-top-column elementor-element elementor-element-1708b09d\" data-id=\"1708b09d\" data-element_type=\"column\" data-e-type=\"column\">\n\t\t\t<div class=\"elementor-widget-wrap elementor-element-populated\">\n\t\t\t\t\t\t<div class=\"elementor-element elementor-element-40a4fd1 elementor-widget elementor-widget-text-editor\" data-id=\"40a4fd1\" data-element_type=\"widget\" data-e-type=\"widget\" data-widget_type=\"text-editor.default\">\n\t\t\t\t<div class=\"elementor-widget-container\">\n\t\t\t\t\t\t\t\t\t<p><\/p>\n<p>En el marco de la celebraci\u00f3n de la Semana Por la Paz propuesto desde la rector\u00eda por Fray Antonio Jos\u00e9 Grisales Arias O.F.M, y para dar cumplimiento a la ley 1736&nbsp; de septiembre de 2014 y su decreto reglamentario 138 de mayo 25 de 2015, donde la normatividad nacional estableci\u00f3 el mes de septiembre para dicha celebraci\u00f3n;&nbsp; se han estado realizando&nbsp; diferentes actividades con los estudiantes en los diferentes grupos.<\/p>\n<p><\/p>\n<p><\/p>\n<p>Entre las actividades se hacen reflexiones sobre las diferentes formas de VIVIR EN PAZ, haciendo alusi\u00f3n a ense\u00f1anzas de San francisco de ASIS.<\/p>\n<p><\/p>\n<p><\/p>\n<p>\u201cSon verdaderamente pac\u00edficos aquellos que, con todo lo que padecen en este siglo, por el amor de nuestro Se\u00f1or Jesucristo, conservan la paz en el alma y en el cuerpo.\u201d(San Francisco de As\u00eds. Admoniciones: 15, 2)<\/p>\n<p><\/p>\n<p><\/p>\n<p>Pues la paz de Francisco y de sus hermanos fue claramente un don del esp\u00edritu concedido solo a los hombres que han renunciado a la b\u00fasqueda de los bienes, del poder, de los honores. Su paz fue una elecci\u00f3n de vida: la de los hombres de manos vac\u00edas, no violentos, capaces de sufrir gozosamente las consecuencias sociales.\u00bb. (Michel Hubaut, ofm. Francisco de As\u00eds, Peregrino hacia la luz.p.158-159)<\/p>\n<p><\/p>\n<p><\/p>\n<p>Papa Francisco acerca de la paz: <a href=\"https:\/\/www.youtube.com\/watch?v=EFjh42s-t_w\">https:\/\/www.youtube.com\/watch?v=EFjh42s-t_w<\/a><br><br><\/p>\n<p><\/p>\t\t\t\t\t\t\t\t<\/div>\n\t\t\t\t<\/div>\n\t\t\t\t\t<\/div>\n\t\t<\/div>\n\t\t\t\t\t<\/div>\n\t\t<\/section>\n\t\t\t\t<section class=\"elementor-section elementor-top-section elementor-element elementor-element-7991bdc elementor-section-boxed elementor-section-height-default elementor-section-height-default\" data-id=\"7991bdc\" data-element_type=\"section\" data-e-type=\"section\">\n\t\t\t\t\t\t<div class=\"elementor-container elementor-column-gap-default\">\n\t\t\t\t\t<div class=\"elementor-column elementor-col-50 elementor-top-column elementor-element elementor-element-cb11644\" data-id=\"cb11644\" data-element_type=\"column\" data-e-type=\"column\">\n\t\t\t<div class=\"elementor-widget-wrap elementor-element-populated\">\n\t\t\t\t\t\t<div class=\"elementor-element elementor-element-42e0d13 elementor-widget elementor-widget-image\" data-id=\"42e0d13\" data-element_type=\"widget\" data-e-type=\"widget\" data-widget_type=\"image.default\">\n\t\t\t\t<div class=\"elementor-widget-container\">\n\t\t\t\t\t\t\t\t\t\t\t\t\t\t\t<img fetchpriority=\"high\" decoding=\"async\" width=\"750\" height=\"574\" src=\"https:\/\/www.sanluisrey.edu.co\/new\/wp-content\/uploads\/2022\/09\/Paz001.jpg\" class=\"attachment-large size-large wp-image-10415\" alt=\"\" srcset=\"https:\/\/www.sanluisrey.edu.co\/new\/wp-content\/uploads\/2022\/09\/Paz001.jpg 1013w, https:\/\/www.sanluisrey.edu.co\/new\/wp-content\/uploads\/2022\/09\/Paz001-600x459.jpg 600w, https:\/\/www.sanluisrey.edu.co\/new\/wp-content\/uploads\/2022\/09\/Paz001-300x230.jpg 300w, https:\/\/www.sanluisrey.edu.co\/new\/wp-content\/uploads\/2022\/09\/Paz001-768x588.jpg 768w\" sizes=\"(max-width: 750px) 100vw, 750px\" \/>\t\t\t\t\t\t\t\t\t\t\t\t\t\t\t<\/div>\n\t\t\t\t<\/div>\n\t\t\t\t\t<\/div>\n\t\t<\/div>\n\t\t\t\t<div class=\"elementor-column elementor-col-50 elementor-top-column elementor-element elementor-element-4deee95\" data-id=\"4deee95\" data-element_type=\"column\" data-e-type=\"column\">\n\t\t\t<div class=\"elementor-widget-wrap elementor-element-populated\">\n\t\t\t\t\t\t<div class=\"elementor-element elementor-element-6c17344 elementor-widget elementor-widget-image\" data-id=\"6c17344\" data-element_type=\"widget\" data-e-type=\"widget\" data-widget_type=\"image.default\">\n\t\t\t\t<div class=\"elementor-widget-container\">\n\t\t\t\t\t\t\t\t\t\t\t\t\t\t\t<img decoding=\"async\" width=\"750\" height=\"512\" data-src=\"https:\/\/www.sanluisrey.edu.co\/new\/wp-content\/uploads\/2022\/09\/Paz003-1024x699.jpg\" class=\"attachment-large size-large wp-image-10416 lazyload\" alt=\"\" data-srcset=\"https:\/\/www.sanluisrey.edu.co\/new\/wp-content\/uploads\/2022\/09\/Paz003-1024x699.jpg 1024w, https:\/\/www.sanluisrey.edu.co\/new\/wp-content\/uploads\/2022\/09\/Paz003-600x410.jpg 600w, https:\/\/www.sanluisrey.edu.co\/new\/wp-content\/uploads\/2022\/09\/Paz003-300x205.jpg 300w, https:\/\/www.sanluisrey.edu.co\/new\/wp-content\/uploads\/2022\/09\/Paz003-768x524.jpg 768w, https:\/\/www.sanluisrey.edu.co\/new\/wp-content\/uploads\/2022\/09\/Paz003.jpg 1135w\" data-sizes=\"(max-width: 750px) 100vw, 750px\" src=\"data:image\/svg+xml;base64,PHN2ZyB3aWR0aD0iMSIgaGVpZ2h0PSIxIiB4bWxucz0iaHR0cDovL3d3dy53My5vcmcvMjAwMC9zdmciPjwvc3ZnPg==\" style=\"--smush-placeholder-width: 750px; --smush-placeholder-aspect-ratio: 750\/512;\" \/>\t\t\t\t\t\t\t\t\t\t\t\t\t\t\t<\/div>\n\t\t\t\t<\/div>\n\t\t\t\t\t<\/div>\n\t\t<\/div>\n\t\t\t\t\t<\/div>\n\t\t<\/section>\n\t\t\t\t<\/div>\n\t\t","protected":false},"excerpt":{"rendered":"<p>En el marco de la celebraci\u00f3n de la Semana Por la Paz propuesto desde la rector\u00eda por Fray Antonio Jos\u00e9 Grisales Arias O.F.M, y para dar cumplimiento a la ley 1736&nbsp; de septiembre de 2014 y su decreto reglamentario 138 de mayo 25 de 2015, donde la normatividad nacional estableci\u00f3 [&hellip;]<\/p>\n","protected":false},"author":1,"featured_media":10413,"comment_status":"closed","ping_status":"closed","sticky":false,"template":"","format":"standard","meta":{"_monsterinsights_skip_tracking":false,"_monsterinsights_sitenote_active":false,"_monsterinsights_sitenote_note":"","_monsterinsights_sitenote_category":0,"two_page_speed":[],"_jetpack_memberships_contains_paid_content":false,"footnotes":""},"categories":[7],"tags":[],"class_list":["post-10412","post","type-post","status-publish","format-standard","has-post-thumbnail","hentry","category-noticias"],"yoast_head":"<!-- This site is optimized with the Yoast SEO plugin v27.4 - https:\/\/yoast.com\/product\/yoast-seo-wordpress\/ -->\n<title>Semana Por La Paz - Colegio San Luis Rey<\/title>\n<meta name=\"robots\" content=\"index, follow, max-snippet:-1, max-image-preview:large, max-video-preview:-1\" \/>\n<link rel=\"canonical\" href=\"https:\/\/www.sanluisrey.edu.co\/new\/semana-por-la-paz\/\" \/>\n<meta property=\"og:locale\" content=\"es_ES\" \/>\n<meta property=\"og:type\" content=\"article\" \/>\n<meta property=\"og:title\" content=\"Semana Por La Paz - Colegio San Luis Rey\" \/>\n<meta property=\"og:description\" content=\"En el marco de la celebraci\u00f3n de la Semana Por la Paz propuesto desde la rector\u00eda por Fray Antonio Jos\u00e9 Grisales Arias O.F.M, y para dar cumplimiento a la ley 1736&nbsp; de septiembre de 2014 y su decreto reglamentario 138 de mayo 25 de 2015, donde la normatividad nacional estableci\u00f3 [&hellip;]\" \/>\n<meta property=\"og:url\" content=\"https:\/\/www.sanluisrey.edu.co\/new\/semana-por-la-paz\/\" \/>\n<meta property=\"og:site_name\" content=\"Colegio San Luis Rey\" \/>\n<meta property=\"article:author\" content=\"https:\/\/web.facebook.com\/sanluisreyarmenia\/?_rdc=1&amp;_rdr\" \/>\n<meta property=\"article:published_time\" content=\"2022-09-07T17:19:10+00:00\" \/>\n<meta property=\"article:modified_time\" content=\"2022-09-08T15:32:45+00:00\" \/>\n<meta property=\"og:image\" content=\"https:\/\/www.sanluisrey.edu.co\/new\/wp-content\/uploads\/2022\/09\/Paz002-scaled.jpg\" \/>\n\t<meta property=\"og:image:width\" content=\"1920\" \/>\n\t<meta property=\"og:image:height\" content=\"860\" \/>\n\t<meta property=\"og:image:type\" content=\"image\/jpeg\" \/>\n<meta name=\"author\" content=\"Colegio Franciscano San Luis Rey\" \/>\n<meta name=\"twitter:card\" content=\"summary_large_image\" \/>\n<meta name=\"twitter:creator\" content=\"@https:\/\/twitter.com\/san_luis_rey\" \/>\n<meta name=\"twitter:label1\" content=\"Escrito por\" \/>\n\t<meta name=\"twitter:data1\" content=\"Colegio Franciscano San Luis Rey\" \/>\n\t<meta name=\"twitter:label2\" content=\"Tiempo de lectura\" \/>\n\t<meta name=\"twitter:data2\" content=\"2 minutos\" \/>\n<script type=\"application\/ld+json\" class=\"yoast-schema-graph\">{\"@context\":\"https:\\\/\\\/schema.org\",\"@graph\":[{\"@type\":\"Article\",\"@id\":\"https:\\\/\\\/www.sanluisrey.edu.co\\\/new\\\/semana-por-la-paz\\\/#article\",\"isPartOf\":{\"@id\":\"https:\\\/\\\/www.sanluisrey.edu.co\\\/new\\\/semana-por-la-paz\\\/\"},\"author\":{\"name\":\"Colegio Franciscano San Luis Rey\",\"@id\":\"https:\\\/\\\/www.sanluisrey.edu.co\\\/new\\\/#\\\/schema\\\/person\\\/95c521ab3dc11c1a9bacf54769a78394\"},\"headline\":\"Semana Por La Paz\",\"datePublished\":\"2022-09-07T17:19:10+00:00\",\"dateModified\":\"2022-09-08T15:32:45+00:00\",\"mainEntityOfPage\":{\"@id\":\"https:\\\/\\\/www.sanluisrey.edu.co\\\/new\\\/semana-por-la-paz\\\/\"},\"wordCount\":229,\"image\":{\"@id\":\"https:\\\/\\\/www.sanluisrey.edu.co\\\/new\\\/semana-por-la-paz\\\/#primaryimage\"},\"thumbnailUrl\":\"https:\\\/\\\/www.sanluisrey.edu.co\\\/new\\\/wp-content\\\/uploads\\\/2022\\\/09\\\/Paz002-scaled.jpg\",\"articleSection\":[\"Noticias\"],\"inLanguage\":\"es\"},{\"@type\":\"WebPage\",\"@id\":\"https:\\\/\\\/www.sanluisrey.edu.co\\\/new\\\/semana-por-la-paz\\\/\",\"url\":\"https:\\\/\\\/www.sanluisrey.edu.co\\\/new\\\/semana-por-la-paz\\\/\",\"name\":\"Semana Por La Paz - Colegio San Luis Rey\",\"isPartOf\":{\"@id\":\"https:\\\/\\\/www.sanluisrey.edu.co\\\/new\\\/#website\"},\"primaryImageOfPage\":{\"@id\":\"https:\\\/\\\/www.sanluisrey.edu.co\\\/new\\\/semana-por-la-paz\\\/#primaryimage\"},\"image\":{\"@id\":\"https:\\\/\\\/www.sanluisrey.edu.co\\\/new\\\/semana-por-la-paz\\\/#primaryimage\"},\"thumbnailUrl\":\"https:\\\/\\\/www.sanluisrey.edu.co\\\/new\\\/wp-content\\\/uploads\\\/2022\\\/09\\\/Paz002-scaled.jpg\",\"datePublished\":\"2022-09-07T17:19:10+00:00\",\"dateModified\":\"2022-09-08T15:32:45+00:00\",\"author\":{\"@id\":\"https:\\\/\\\/www.sanluisrey.edu.co\\\/new\\\/#\\\/schema\\\/person\\\/95c521ab3dc11c1a9bacf54769a78394\"},\"breadcrumb\":{\"@id\":\"https:\\\/\\\/www.sanluisrey.edu.co\\\/new\\\/semana-por-la-paz\\\/#breadcrumb\"},\"inLanguage\":\"es\",\"potentialAction\":[{\"@type\":\"ReadAction\",\"target\":[\"https:\\\/\\\/www.sanluisrey.edu.co\\\/new\\\/semana-por-la-paz\\\/\"]}]},{\"@type\":\"ImageObject\",\"inLanguage\":\"es\",\"@id\":\"https:\\\/\\\/www.sanluisrey.edu.co\\\/new\\\/semana-por-la-paz\\\/#primaryimage\",\"url\":\"https:\\\/\\\/www.sanluisrey.edu.co\\\/new\\\/wp-content\\\/uploads\\\/2022\\\/09\\\/Paz002-scaled.jpg\",\"contentUrl\":\"https:\\\/\\\/www.sanluisrey.edu.co\\\/new\\\/wp-content\\\/uploads\\\/2022\\\/09\\\/Paz002-scaled.jpg\",\"width\":1920,\"height\":860},{\"@type\":\"BreadcrumbList\",\"@id\":\"https:\\\/\\\/www.sanluisrey.edu.co\\\/new\\\/semana-por-la-paz\\\/#breadcrumb\",\"itemListElement\":[{\"@type\":\"ListItem\",\"position\":1,\"name\":\"Home\",\"item\":\"https:\\\/\\\/www.sanluisrey.edu.co\\\/new\\\/\"},{\"@type\":\"ListItem\",\"position\":2,\"name\":\"Semana Por La Paz\"}]},{\"@type\":\"WebSite\",\"@id\":\"https:\\\/\\\/www.sanluisrey.edu.co\\\/new\\\/#website\",\"url\":\"https:\\\/\\\/www.sanluisrey.edu.co\\\/new\\\/\",\"name\":\"Colegio San Luis Rey\",\"description\":\"Comunidad Franciscana Provincia de la Santa Fe\",\"potentialAction\":[{\"@type\":\"SearchAction\",\"target\":{\"@type\":\"EntryPoint\",\"urlTemplate\":\"https:\\\/\\\/www.sanluisrey.edu.co\\\/new\\\/?s={search_term_string}\"},\"query-input\":{\"@type\":\"PropertyValueSpecification\",\"valueRequired\":true,\"valueName\":\"search_term_string\"}}],\"inLanguage\":\"es\"},{\"@type\":\"Person\",\"@id\":\"https:\\\/\\\/www.sanluisrey.edu.co\\\/new\\\/#\\\/schema\\\/person\\\/95c521ab3dc11c1a9bacf54769a78394\",\"name\":\"Colegio Franciscano San Luis Rey\",\"image\":{\"@type\":\"ImageObject\",\"inLanguage\":\"es\",\"@id\":\"https:\\\/\\\/secure.gravatar.com\\\/avatar\\\/fe07d4fe7d07e705f3dcebbfb00bd721c65e9deca5b80342bbf641330ea86b26?s=96&d=mm&r=g\",\"url\":\"https:\\\/\\\/secure.gravatar.com\\\/avatar\\\/fe07d4fe7d07e705f3dcebbfb00bd721c65e9deca5b80342bbf641330ea86b26?s=96&d=mm&r=g\",\"contentUrl\":\"https:\\\/\\\/secure.gravatar.com\\\/avatar\\\/fe07d4fe7d07e705f3dcebbfb00bd721c65e9deca5b80342bbf641330ea86b26?s=96&d=mm&r=g\",\"caption\":\"Colegio Franciscano San Luis Rey\"},\"sameAs\":[\"https:\\\/\\\/www.sanluisrey.edu.co\",\"https:\\\/\\\/web.facebook.com\\\/sanluisreyarmenia\\\/?_rdc=1&_rdr\",\"https:\\\/\\\/www.instagram.com\\\/colegiofranciscanosanluisrey\\\/\",\"https:\\\/\\\/x.com\\\/https:\\\/\\\/twitter.com\\\/san_luis_rey\",\"https:\\\/\\\/www.youtube.com\\\/user\\\/colegiosanluisrey\\\/\"],\"url\":\"https:\\\/\\\/www.sanluisrey.edu.co\\\/new\\\/author\\\/adminrey\\\/\"}]}<\/script>\n<!-- \/ Yoast SEO plugin. -->","yoast_head_json":{"title":"Semana Por La Paz - Colegio San Luis Rey","robots":{"index":"index","follow":"follow","max-snippet":"max-snippet:-1","max-image-preview":"max-image-preview:large","max-video-preview":"max-video-preview:-1"},"canonical":"https:\/\/www.sanluisrey.edu.co\/new\/semana-por-la-paz\/","og_locale":"es_ES","og_type":"article","og_title":"Semana Por La Paz - Colegio San Luis Rey","og_description":"En el marco de la celebraci\u00f3n de la Semana Por la Paz propuesto desde la rector\u00eda por Fray Antonio Jos\u00e9 Grisales Arias O.F.M, y para dar cumplimiento a la ley 1736&nbsp; de septiembre de 2014 y su decreto reglamentario 138 de mayo 25 de 2015, donde la normatividad nacional estableci\u00f3 [&hellip;]","og_url":"https:\/\/www.sanluisrey.edu.co\/new\/semana-por-la-paz\/","og_site_name":"Colegio San Luis Rey","article_author":"https:\/\/web.facebook.com\/sanluisreyarmenia\/?_rdc=1&_rdr","article_published_time":"2022-09-07T17:19:10+00:00","article_modified_time":"2022-09-08T15:32:45+00:00","og_image":[{"width":1920,"height":860,"url":"https:\/\/www.sanluisrey.edu.co\/new\/wp-content\/uploads\/2022\/09\/Paz002-scaled.jpg","type":"image\/jpeg"}],"author":"Colegio Franciscano San Luis Rey","twitter_card":"summary_large_image","twitter_creator":"@https:\/\/twitter.com\/san_luis_rey","twitter_misc":{"Escrito por":"Colegio Franciscano San Luis Rey","Tiempo de lectura":"2 minutos"},"schema":{"@context":"https:\/\/schema.org","@graph":[{"@type":"Article","@id":"https:\/\/www.sanluisrey.edu.co\/new\/semana-por-la-paz\/#article","isPartOf":{"@id":"https:\/\/www.sanluisrey.edu.co\/new\/semana-por-la-paz\/"},"author":{"name":"Colegio Franciscano San Luis Rey","@id":"https:\/\/www.sanluisrey.edu.co\/new\/#\/schema\/person\/95c521ab3dc11c1a9bacf54769a78394"},"headline":"Semana Por La Paz","datePublished":"2022-09-07T17:19:10+00:00","dateModified":"2022-09-08T15:32:45+00:00","mainEntityOfPage":{"@id":"https:\/\/www.sanluisrey.edu.co\/new\/semana-por-la-paz\/"},"wordCount":229,"image":{"@id":"https:\/\/www.sanluisrey.edu.co\/new\/semana-por-la-paz\/#primaryimage"},"thumbnailUrl":"https:\/\/www.sanluisrey.edu.co\/new\/wp-content\/uploads\/2022\/09\/Paz002-scaled.jpg","articleSection":["Noticias"],"inLanguage":"es"},{"@type":"WebPage","@id":"https:\/\/www.sanluisrey.edu.co\/new\/semana-por-la-paz\/","url":"https:\/\/www.sanluisrey.edu.co\/new\/semana-por-la-paz\/","name":"Semana Por La Paz - Colegio San Luis Rey","isPartOf":{"@id":"https:\/\/www.sanluisrey.edu.co\/new\/#website"},"primaryImageOfPage":{"@id":"https:\/\/www.sanluisrey.edu.co\/new\/semana-por-la-paz\/#primaryimage"},"image":{"@id":"https:\/\/www.sanluisrey.edu.co\/new\/semana-por-la-paz\/#primaryimage"},"thumbnailUrl":"https:\/\/www.sanluisrey.edu.co\/new\/wp-content\/uploads\/2022\/09\/Paz002-scaled.jpg","datePublished":"2022-09-07T17:19:10+00:00","dateModified":"2022-09-08T15:32:45+00:00","author":{"@id":"https:\/\/www.sanluisrey.edu.co\/new\/#\/schema\/person\/95c521ab3dc11c1a9bacf54769a78394"},"breadcrumb":{"@id":"https:\/\/www.sanluisrey.edu.co\/new\/semana-por-la-paz\/#breadcrumb"},"inLanguage":"es","potentialAction":[{"@type":"ReadAction","target":["https:\/\/www.sanluisrey.edu.co\/new\/semana-por-la-paz\/"]}]},{"@type":"ImageObject","inLanguage":"es","@id":"https:\/\/www.sanluisrey.edu.co\/new\/semana-por-la-paz\/#primaryimage","url":"https:\/\/www.sanluisrey.edu.co\/new\/wp-content\/uploads\/2022\/09\/Paz002-scaled.jpg","contentUrl":"https:\/\/www.sanluisrey.edu.co\/new\/wp-content\/uploads\/2022\/09\/Paz002-scaled.jpg","width":1920,"height":860},{"@type":"BreadcrumbList","@id":"https:\/\/www.sanluisrey.edu.co\/new\/semana-por-la-paz\/#breadcrumb","itemListElement":[{"@type":"ListItem","position":1,"name":"Home","item":"https:\/\/www.sanluisrey.edu.co\/new\/"},{"@type":"ListItem","position":2,"name":"Semana Por La Paz"}]},{"@type":"WebSite","@id":"https:\/\/www.sanluisrey.edu.co\/new\/#website","url":"https:\/\/www.sanluisrey.edu.co\/new\/","name":"Colegio San Luis Rey","description":"Comunidad Franciscana Provincia de la Santa Fe","potentialAction":[{"@type":"SearchAction","target":{"@type":"EntryPoint","urlTemplate":"https:\/\/www.sanluisrey.edu.co\/new\/?s={search_term_string}"},"query-input":{"@type":"PropertyValueSpecification","valueRequired":true,"valueName":"search_term_string"}}],"inLanguage":"es"},{"@type":"Person","@id":"https:\/\/www.sanluisrey.edu.co\/new\/#\/schema\/person\/95c521ab3dc11c1a9bacf54769a78394","name":"Colegio Franciscano San Luis Rey","image":{"@type":"ImageObject","inLanguage":"es","@id":"https:\/\/secure.gravatar.com\/avatar\/fe07d4fe7d07e705f3dcebbfb00bd721c65e9deca5b80342bbf641330ea86b26?s=96&d=mm&r=g","url":"https:\/\/secure.gravatar.com\/avatar\/fe07d4fe7d07e705f3dcebbfb00bd721c65e9deca5b80342bbf641330ea86b26?s=96&d=mm&r=g","contentUrl":"https:\/\/secure.gravatar.com\/avatar\/fe07d4fe7d07e705f3dcebbfb00bd721c65e9deca5b80342bbf641330ea86b26?s=96&d=mm&r=g","caption":"Colegio Franciscano San Luis Rey"},"sameAs":["https:\/\/www.sanluisrey.edu.co","https:\/\/web.facebook.com\/sanluisreyarmenia\/?_rdc=1&_rdr","https:\/\/www.instagram.com\/colegiofranciscanosanluisrey\/","https:\/\/x.com\/https:\/\/twitter.com\/san_luis_rey","https:\/\/www.youtube.com\/user\/colegiosanluisrey\/"],"url":"https:\/\/www.sanluisrey.edu.co\/new\/author\/adminrey\/"}]}},"jetpack_featured_media_url":"https:\/\/www.sanluisrey.edu.co\/new\/wp-content\/uploads\/2022\/09\/Paz002-scaled.jpg","jetpack_sharing_enabled":true,"_links":{"self":[{"href":"https:\/\/www.sanluisrey.edu.co\/new\/wp-json\/wp\/v2\/posts\/10412","targetHints":{"allow":["GET"]}}],"collection":[{"href":"https:\/\/www.sanluisrey.edu.co\/new\/wp-json\/wp\/v2\/posts"}],"about":[{"href":"https:\/\/www.sanluisrey.edu.co\/new\/wp-json\/wp\/v2\/types\/post"}],"author":[{"embeddable":true,"href":"https:\/\/www.sanluisrey.edu.co\/new\/wp-json\/wp\/v2\/users\/1"}],"replies":[{"embeddable":true,"href":"https:\/\/www.sanluisrey.edu.co\/new\/wp-json\/wp\/v2\/comments?post=10412"}],"version-history":[{"count":7,"href":"https:\/\/www.sanluisrey.edu.co\/new\/wp-json\/wp\/v2\/posts\/10412\/revisions"}],"predecessor-version":[{"id":10504,"href":"https:\/\/www.sanluisrey.edu.co\/new\/wp-json\/wp\/v2\/posts\/10412\/revisions\/10504"}],"wp:featuredmedia":[{"embeddable":true,"href":"https:\/\/www.sanluisrey.edu.co\/new\/wp-json\/wp\/v2\/media\/10413"}],"wp:attachment":[{"href":"https:\/\/www.sanluisrey.edu.co\/new\/wp-json\/wp\/v2\/media?parent=10412"}],"wp:term":[{"taxonomy":"category","embeddable":true,"href":"https:\/\/www.sanluisrey.edu.co\/new\/wp-json\/wp\/v2\/categories?post=10412"},{"taxonomy":"post_tag","embeddable":true,"href":"https:\/\/www.sanluisrey.edu.co\/new\/wp-json\/wp\/v2\/tags?post=10412"}],"curies":[{"name":"wp","href":"https:\/\/api.w.org\/{rel}","templated":true}]}}