{"id":14454,"date":"2023-08-25T09:49:58","date_gmt":"2023-08-25T14:49:58","guid":{"rendered":"https:\/\/www.sanluisrey.edu.co\/new\/?p=14454"},"modified":"2023-08-25T11:04:12","modified_gmt":"2023-08-25T16:04:12","slug":"fiesta-de-nuestro-patrono-san-luis-rey","status":"publish","type":"post","link":"https:\/\/www.sanluisrey.edu.co\/new\/fiesta-de-nuestro-patrono-san-luis-rey\/","title":{"rendered":"Fiesta  de Nuestro Patrono San Luis Rey"},"content":{"rendered":"\n<p>En conmemoraci\u00f3n de la festividad de San Luis Rey de Francia, se realiz\u00f3 una solemne ceremonia en el Coliseo Hermano David de nuestro colegio, con este evento religioso se rindi\u00f3 homenaje al Patr\u00f3n de Francia y de Nuestro Colegio, recordando su vida y su legado.<\/p>\n\n\n\n<p>Toda la comunidad acad\u00e9mica particip\u00f3 de esta celebraci\u00f3n, donde se comparti\u00f3 la bendici\u00f3n de nuestro rector Fray Antonio Jos\u00e9 Grisales Arias, O.F.M. y de nuestro director de Pastoral Fray Leonardo Musse Cordoba, O.F.M.<\/p>\n\n\n\n<p>Felicidades en este nuestro gran dia.<\/p>\n\n\n\n<p><\/p>\n\n\n\n<p><a href=\"https:\/\/www.sanluisrey.edu.co\/new\/galeria\/fiesta-de-nuestro-patrono-san-luis-rey\/\" target=\"_blank\" rel=\"noreferrer noopener\"><strong><em><mark style=\"background-color:rgba(0, 0, 0, 0)\" class=\"has-inline-color has-header-gradient-color\">Ver Mosaico de im\u00e1genes<\/mark><\/em><\/strong><\/a><\/p>\n","protected":false},"excerpt":{"rendered":"<p>En conmemoraci\u00f3n de la festividad de San Luis Rey de Francia, se realiz\u00f3 una solemne ceremonia en el Coliseo Hermano David de nuestro colegio, con este evento religioso se rindi\u00f3 homenaje al Patr\u00f3n de Francia y de Nuestro Colegio, recordando su vida y su legado. Toda la comunidad acad\u00e9mica particip\u00f3 [&hellip;]<\/p>\n","protected":false},"author":1,"featured_media":14441,"comment_status":"closed","ping_status":"closed","sticky":false,"template":"","format":"standard","meta":{"_monsterinsights_skip_tracking":false,"_monsterinsights_sitenote_active":false,"_monsterinsights_sitenote_note":"","_monsterinsights_sitenote_category":0,"two_page_speed":[],"_jetpack_memberships_contains_paid_content":false,"footnotes":""},"categories":[12,7,1],"tags":[],"class_list":["post-14454","post","type-post","status-publish","format-standard","has-post-thumbnail","hentry","category-destacados","category-noticias","category-sin-categoria"],"yoast_head":"<!-- This site is optimized with the Yoast SEO plugin v27.5 - https:\/\/yoast.com\/product\/yoast-seo-wordpress\/ -->\n<title>Fiesta de Nuestro Patrono San Luis Rey - Colegio San Luis Rey<\/title>\n<meta name=\"robots\" content=\"index, follow, max-snippet:-1, max-image-preview:large, max-video-preview:-1\" \/>\n<link rel=\"canonical\" href=\"https:\/\/www.sanluisrey.edu.co\/new\/fiesta-de-nuestro-patrono-san-luis-rey\/\" \/>\n<meta property=\"og:locale\" content=\"es_ES\" \/>\n<meta property=\"og:type\" content=\"article\" \/>\n<meta property=\"og:title\" content=\"Fiesta de Nuestro Patrono San Luis Rey - Colegio San Luis Rey\" \/>\n<meta property=\"og:description\" content=\"En conmemoraci\u00f3n de la festividad de San Luis Rey de Francia, se realiz\u00f3 una solemne ceremonia en el Coliseo Hermano David de nuestro colegio, con este evento religioso se rindi\u00f3 homenaje al Patr\u00f3n de Francia y de Nuestro Colegio, recordando su vida y su legado. Toda la comunidad acad\u00e9mica particip\u00f3 [&hellip;]\" \/>\n<meta property=\"og:url\" content=\"https:\/\/www.sanluisrey.edu.co\/new\/fiesta-de-nuestro-patrono-san-luis-rey\/\" \/>\n<meta property=\"og:site_name\" content=\"Colegio San Luis Rey\" \/>\n<meta property=\"article:author\" content=\"https:\/\/web.facebook.com\/sanluisreyarmenia\/?_rdc=1&amp;_rdr\" \/>\n<meta property=\"article:published_time\" content=\"2023-08-25T14:49:58+00:00\" \/>\n<meta property=\"article:modified_time\" content=\"2023-08-25T16:04:12+00:00\" \/>\n<meta property=\"og:image\" content=\"https:\/\/www.sanluisrey.edu.co\/new\/wp-content\/uploads\/2023\/08\/3-sc.jpg\" \/>\n\t<meta property=\"og:image:width\" content=\"1149\" \/>\n\t<meta property=\"og:image:height\" content=\"775\" \/>\n\t<meta property=\"og:image:type\" content=\"image\/jpeg\" \/>\n<meta name=\"author\" content=\"Colegio Franciscano San Luis Rey\" \/>\n<meta name=\"twitter:card\" content=\"summary_large_image\" \/>\n<meta name=\"twitter:creator\" content=\"@https:\/\/twitter.com\/san_luis_rey\" \/>\n<meta name=\"twitter:label1\" content=\"Escrito por\" \/>\n\t<meta name=\"twitter:data1\" content=\"Colegio Franciscano San Luis Rey\" \/>\n\t<meta name=\"twitter:label2\" content=\"Tiempo de lectura\" \/>\n\t<meta name=\"twitter:data2\" content=\"1 minuto\" \/>\n<script type=\"application\/ld+json\" class=\"yoast-schema-graph\">{\"@context\":\"https:\\\/\\\/schema.org\",\"@graph\":[{\"@type\":\"Article\",\"@id\":\"https:\\\/\\\/www.sanluisrey.edu.co\\\/new\\\/fiesta-de-nuestro-patrono-san-luis-rey\\\/#article\",\"isPartOf\":{\"@id\":\"https:\\\/\\\/www.sanluisrey.edu.co\\\/new\\\/fiesta-de-nuestro-patrono-san-luis-rey\\\/\"},\"author\":{\"name\":\"Colegio Franciscano San Luis Rey\",\"@id\":\"https:\\\/\\\/www.sanluisrey.edu.co\\\/new\\\/#\\\/schema\\\/person\\\/95c521ab3dc11c1a9bacf54769a78394\"},\"headline\":\"Fiesta de Nuestro Patrono San Luis Rey\",\"datePublished\":\"2023-08-25T14:49:58+00:00\",\"dateModified\":\"2023-08-25T16:04:12+00:00\",\"mainEntityOfPage\":{\"@id\":\"https:\\\/\\\/www.sanluisrey.edu.co\\\/new\\\/fiesta-de-nuestro-patrono-san-luis-rey\\\/\"},\"wordCount\":105,\"image\":{\"@id\":\"https:\\\/\\\/www.sanluisrey.edu.co\\\/new\\\/fiesta-de-nuestro-patrono-san-luis-rey\\\/#primaryimage\"},\"thumbnailUrl\":\"https:\\\/\\\/www.sanluisrey.edu.co\\\/new\\\/wp-content\\\/uploads\\\/2023\\\/08\\\/3-sc.jpg\",\"articleSection\":[\"Destacados\",\"Noticias\"],\"inLanguage\":\"es\"},{\"@type\":\"WebPage\",\"@id\":\"https:\\\/\\\/www.sanluisrey.edu.co\\\/new\\\/fiesta-de-nuestro-patrono-san-luis-rey\\\/\",\"url\":\"https:\\\/\\\/www.sanluisrey.edu.co\\\/new\\\/fiesta-de-nuestro-patrono-san-luis-rey\\\/\",\"name\":\"Fiesta de Nuestro Patrono San Luis Rey - Colegio San Luis Rey\",\"isPartOf\":{\"@id\":\"https:\\\/\\\/www.sanluisrey.edu.co\\\/new\\\/#website\"},\"primaryImageOfPage\":{\"@id\":\"https:\\\/\\\/www.sanluisrey.edu.co\\\/new\\\/fiesta-de-nuestro-patrono-san-luis-rey\\\/#primaryimage\"},\"image\":{\"@id\":\"https:\\\/\\\/www.sanluisrey.edu.co\\\/new\\\/fiesta-de-nuestro-patrono-san-luis-rey\\\/#primaryimage\"},\"thumbnailUrl\":\"https:\\\/\\\/www.sanluisrey.edu.co\\\/new\\\/wp-content\\\/uploads\\\/2023\\\/08\\\/3-sc.jpg\",\"datePublished\":\"2023-08-25T14:49:58+00:00\",\"dateModified\":\"2023-08-25T16:04:12+00:00\",\"author\":{\"@id\":\"https:\\\/\\\/www.sanluisrey.edu.co\\\/new\\\/#\\\/schema\\\/person\\\/95c521ab3dc11c1a9bacf54769a78394\"},\"breadcrumb\":{\"@id\":\"https:\\\/\\\/www.sanluisrey.edu.co\\\/new\\\/fiesta-de-nuestro-patrono-san-luis-rey\\\/#breadcrumb\"},\"inLanguage\":\"es\",\"potentialAction\":[{\"@type\":\"ReadAction\",\"target\":[\"https:\\\/\\\/www.sanluisrey.edu.co\\\/new\\\/fiesta-de-nuestro-patrono-san-luis-rey\\\/\"]}]},{\"@type\":\"ImageObject\",\"inLanguage\":\"es\",\"@id\":\"https:\\\/\\\/www.sanluisrey.edu.co\\\/new\\\/fiesta-de-nuestro-patrono-san-luis-rey\\\/#primaryimage\",\"url\":\"https:\\\/\\\/www.sanluisrey.edu.co\\\/new\\\/wp-content\\\/uploads\\\/2023\\\/08\\\/3-sc.jpg\",\"contentUrl\":\"https:\\\/\\\/www.sanluisrey.edu.co\\\/new\\\/wp-content\\\/uploads\\\/2023\\\/08\\\/3-sc.jpg\",\"width\":1149,\"height\":775},{\"@type\":\"BreadcrumbList\",\"@id\":\"https:\\\/\\\/www.sanluisrey.edu.co\\\/new\\\/fiesta-de-nuestro-patrono-san-luis-rey\\\/#breadcrumb\",\"itemListElement\":[{\"@type\":\"ListItem\",\"position\":1,\"name\":\"Home\",\"item\":\"https:\\\/\\\/www.sanluisrey.edu.co\\\/new\\\/\"},{\"@type\":\"ListItem\",\"position\":2,\"name\":\"Fiesta de Nuestro Patrono San Luis Rey\"}]},{\"@type\":\"WebSite\",\"@id\":\"https:\\\/\\\/www.sanluisrey.edu.co\\\/new\\\/#website\",\"url\":\"https:\\\/\\\/www.sanluisrey.edu.co\\\/new\\\/\",\"name\":\"Colegio San Luis Rey\",\"description\":\"Comunidad Franciscana Provincia de la Santa Fe\",\"potentialAction\":[{\"@type\":\"SearchAction\",\"target\":{\"@type\":\"EntryPoint\",\"urlTemplate\":\"https:\\\/\\\/www.sanluisrey.edu.co\\\/new\\\/?s={search_term_string}\"},\"query-input\":{\"@type\":\"PropertyValueSpecification\",\"valueRequired\":true,\"valueName\":\"search_term_string\"}}],\"inLanguage\":\"es\"},{\"@type\":\"Person\",\"@id\":\"https:\\\/\\\/www.sanluisrey.edu.co\\\/new\\\/#\\\/schema\\\/person\\\/95c521ab3dc11c1a9bacf54769a78394\",\"name\":\"Colegio Franciscano San Luis Rey\",\"image\":{\"@type\":\"ImageObject\",\"inLanguage\":\"es\",\"@id\":\"https:\\\/\\\/secure.gravatar.com\\\/avatar\\\/fe07d4fe7d07e705f3dcebbfb00bd721c65e9deca5b80342bbf641330ea86b26?s=96&d=mm&r=g\",\"url\":\"https:\\\/\\\/secure.gravatar.com\\\/avatar\\\/fe07d4fe7d07e705f3dcebbfb00bd721c65e9deca5b80342bbf641330ea86b26?s=96&d=mm&r=g\",\"contentUrl\":\"https:\\\/\\\/secure.gravatar.com\\\/avatar\\\/fe07d4fe7d07e705f3dcebbfb00bd721c65e9deca5b80342bbf641330ea86b26?s=96&d=mm&r=g\",\"caption\":\"Colegio Franciscano San Luis Rey\"},\"sameAs\":[\"https:\\\/\\\/www.sanluisrey.edu.co\",\"https:\\\/\\\/web.facebook.com\\\/sanluisreyarmenia\\\/?_rdc=1&_rdr\",\"https:\\\/\\\/www.instagram.com\\\/colegiofranciscanosanluisrey\\\/\",\"https:\\\/\\\/x.com\\\/https:\\\/\\\/twitter.com\\\/san_luis_rey\",\"https:\\\/\\\/www.youtube.com\\\/user\\\/colegiosanluisrey\\\/\"],\"url\":\"https:\\\/\\\/www.sanluisrey.edu.co\\\/new\\\/author\\\/adminrey\\\/\"}]}<\/script>\n<!-- \/ Yoast SEO plugin. -->","yoast_head_json":{"title":"Fiesta de Nuestro Patrono San Luis Rey - Colegio San Luis Rey","robots":{"index":"index","follow":"follow","max-snippet":"max-snippet:-1","max-image-preview":"max-image-preview:large","max-video-preview":"max-video-preview:-1"},"canonical":"https:\/\/www.sanluisrey.edu.co\/new\/fiesta-de-nuestro-patrono-san-luis-rey\/","og_locale":"es_ES","og_type":"article","og_title":"Fiesta de Nuestro Patrono San Luis Rey - Colegio San Luis Rey","og_description":"En conmemoraci\u00f3n de la festividad de San Luis Rey de Francia, se realiz\u00f3 una solemne ceremonia en el Coliseo Hermano David de nuestro colegio, con este evento religioso se rindi\u00f3 homenaje al Patr\u00f3n de Francia y de Nuestro Colegio, recordando su vida y su legado. Toda la comunidad acad\u00e9mica particip\u00f3 [&hellip;]","og_url":"https:\/\/www.sanluisrey.edu.co\/new\/fiesta-de-nuestro-patrono-san-luis-rey\/","og_site_name":"Colegio San Luis Rey","article_author":"https:\/\/web.facebook.com\/sanluisreyarmenia\/?_rdc=1&_rdr","article_published_time":"2023-08-25T14:49:58+00:00","article_modified_time":"2023-08-25T16:04:12+00:00","og_image":[{"width":1149,"height":775,"url":"https:\/\/www.sanluisrey.edu.co\/new\/wp-content\/uploads\/2023\/08\/3-sc.jpg","type":"image\/jpeg"}],"author":"Colegio Franciscano San Luis Rey","twitter_card":"summary_large_image","twitter_creator":"@https:\/\/twitter.com\/san_luis_rey","twitter_misc":{"Escrito por":"Colegio Franciscano San Luis Rey","Tiempo de lectura":"1 minuto"},"schema":{"@context":"https:\/\/schema.org","@graph":[{"@type":"Article","@id":"https:\/\/www.sanluisrey.edu.co\/new\/fiesta-de-nuestro-patrono-san-luis-rey\/#article","isPartOf":{"@id":"https:\/\/www.sanluisrey.edu.co\/new\/fiesta-de-nuestro-patrono-san-luis-rey\/"},"author":{"name":"Colegio Franciscano San Luis Rey","@id":"https:\/\/www.sanluisrey.edu.co\/new\/#\/schema\/person\/95c521ab3dc11c1a9bacf54769a78394"},"headline":"Fiesta de Nuestro Patrono San Luis Rey","datePublished":"2023-08-25T14:49:58+00:00","dateModified":"2023-08-25T16:04:12+00:00","mainEntityOfPage":{"@id":"https:\/\/www.sanluisrey.edu.co\/new\/fiesta-de-nuestro-patrono-san-luis-rey\/"},"wordCount":105,"image":{"@id":"https:\/\/www.sanluisrey.edu.co\/new\/fiesta-de-nuestro-patrono-san-luis-rey\/#primaryimage"},"thumbnailUrl":"https:\/\/www.sanluisrey.edu.co\/new\/wp-content\/uploads\/2023\/08\/3-sc.jpg","articleSection":["Destacados","Noticias"],"inLanguage":"es"},{"@type":"WebPage","@id":"https:\/\/www.sanluisrey.edu.co\/new\/fiesta-de-nuestro-patrono-san-luis-rey\/","url":"https:\/\/www.sanluisrey.edu.co\/new\/fiesta-de-nuestro-patrono-san-luis-rey\/","name":"Fiesta de Nuestro Patrono San Luis Rey - Colegio San Luis Rey","isPartOf":{"@id":"https:\/\/www.sanluisrey.edu.co\/new\/#website"},"primaryImageOfPage":{"@id":"https:\/\/www.sanluisrey.edu.co\/new\/fiesta-de-nuestro-patrono-san-luis-rey\/#primaryimage"},"image":{"@id":"https:\/\/www.sanluisrey.edu.co\/new\/fiesta-de-nuestro-patrono-san-luis-rey\/#primaryimage"},"thumbnailUrl":"https:\/\/www.sanluisrey.edu.co\/new\/wp-content\/uploads\/2023\/08\/3-sc.jpg","datePublished":"2023-08-25T14:49:58+00:00","dateModified":"2023-08-25T16:04:12+00:00","author":{"@id":"https:\/\/www.sanluisrey.edu.co\/new\/#\/schema\/person\/95c521ab3dc11c1a9bacf54769a78394"},"breadcrumb":{"@id":"https:\/\/www.sanluisrey.edu.co\/new\/fiesta-de-nuestro-patrono-san-luis-rey\/#breadcrumb"},"inLanguage":"es","potentialAction":[{"@type":"ReadAction","target":["https:\/\/www.sanluisrey.edu.co\/new\/fiesta-de-nuestro-patrono-san-luis-rey\/"]}]},{"@type":"ImageObject","inLanguage":"es","@id":"https:\/\/www.sanluisrey.edu.co\/new\/fiesta-de-nuestro-patrono-san-luis-rey\/#primaryimage","url":"https:\/\/www.sanluisrey.edu.co\/new\/wp-content\/uploads\/2023\/08\/3-sc.jpg","contentUrl":"https:\/\/www.sanluisrey.edu.co\/new\/wp-content\/uploads\/2023\/08\/3-sc.jpg","width":1149,"height":775},{"@type":"BreadcrumbList","@id":"https:\/\/www.sanluisrey.edu.co\/new\/fiesta-de-nuestro-patrono-san-luis-rey\/#breadcrumb","itemListElement":[{"@type":"ListItem","position":1,"name":"Home","item":"https:\/\/www.sanluisrey.edu.co\/new\/"},{"@type":"ListItem","position":2,"name":"Fiesta de Nuestro Patrono San Luis Rey"}]},{"@type":"WebSite","@id":"https:\/\/www.sanluisrey.edu.co\/new\/#website","url":"https:\/\/www.sanluisrey.edu.co\/new\/","name":"Colegio San Luis Rey","description":"Comunidad Franciscana Provincia de la Santa Fe","potentialAction":[{"@type":"SearchAction","target":{"@type":"EntryPoint","urlTemplate":"https:\/\/www.sanluisrey.edu.co\/new\/?s={search_term_string}"},"query-input":{"@type":"PropertyValueSpecification","valueRequired":true,"valueName":"search_term_string"}}],"inLanguage":"es"},{"@type":"Person","@id":"https:\/\/www.sanluisrey.edu.co\/new\/#\/schema\/person\/95c521ab3dc11c1a9bacf54769a78394","name":"Colegio Franciscano San Luis Rey","image":{"@type":"ImageObject","inLanguage":"es","@id":"https:\/\/secure.gravatar.com\/avatar\/fe07d4fe7d07e705f3dcebbfb00bd721c65e9deca5b80342bbf641330ea86b26?s=96&d=mm&r=g","url":"https:\/\/secure.gravatar.com\/avatar\/fe07d4fe7d07e705f3dcebbfb00bd721c65e9deca5b80342bbf641330ea86b26?s=96&d=mm&r=g","contentUrl":"https:\/\/secure.gravatar.com\/avatar\/fe07d4fe7d07e705f3dcebbfb00bd721c65e9deca5b80342bbf641330ea86b26?s=96&d=mm&r=g","caption":"Colegio Franciscano San Luis Rey"},"sameAs":["https:\/\/www.sanluisrey.edu.co","https:\/\/web.facebook.com\/sanluisreyarmenia\/?_rdc=1&_rdr","https:\/\/www.instagram.com\/colegiofranciscanosanluisrey\/","https:\/\/x.com\/https:\/\/twitter.com\/san_luis_rey","https:\/\/www.youtube.com\/user\/colegiosanluisrey\/"],"url":"https:\/\/www.sanluisrey.edu.co\/new\/author\/adminrey\/"}]}},"jetpack_featured_media_url":"https:\/\/www.sanluisrey.edu.co\/new\/wp-content\/uploads\/2023\/08\/3-sc.jpg","jetpack_sharing_enabled":true,"_links":{"self":[{"href":"https:\/\/www.sanluisrey.edu.co\/new\/wp-json\/wp\/v2\/posts\/14454","targetHints":{"allow":["GET"]}}],"collection":[{"href":"https:\/\/www.sanluisrey.edu.co\/new\/wp-json\/wp\/v2\/posts"}],"about":[{"href":"https:\/\/www.sanluisrey.edu.co\/new\/wp-json\/wp\/v2\/types\/post"}],"author":[{"embeddable":true,"href":"https:\/\/www.sanluisrey.edu.co\/new\/wp-json\/wp\/v2\/users\/1"}],"replies":[{"embeddable":true,"href":"https:\/\/www.sanluisrey.edu.co\/new\/wp-json\/wp\/v2\/comments?post=14454"}],"version-history":[{"count":2,"href":"https:\/\/www.sanluisrey.edu.co\/new\/wp-json\/wp\/v2\/posts\/14454\/revisions"}],"predecessor-version":[{"id":14456,"href":"https:\/\/www.sanluisrey.edu.co\/new\/wp-json\/wp\/v2\/posts\/14454\/revisions\/14456"}],"wp:featuredmedia":[{"embeddable":true,"href":"https:\/\/www.sanluisrey.edu.co\/new\/wp-json\/wp\/v2\/media\/14441"}],"wp:attachment":[{"href":"https:\/\/www.sanluisrey.edu.co\/new\/wp-json\/wp\/v2\/media?parent=14454"}],"wp:term":[{"taxonomy":"category","embeddable":true,"href":"https:\/\/www.sanluisrey.edu.co\/new\/wp-json\/wp\/v2\/categories?post=14454"},{"taxonomy":"post_tag","embeddable":true,"href":"https:\/\/www.sanluisrey.edu.co\/new\/wp-json\/wp\/v2\/tags?post=14454"}],"curies":[{"name":"wp","href":"https:\/\/api.w.org\/{rel}","templated":true}]}}