{"id":14493,"date":"2023-09-09T09:36:31","date_gmt":"2023-09-09T14:36:31","guid":{"rendered":"https:\/\/www.sanluisrey.edu.co\/new\/?p=14493"},"modified":"2023-09-09T09:41:57","modified_gmt":"2023-09-09T14:41:57","slug":"xxiv-feria-universitaria-slr-2023","status":"publish","type":"post","link":"https:\/\/www.sanluisrey.edu.co\/new\/xxiv-feria-universitaria-slr-2023\/","title":{"rendered":"XXIV FERIA UNIVERSITARIA SLR -2023"},"content":{"rendered":"\t\t<div data-elementor-type=\"wp-post\" data-elementor-id=\"14493\" class=\"elementor elementor-14493\">\n\t\t\t\t\t\t<section class=\"elementor-section elementor-top-section elementor-element elementor-element-2f6c5e4a elementor-section-boxed elementor-section-height-default elementor-section-height-default\" data-id=\"2f6c5e4a\" data-element_type=\"section\" data-e-type=\"section\">\n\t\t\t\t\t\t<div class=\"elementor-container elementor-column-gap-default\">\n\t\t\t\t\t<div class=\"elementor-column elementor-col-100 elementor-top-column elementor-element elementor-element-7768f5f0\" data-id=\"7768f5f0\" data-element_type=\"column\" data-e-type=\"column\">\n\t\t\t<div class=\"elementor-widget-wrap elementor-element-populated\">\n\t\t\t\t\t\t<div class=\"elementor-element elementor-element-7fe496b4 elementor-widget elementor-widget-text-editor\" data-id=\"7fe496b4\" data-element_type=\"widget\" data-e-type=\"widget\" data-widget_type=\"text-editor.default\">\n\t\t\t\t<div class=\"elementor-widget-container\">\n\t\t\t\t\t\t\t\t\t<p><\/p>\n<p><strong><em>Un recorrido por las oportunidades educativas en Colombia<\/em><\/strong><\/p>\n<p><\/p>\n<p><\/p>\n<p>Nuestro Colegio <strong><em>FRANCISCANO SAN LUIS REY, <\/em><\/strong>uno de los centros educativos m\u00e1s prestigiosos de la regi\u00f3n, celebr\u00f3 la XXIV edici\u00f3n de su <strong><em>FERIA UNIVERSITARIA<\/em><\/strong>. Un evento que ha sido un faro de inspiraci\u00f3n para generaciones de estudiantes durante los \u00faltimos 24 a\u00f1os. La feria, que se llev\u00f3 a cabo el 8 de septiembre, tiene como objetivo principal brindar informaci\u00f3n detallada sobre la diversa oferta educativa en el \u00e1mbito universitario de Colombia.<\/p>\n<p><\/p>\n<p><\/p>\n<p>Desde su institucionalizaci\u00f3n hace dos d\u00e9cadas y cuatro a\u00f1os, esta feria ha sido un punto de encuentro para alumnos de \u00faltimo a\u00f1o y sus familias, quienes tienen la oportunidad de explorar una amplia gama de opciones acad\u00e9micas en un solo lugar. Durante el desarrollo del evento, los asistentes interactuaron con representantes de universidades de todo el pa\u00eds, obtener detalles sobre programas de estudio, becas, requisitos de admisi\u00f3n y mucho m\u00e1s.<\/p>\n<p><\/p>\n<p><\/p>\n<p>El evento de este a\u00f1o, cont\u00f3 con la participaci\u00f3n de m\u00e1s de 54 universidades y centros de educaci\u00f3n superior de renombre. Los visitantes adquirieron informaci\u00f3n, desde ciencias sociales hasta ingenier\u00eda, pasando por humanidades y ciencias naturales. Estas sesiones fueron impartidas por profesionales y expertos en educaci\u00f3n superior, quienes compartieron sus conocimientos y experiencias con los futuros universitarios.<\/p>\n<p><\/p>\n<p><\/p>\n<p>Nuestro Rector<strong> Fray Antonio Jos\u00e9 Grisales Arias &nbsp;&nbsp;O.F.M<\/strong>, expres\u00f3 su entusiasmo por la edici\u00f3n de este a\u00f1o de la Feria Universitaria y destac\u00f3 su importancia en la orientaci\u00f3n educativa de los estudiantes. <em>&#8220;Nuestra feria es un evento emblem\u00e1tico que brinda a nuestros estudiantes la oportunidad de tomar decisiones informadas sobre su futuro acad\u00e9mico&#8221;, coment\u00f3. &#8220;Es un momento emocionante para ellos, y estamos orgullosos de ser parte de este proceso crucial en sus vidas\u201d<\/em><\/p>\n<p><\/p>\n<p><\/p>\n<p>Gracias a todos los asistentes por hacer parte de esta convocatoria.<\/p><p>Desde ahora los esperamos para la gran celebraci\u00f3n de los 25 a\u00f1os de este gran evento.<\/p>\n<p><\/p>\t\t\t\t\t\t\t\t<\/div>\n\t\t\t\t<\/div>\n\t\t\t\t\t<\/div>\n\t\t<\/div>\n\t\t\t\t\t<\/div>\n\t\t<\/section>\n\t\t\t\t<\/div>\n\t\t","protected":false},"excerpt":{"rendered":"<p>Un recorrido por las oportunidades educativas en Colombia Nuestro Colegio FRANCISCANO SAN LUIS REY, uno de los centros educativos m\u00e1s prestigiosos de la regi\u00f3n, celebr\u00f3 la XXIV edici\u00f3n de su FERIA UNIVERSITARIA. Un evento que ha sido un faro de inspiraci\u00f3n para generaciones de estudiantes durante los \u00faltimos 24 a\u00f1os. [&hellip;]<\/p>\n","protected":false},"author":1,"featured_media":14494,"comment_status":"closed","ping_status":"closed","sticky":false,"template":"","format":"standard","meta":{"_monsterinsights_skip_tracking":false,"_monsterinsights_sitenote_active":false,"_monsterinsights_sitenote_note":"","_monsterinsights_sitenote_category":0,"two_page_speed":[],"_jetpack_memberships_contains_paid_content":false,"footnotes":""},"categories":[8,7],"tags":[],"class_list":["post-14493","post","type-post","status-publish","format-standard","has-post-thumbnail","hentry","category-eventos","category-noticias"],"yoast_head":"<!-- This site is optimized with the Yoast SEO plugin v27.4 - https:\/\/yoast.com\/product\/yoast-seo-wordpress\/ -->\n<title>XXIV FERIA UNIVERSITARIA SLR -2023 - Colegio San Luis Rey<\/title>\n<meta name=\"robots\" content=\"index, follow, max-snippet:-1, max-image-preview:large, max-video-preview:-1\" \/>\n<link rel=\"canonical\" href=\"https:\/\/www.sanluisrey.edu.co\/new\/xxiv-feria-universitaria-slr-2023\/\" \/>\n<meta property=\"og:locale\" content=\"es_ES\" \/>\n<meta property=\"og:type\" content=\"article\" \/>\n<meta property=\"og:title\" content=\"XXIV FERIA UNIVERSITARIA SLR -2023 - Colegio San Luis Rey\" \/>\n<meta property=\"og:description\" content=\"Un recorrido por las oportunidades educativas en Colombia Nuestro Colegio FRANCISCANO SAN LUIS REY, uno de los centros educativos m\u00e1s prestigiosos de la regi\u00f3n, celebr\u00f3 la XXIV edici\u00f3n de su FERIA UNIVERSITARIA. Un evento que ha sido un faro de inspiraci\u00f3n para generaciones de estudiantes durante los \u00faltimos 24 a\u00f1os. [&hellip;]\" \/>\n<meta property=\"og:url\" content=\"https:\/\/www.sanluisrey.edu.co\/new\/xxiv-feria-universitaria-slr-2023\/\" \/>\n<meta property=\"og:site_name\" content=\"Colegio San Luis Rey\" \/>\n<meta property=\"article:author\" content=\"https:\/\/web.facebook.com\/sanluisreyarmenia\/?_rdc=1&amp;_rdr\" \/>\n<meta property=\"article:published_time\" content=\"2023-09-09T14:36:31+00:00\" \/>\n<meta property=\"article:modified_time\" content=\"2023-09-09T14:41:57+00:00\" \/>\n<meta property=\"og:image\" content=\"https:\/\/www.sanluisrey.edu.co\/new\/wp-content\/uploads\/2023\/09\/2023-FeriaU-122.jpg\" \/>\n\t<meta property=\"og:image:width\" content=\"1252\" \/>\n\t<meta property=\"og:image:height\" content=\"835\" \/>\n\t<meta property=\"og:image:type\" content=\"image\/jpeg\" \/>\n<meta name=\"author\" content=\"Colegio Franciscano San Luis Rey\" \/>\n<meta name=\"twitter:card\" content=\"summary_large_image\" \/>\n<meta name=\"twitter:creator\" content=\"@https:\/\/twitter.com\/san_luis_rey\" \/>\n<meta name=\"twitter:label1\" content=\"Escrito por\" \/>\n\t<meta name=\"twitter:data1\" content=\"Colegio Franciscano San Luis Rey\" \/>\n\t<meta name=\"twitter:label2\" content=\"Tiempo de lectura\" \/>\n\t<meta name=\"twitter:data2\" content=\"2 minutos\" \/>\n<script type=\"application\/ld+json\" class=\"yoast-schema-graph\">{\"@context\":\"https:\\\/\\\/schema.org\",\"@graph\":[{\"@type\":\"Article\",\"@id\":\"https:\\\/\\\/www.sanluisrey.edu.co\\\/new\\\/xxiv-feria-universitaria-slr-2023\\\/#article\",\"isPartOf\":{\"@id\":\"https:\\\/\\\/www.sanluisrey.edu.co\\\/new\\\/xxiv-feria-universitaria-slr-2023\\\/\"},\"author\":{\"name\":\"Colegio Franciscano San Luis Rey\",\"@id\":\"https:\\\/\\\/www.sanluisrey.edu.co\\\/new\\\/#\\\/schema\\\/person\\\/95c521ab3dc11c1a9bacf54769a78394\"},\"headline\":\"XXIV FERIA UNIVERSITARIA SLR -2023\",\"datePublished\":\"2023-09-09T14:36:31+00:00\",\"dateModified\":\"2023-09-09T14:41:57+00:00\",\"mainEntityOfPage\":{\"@id\":\"https:\\\/\\\/www.sanluisrey.edu.co\\\/new\\\/xxiv-feria-universitaria-slr-2023\\\/\"},\"wordCount\":339,\"image\":{\"@id\":\"https:\\\/\\\/www.sanluisrey.edu.co\\\/new\\\/xxiv-feria-universitaria-slr-2023\\\/#primaryimage\"},\"thumbnailUrl\":\"https:\\\/\\\/www.sanluisrey.edu.co\\\/new\\\/wp-content\\\/uploads\\\/2023\\\/09\\\/2023-FeriaU-122.jpg\",\"articleSection\":[\"Eventos\",\"Noticias\"],\"inLanguage\":\"es\"},{\"@type\":\"WebPage\",\"@id\":\"https:\\\/\\\/www.sanluisrey.edu.co\\\/new\\\/xxiv-feria-universitaria-slr-2023\\\/\",\"url\":\"https:\\\/\\\/www.sanluisrey.edu.co\\\/new\\\/xxiv-feria-universitaria-slr-2023\\\/\",\"name\":\"XXIV FERIA UNIVERSITARIA SLR -2023 - Colegio San Luis Rey\",\"isPartOf\":{\"@id\":\"https:\\\/\\\/www.sanluisrey.edu.co\\\/new\\\/#website\"},\"primaryImageOfPage\":{\"@id\":\"https:\\\/\\\/www.sanluisrey.edu.co\\\/new\\\/xxiv-feria-universitaria-slr-2023\\\/#primaryimage\"},\"image\":{\"@id\":\"https:\\\/\\\/www.sanluisrey.edu.co\\\/new\\\/xxiv-feria-universitaria-slr-2023\\\/#primaryimage\"},\"thumbnailUrl\":\"https:\\\/\\\/www.sanluisrey.edu.co\\\/new\\\/wp-content\\\/uploads\\\/2023\\\/09\\\/2023-FeriaU-122.jpg\",\"datePublished\":\"2023-09-09T14:36:31+00:00\",\"dateModified\":\"2023-09-09T14:41:57+00:00\",\"author\":{\"@id\":\"https:\\\/\\\/www.sanluisrey.edu.co\\\/new\\\/#\\\/schema\\\/person\\\/95c521ab3dc11c1a9bacf54769a78394\"},\"breadcrumb\":{\"@id\":\"https:\\\/\\\/www.sanluisrey.edu.co\\\/new\\\/xxiv-feria-universitaria-slr-2023\\\/#breadcrumb\"},\"inLanguage\":\"es\",\"potentialAction\":[{\"@type\":\"ReadAction\",\"target\":[\"https:\\\/\\\/www.sanluisrey.edu.co\\\/new\\\/xxiv-feria-universitaria-slr-2023\\\/\"]}]},{\"@type\":\"ImageObject\",\"inLanguage\":\"es\",\"@id\":\"https:\\\/\\\/www.sanluisrey.edu.co\\\/new\\\/xxiv-feria-universitaria-slr-2023\\\/#primaryimage\",\"url\":\"https:\\\/\\\/www.sanluisrey.edu.co\\\/new\\\/wp-content\\\/uploads\\\/2023\\\/09\\\/2023-FeriaU-122.jpg\",\"contentUrl\":\"https:\\\/\\\/www.sanluisrey.edu.co\\\/new\\\/wp-content\\\/uploads\\\/2023\\\/09\\\/2023-FeriaU-122.jpg\",\"width\":1252,\"height\":835},{\"@type\":\"BreadcrumbList\",\"@id\":\"https:\\\/\\\/www.sanluisrey.edu.co\\\/new\\\/xxiv-feria-universitaria-slr-2023\\\/#breadcrumb\",\"itemListElement\":[{\"@type\":\"ListItem\",\"position\":1,\"name\":\"Home\",\"item\":\"https:\\\/\\\/www.sanluisrey.edu.co\\\/new\\\/\"},{\"@type\":\"ListItem\",\"position\":2,\"name\":\"XXIV FERIA UNIVERSITARIA SLR -2023\"}]},{\"@type\":\"WebSite\",\"@id\":\"https:\\\/\\\/www.sanluisrey.edu.co\\\/new\\\/#website\",\"url\":\"https:\\\/\\\/www.sanluisrey.edu.co\\\/new\\\/\",\"name\":\"Colegio San Luis Rey\",\"description\":\"Comunidad Franciscana Provincia de la Santa Fe\",\"potentialAction\":[{\"@type\":\"SearchAction\",\"target\":{\"@type\":\"EntryPoint\",\"urlTemplate\":\"https:\\\/\\\/www.sanluisrey.edu.co\\\/new\\\/?s={search_term_string}\"},\"query-input\":{\"@type\":\"PropertyValueSpecification\",\"valueRequired\":true,\"valueName\":\"search_term_string\"}}],\"inLanguage\":\"es\"},{\"@type\":\"Person\",\"@id\":\"https:\\\/\\\/www.sanluisrey.edu.co\\\/new\\\/#\\\/schema\\\/person\\\/95c521ab3dc11c1a9bacf54769a78394\",\"name\":\"Colegio Franciscano San Luis Rey\",\"image\":{\"@type\":\"ImageObject\",\"inLanguage\":\"es\",\"@id\":\"https:\\\/\\\/secure.gravatar.com\\\/avatar\\\/fe07d4fe7d07e705f3dcebbfb00bd721c65e9deca5b80342bbf641330ea86b26?s=96&d=mm&r=g\",\"url\":\"https:\\\/\\\/secure.gravatar.com\\\/avatar\\\/fe07d4fe7d07e705f3dcebbfb00bd721c65e9deca5b80342bbf641330ea86b26?s=96&d=mm&r=g\",\"contentUrl\":\"https:\\\/\\\/secure.gravatar.com\\\/avatar\\\/fe07d4fe7d07e705f3dcebbfb00bd721c65e9deca5b80342bbf641330ea86b26?s=96&d=mm&r=g\",\"caption\":\"Colegio Franciscano San Luis Rey\"},\"sameAs\":[\"https:\\\/\\\/www.sanluisrey.edu.co\",\"https:\\\/\\\/web.facebook.com\\\/sanluisreyarmenia\\\/?_rdc=1&_rdr\",\"https:\\\/\\\/www.instagram.com\\\/colegiofranciscanosanluisrey\\\/\",\"https:\\\/\\\/x.com\\\/https:\\\/\\\/twitter.com\\\/san_luis_rey\",\"https:\\\/\\\/www.youtube.com\\\/user\\\/colegiosanluisrey\\\/\"],\"url\":\"https:\\\/\\\/www.sanluisrey.edu.co\\\/new\\\/author\\\/adminrey\\\/\"}]}<\/script>\n<!-- \/ Yoast SEO plugin. -->","yoast_head_json":{"title":"XXIV FERIA UNIVERSITARIA SLR -2023 - Colegio San Luis Rey","robots":{"index":"index","follow":"follow","max-snippet":"max-snippet:-1","max-image-preview":"max-image-preview:large","max-video-preview":"max-video-preview:-1"},"canonical":"https:\/\/www.sanluisrey.edu.co\/new\/xxiv-feria-universitaria-slr-2023\/","og_locale":"es_ES","og_type":"article","og_title":"XXIV FERIA UNIVERSITARIA SLR -2023 - Colegio San Luis Rey","og_description":"Un recorrido por las oportunidades educativas en Colombia Nuestro Colegio FRANCISCANO SAN LUIS REY, uno de los centros educativos m\u00e1s prestigiosos de la regi\u00f3n, celebr\u00f3 la XXIV edici\u00f3n de su FERIA UNIVERSITARIA. Un evento que ha sido un faro de inspiraci\u00f3n para generaciones de estudiantes durante los \u00faltimos 24 a\u00f1os. [&hellip;]","og_url":"https:\/\/www.sanluisrey.edu.co\/new\/xxiv-feria-universitaria-slr-2023\/","og_site_name":"Colegio San Luis Rey","article_author":"https:\/\/web.facebook.com\/sanluisreyarmenia\/?_rdc=1&_rdr","article_published_time":"2023-09-09T14:36:31+00:00","article_modified_time":"2023-09-09T14:41:57+00:00","og_image":[{"width":1252,"height":835,"url":"https:\/\/www.sanluisrey.edu.co\/new\/wp-content\/uploads\/2023\/09\/2023-FeriaU-122.jpg","type":"image\/jpeg"}],"author":"Colegio Franciscano San Luis Rey","twitter_card":"summary_large_image","twitter_creator":"@https:\/\/twitter.com\/san_luis_rey","twitter_misc":{"Escrito por":"Colegio Franciscano San Luis Rey","Tiempo de lectura":"2 minutos"},"schema":{"@context":"https:\/\/schema.org","@graph":[{"@type":"Article","@id":"https:\/\/www.sanluisrey.edu.co\/new\/xxiv-feria-universitaria-slr-2023\/#article","isPartOf":{"@id":"https:\/\/www.sanluisrey.edu.co\/new\/xxiv-feria-universitaria-slr-2023\/"},"author":{"name":"Colegio Franciscano San Luis Rey","@id":"https:\/\/www.sanluisrey.edu.co\/new\/#\/schema\/person\/95c521ab3dc11c1a9bacf54769a78394"},"headline":"XXIV FERIA UNIVERSITARIA SLR -2023","datePublished":"2023-09-09T14:36:31+00:00","dateModified":"2023-09-09T14:41:57+00:00","mainEntityOfPage":{"@id":"https:\/\/www.sanluisrey.edu.co\/new\/xxiv-feria-universitaria-slr-2023\/"},"wordCount":339,"image":{"@id":"https:\/\/www.sanluisrey.edu.co\/new\/xxiv-feria-universitaria-slr-2023\/#primaryimage"},"thumbnailUrl":"https:\/\/www.sanluisrey.edu.co\/new\/wp-content\/uploads\/2023\/09\/2023-FeriaU-122.jpg","articleSection":["Eventos","Noticias"],"inLanguage":"es"},{"@type":"WebPage","@id":"https:\/\/www.sanluisrey.edu.co\/new\/xxiv-feria-universitaria-slr-2023\/","url":"https:\/\/www.sanluisrey.edu.co\/new\/xxiv-feria-universitaria-slr-2023\/","name":"XXIV FERIA UNIVERSITARIA SLR -2023 - Colegio San Luis Rey","isPartOf":{"@id":"https:\/\/www.sanluisrey.edu.co\/new\/#website"},"primaryImageOfPage":{"@id":"https:\/\/www.sanluisrey.edu.co\/new\/xxiv-feria-universitaria-slr-2023\/#primaryimage"},"image":{"@id":"https:\/\/www.sanluisrey.edu.co\/new\/xxiv-feria-universitaria-slr-2023\/#primaryimage"},"thumbnailUrl":"https:\/\/www.sanluisrey.edu.co\/new\/wp-content\/uploads\/2023\/09\/2023-FeriaU-122.jpg","datePublished":"2023-09-09T14:36:31+00:00","dateModified":"2023-09-09T14:41:57+00:00","author":{"@id":"https:\/\/www.sanluisrey.edu.co\/new\/#\/schema\/person\/95c521ab3dc11c1a9bacf54769a78394"},"breadcrumb":{"@id":"https:\/\/www.sanluisrey.edu.co\/new\/xxiv-feria-universitaria-slr-2023\/#breadcrumb"},"inLanguage":"es","potentialAction":[{"@type":"ReadAction","target":["https:\/\/www.sanluisrey.edu.co\/new\/xxiv-feria-universitaria-slr-2023\/"]}]},{"@type":"ImageObject","inLanguage":"es","@id":"https:\/\/www.sanluisrey.edu.co\/new\/xxiv-feria-universitaria-slr-2023\/#primaryimage","url":"https:\/\/www.sanluisrey.edu.co\/new\/wp-content\/uploads\/2023\/09\/2023-FeriaU-122.jpg","contentUrl":"https:\/\/www.sanluisrey.edu.co\/new\/wp-content\/uploads\/2023\/09\/2023-FeriaU-122.jpg","width":1252,"height":835},{"@type":"BreadcrumbList","@id":"https:\/\/www.sanluisrey.edu.co\/new\/xxiv-feria-universitaria-slr-2023\/#breadcrumb","itemListElement":[{"@type":"ListItem","position":1,"name":"Home","item":"https:\/\/www.sanluisrey.edu.co\/new\/"},{"@type":"ListItem","position":2,"name":"XXIV FERIA UNIVERSITARIA SLR -2023"}]},{"@type":"WebSite","@id":"https:\/\/www.sanluisrey.edu.co\/new\/#website","url":"https:\/\/www.sanluisrey.edu.co\/new\/","name":"Colegio San Luis Rey","description":"Comunidad Franciscana Provincia de la Santa Fe","potentialAction":[{"@type":"SearchAction","target":{"@type":"EntryPoint","urlTemplate":"https:\/\/www.sanluisrey.edu.co\/new\/?s={search_term_string}"},"query-input":{"@type":"PropertyValueSpecification","valueRequired":true,"valueName":"search_term_string"}}],"inLanguage":"es"},{"@type":"Person","@id":"https:\/\/www.sanluisrey.edu.co\/new\/#\/schema\/person\/95c521ab3dc11c1a9bacf54769a78394","name":"Colegio Franciscano San Luis Rey","image":{"@type":"ImageObject","inLanguage":"es","@id":"https:\/\/secure.gravatar.com\/avatar\/fe07d4fe7d07e705f3dcebbfb00bd721c65e9deca5b80342bbf641330ea86b26?s=96&d=mm&r=g","url":"https:\/\/secure.gravatar.com\/avatar\/fe07d4fe7d07e705f3dcebbfb00bd721c65e9deca5b80342bbf641330ea86b26?s=96&d=mm&r=g","contentUrl":"https:\/\/secure.gravatar.com\/avatar\/fe07d4fe7d07e705f3dcebbfb00bd721c65e9deca5b80342bbf641330ea86b26?s=96&d=mm&r=g","caption":"Colegio Franciscano San Luis Rey"},"sameAs":["https:\/\/www.sanluisrey.edu.co","https:\/\/web.facebook.com\/sanluisreyarmenia\/?_rdc=1&_rdr","https:\/\/www.instagram.com\/colegiofranciscanosanluisrey\/","https:\/\/x.com\/https:\/\/twitter.com\/san_luis_rey","https:\/\/www.youtube.com\/user\/colegiosanluisrey\/"],"url":"https:\/\/www.sanluisrey.edu.co\/new\/author\/adminrey\/"}]}},"jetpack_featured_media_url":"https:\/\/www.sanluisrey.edu.co\/new\/wp-content\/uploads\/2023\/09\/2023-FeriaU-122.jpg","jetpack_sharing_enabled":true,"_links":{"self":[{"href":"https:\/\/www.sanluisrey.edu.co\/new\/wp-json\/wp\/v2\/posts\/14493","targetHints":{"allow":["GET"]}}],"collection":[{"href":"https:\/\/www.sanluisrey.edu.co\/new\/wp-json\/wp\/v2\/posts"}],"about":[{"href":"https:\/\/www.sanluisrey.edu.co\/new\/wp-json\/wp\/v2\/types\/post"}],"author":[{"embeddable":true,"href":"https:\/\/www.sanluisrey.edu.co\/new\/wp-json\/wp\/v2\/users\/1"}],"replies":[{"embeddable":true,"href":"https:\/\/www.sanluisrey.edu.co\/new\/wp-json\/wp\/v2\/comments?post=14493"}],"version-history":[{"count":7,"href":"https:\/\/www.sanluisrey.edu.co\/new\/wp-json\/wp\/v2\/posts\/14493\/revisions"}],"predecessor-version":[{"id":14501,"href":"https:\/\/www.sanluisrey.edu.co\/new\/wp-json\/wp\/v2\/posts\/14493\/revisions\/14501"}],"wp:featuredmedia":[{"embeddable":true,"href":"https:\/\/www.sanluisrey.edu.co\/new\/wp-json\/wp\/v2\/media\/14494"}],"wp:attachment":[{"href":"https:\/\/www.sanluisrey.edu.co\/new\/wp-json\/wp\/v2\/media?parent=14493"}],"wp:term":[{"taxonomy":"category","embeddable":true,"href":"https:\/\/www.sanluisrey.edu.co\/new\/wp-json\/wp\/v2\/categories?post=14493"},{"taxonomy":"post_tag","embeddable":true,"href":"https:\/\/www.sanluisrey.edu.co\/new\/wp-json\/wp\/v2\/tags?post=14493"}],"curies":[{"name":"wp","href":"https:\/\/api.w.org\/{rel}","templated":true}]}}