{"id":15427,"date":"2024-02-07T08:36:14","date_gmt":"2024-02-07T13:36:14","guid":{"rendered":"https:\/\/www.sanluisrey.edu.co\/new\/?p=15427"},"modified":"2024-06-05T11:45:19","modified_gmt":"2024-06-05T16:45:19","slug":"primera-reunion-de-padres-de-familia","status":"publish","type":"post","link":"https:\/\/www.sanluisrey.edu.co\/new\/primera-reunion-de-padres-de-familia\/","title":{"rendered":"Primera Reuni\u00f3n de Padres de Familia"},"content":{"rendered":"\t\t<div data-elementor-type=\"wp-post\" data-elementor-id=\"15427\" class=\"elementor elementor-15427\">\n\t\t\t\t\t\t<section class=\"elementor-section elementor-top-section elementor-element elementor-element-7af3b2be elementor-section-boxed elementor-section-height-default elementor-section-height-default\" data-id=\"7af3b2be\" data-element_type=\"section\" data-e-type=\"section\">\n\t\t\t\t\t\t<div class=\"elementor-container elementor-column-gap-default\">\n\t\t\t\t\t<div class=\"elementor-column elementor-col-100 elementor-top-column elementor-element elementor-element-a33f32d\" data-id=\"a33f32d\" data-element_type=\"column\" data-e-type=\"column\">\n\t\t\t<div class=\"elementor-widget-wrap elementor-element-populated\">\n\t\t\t\t\t\t<div class=\"elementor-element elementor-element-3e90c947 elementor-widget elementor-widget-text-editor\" data-id=\"3e90c947\" data-element_type=\"widget\" data-e-type=\"widget\" data-widget_type=\"text-editor.default\">\n\t\t\t\t<div class=\"elementor-widget-container\">\n\t\t\t\t\t\t\t\t\t\n<p>Es con gran alegr\u00eda se llev\u00f3 a cabo la primera Asamblea de Padres de Familia del a\u00f1o 2024 el d\u00eda s\u00e1bado 2 de febrero, un encuentro significativo en el que compartimos nuestros objetivos institucionales y proyectos para este nuevo ciclo educativo en la comunidad Sanluisista.<\/p>\n\n\n\n<ol class=\"wp-block-list\" type=\"1\">\n<li>Palabras de Bienvenida y Presentaci\u00f3n de Objetivos Institucionales:<\/li>\n<\/ol>\n\n\n\n<p>Iniciamos esta asamblea con las palabras de Fray Antonio Jos\u00e9 Grisales Arias OFM, nuestro Rector, quien nos guiar\u00e1 a trav\u00e9s de los objetivos institucionales que nos proponemos alcanzar durante este a\u00f1o. Entre ellos, destacamos:<\/p>\n\n\n\n<p>1.1. Nuevas Obras en la Infraestructura: Se presentaron los proyectos de mejora y ampliaci\u00f3n de nuestras instalaciones, enfocados en proporcionar un entorno \u00f3ptimo para el aprendizaje y el desarrollo integral de nuestros estudiantes.<\/p>\n\n\n\n<p>1.2. Recordatorio del Conducto Regular: Se recuerd\u00f3 a todos los padres de familia y estudiantes la importancia de seguir el conducto regular para la atenci\u00f3n de cualquier situaci\u00f3n, garantizando un di\u00e1logo asertivo que favorezca la resoluci\u00f3n inmediata y favorable de los problemas.<\/p>\n\n\n\n<p>1.3. Inicio de Actividades Extracurriculares: Se anuncia el comienzo de diversas actividades extracurriculares, como danza, coro, banda musical, baloncesto, voleibol, nataci\u00f3n, badminton y f\u00fatbol. Las inscripciones pueden realizarse en la recepci\u00f3n del colegio y las actividades comenzar\u00e1n seg\u00fan el siguiente calendario:<\/p>\n\n\n\n<p>Inicio de extracurriculares de f\u00fatbol, nataci\u00f3n, danza, coro y banda: 5 de febrero.<\/p>\n\n\n\n<p>Inicio de extracurriculares de voleibol y baloncesto: 12 de febrero.<\/p>\n\n\n\n<p>1.4. Implementaci\u00f3n del Franc\u00e9s como Segundo Idioma: A partir de los grados de transici\u00f3n a octavo, se incorporar\u00e1 el franc\u00e9s como segundo idioma, ampliando as\u00ed las oportunidades de formaci\u00f3n ling\u00fc\u00edstica de nuestros estudiantes.<\/p>\n\n\n\n<p>1.5. Alianza Estrat\u00e9gica con la Alianza Francesa: Se ha establecido una alianza estrat\u00e9gica con la Alianza Francesa para el desarrollo de actividades extracurriculares y pr\u00f3ximamente para una inmersi\u00f3n en el extranjero, enriqueciendo as\u00ed la experiencia educativa de nuestros alumnos.<\/p>\n\n\n\n<p>1.6. Presentaci\u00f3n de la Alianza Francesa: El se\u00f1or Sebasti\u00e1n Valencia, coordinador de la Alianza Francesa, nos brindar\u00f3 informaci\u00f3n detallada sobre esta colaboraci\u00f3n y las oportunidades que ofrece a nuestros estudiantes.<\/p>\n\n\n\n<p>1.7. Intervenci\u00f3n de la Jefe de \u00c1rea de Idiomas Extranjeros: La profesora Madelene G\u00f3mez comparti\u00f3 su visi\u00f3n y estrategias para fortalecer el aprendizaje del idioma franc\u00e9s en nuestra instituci\u00f3n.<\/p>\n\n\n\n<p>1.8. Presentaci\u00f3n de Resultados Pruebas Saber 11: El docente Luis Alberto Le\u00f3n Poveda, coordinador del Pre-Icfes, ofreci\u00f3 una intervenci\u00f3n acerca de los resultados obtenidos y las estrategias para seguir mejorando en este aspecto.<\/p>\n\n\n\n<p>1.9. Implementaci\u00f3n de Rob\u00f3tica: La jefa del \u00c1rea de Tecnolog\u00eda e Inform\u00e1tica, la docente Erika Andrea Rivera Mar\u00edn, present\u00f3 el proceso de implementaci\u00f3n de la rob\u00f3tica en el a\u00f1o 2023 y los objetivos para el a\u00f1o 2024, enriqueciendo as\u00ed la formaci\u00f3n tecnol\u00f3gica de nuestros estudiantes.<\/p>\n\n\n\n<p>Adem\u00e1s, se llev\u00f3 a cabo la presentaci\u00f3n de todo el personal por \u00e1reas, con el objetivo de fortalecer el v\u00ednculo entre la comunidad educativa y el equipo de trabajo que acompa\u00f1a a los estudiantes en su proceso de aprendizaje.<\/p>\n\n\n\n<p>Agradecemos su participaci\u00f3n activa y compromiso con la educaci\u00f3n de sus hijos. Juntos, seguiremos construyendo un futuro lleno de \u00e9xitos y oportunidades para nuestros estudiantes.<\/p>\n\n\n\n<p>\u00a1Bienvenidos al a\u00f1o escolar 2024 en la comunidad Sanluisista!<\/p>\n\n\n\n<p><\/p>\n\t\t\t\t\t\t\t\t<\/div>\n\t\t\t\t<\/div>\n\t\t\t\t\t<\/div>\n\t\t<\/div>\n\t\t\t\t\t<\/div>\n\t\t<\/section>\n\t\t\t\t<section class=\"elementor-section elementor-top-section elementor-element elementor-element-40ab5c3 elementor-section-boxed elementor-section-height-default elementor-section-height-default\" data-id=\"40ab5c3\" data-element_type=\"section\" data-e-type=\"section\">\n\t\t\t\t\t\t<div class=\"elementor-container elementor-column-gap-default\">\n\t\t\t\t\t<div class=\"elementor-column elementor-col-100 elementor-top-column elementor-element elementor-element-3ca059d\" data-id=\"3ca059d\" data-element_type=\"column\" data-e-type=\"column\">\n\t\t\t<div class=\"elementor-widget-wrap elementor-element-populated\">\n\t\t\t\t\t\t<div class=\"elementor-element elementor-element-a3424aa elementor-widget elementor-widget-image-gallery\" data-id=\"a3424aa\" data-element_type=\"widget\" data-e-type=\"widget\" data-widget_type=\"image-gallery.default\">\n\t\t\t\t<div class=\"elementor-widget-container\">\n\t\t\t\t\t\t\t<div class=\"elementor-image-gallery\">\n\t\t\t\n\t\t<style type=\"text\/css\">\n\t\t\t#gallery-3 {\n\t\t\t\tmargin: auto;\n\t\t\t}\n\t\t\t#gallery-3 .gallery-item {\n\t\t\t\tfloat: left;\n\t\t\t\tmargin-top: 10px;\n\t\t\t\ttext-align: center;\n\t\t\t\twidth: 25%;\n\t\t\t}\n\t\t\t#gallery-3 img {\n\t\t\t\tborder: 2px solid #cfcfcf;\n\t\t\t}\n\t\t\t#gallery-3 .gallery-caption {\n\t\t\t\tmargin-left: 0;\n\t\t\t}\n\t\t\t\/* see gallery_shortcode() in wp-includes\/media.php *\/\n\t\t<\/style>\n\t\t<div id='gallery-3' class='gallery galleryid-15427 gallery-columns-4 gallery-size-thumbnail'><dl class='gallery-item'>\n\t\t\t<dt class='gallery-icon landscape'>\n\t\t\t\t<a data-elementor-open-lightbox=\"yes\" data-elementor-lightbox-slideshow=\"a3424aa\" data-elementor-lightbox-title=\"1 R\" data-e-action-hash=\"#elementor-action%3Aaction%3Dlightbox%26settings%3DeyJpZCI6MTU0MzIsInVybCI6Imh0dHBzOlwvXC93d3cuc2FubHVpc3JleS5lZHUuY29cL25ld1wvd3AtY29udGVudFwvdXBsb2Fkc1wvMjAyNFwvMDJcLzEtUi5qcGciLCJzbGlkZXNob3ciOiJhMzQyNGFhIn0%3D\" href='https:\/\/www.sanluisrey.edu.co\/new\/wp-content\/uploads\/2024\/02\/1-R.jpg'><img decoding=\"async\" width=\"150\" height=\"150\" data-src=\"https:\/\/www.sanluisrey.edu.co\/new\/wp-content\/uploads\/2024\/02\/1-R-150x150.jpg\" class=\"attachment-thumbnail size-thumbnail lazyload\" alt=\"\" data-srcset=\"https:\/\/www.sanluisrey.edu.co\/new\/wp-content\/uploads\/2024\/02\/1-R-150x150.jpg 150w, https:\/\/www.sanluisrey.edu.co\/new\/wp-content\/uploads\/2024\/02\/1-R-160x160.jpg 160w\" data-sizes=\"(max-width: 150px) 100vw, 150px\" src=\"data:image\/svg+xml;base64,PHN2ZyB3aWR0aD0iMSIgaGVpZ2h0PSIxIiB4bWxucz0iaHR0cDovL3d3dy53My5vcmcvMjAwMC9zdmciPjwvc3ZnPg==\" style=\"--smush-placeholder-width: 150px; --smush-placeholder-aspect-ratio: 150\/150;\" \/><\/a>\n\t\t\t<\/dt><\/dl><dl class='gallery-item'>\n\t\t\t<dt class='gallery-icon landscape'>\n\t\t\t\t<a data-elementor-open-lightbox=\"yes\" data-elementor-lightbox-slideshow=\"a3424aa\" data-elementor-lightbox-title=\"2 R\" data-e-action-hash=\"#elementor-action%3Aaction%3Dlightbox%26settings%3DeyJpZCI6MTU0MzMsInVybCI6Imh0dHBzOlwvXC93d3cuc2FubHVpc3JleS5lZHUuY29cL25ld1wvd3AtY29udGVudFwvdXBsb2Fkc1wvMjAyNFwvMDJcLzItUi0xLmpwZyIsInNsaWRlc2hvdyI6ImEzNDI0YWEifQ%3D%3D\" href='https:\/\/www.sanluisrey.edu.co\/new\/wp-content\/uploads\/2024\/02\/2-R-1.jpg'><img decoding=\"async\" width=\"150\" height=\"150\" data-src=\"https:\/\/www.sanluisrey.edu.co\/new\/wp-content\/uploads\/2024\/02\/2-R-1-150x150.jpg\" class=\"attachment-thumbnail size-thumbnail lazyload\" alt=\"\" data-srcset=\"https:\/\/www.sanluisrey.edu.co\/new\/wp-content\/uploads\/2024\/02\/2-R-1-150x150.jpg 150w, https:\/\/www.sanluisrey.edu.co\/new\/wp-content\/uploads\/2024\/02\/2-R-1-160x160.jpg 160w\" data-sizes=\"(max-width: 150px) 100vw, 150px\" src=\"data:image\/svg+xml;base64,PHN2ZyB3aWR0aD0iMSIgaGVpZ2h0PSIxIiB4bWxucz0iaHR0cDovL3d3dy53My5vcmcvMjAwMC9zdmciPjwvc3ZnPg==\" style=\"--smush-placeholder-width: 150px; --smush-placeholder-aspect-ratio: 150\/150;\" \/><\/a>\n\t\t\t<\/dt><\/dl><dl class='gallery-item'>\n\t\t\t<dt class='gallery-icon landscape'>\n\t\t\t\t<a data-elementor-open-lightbox=\"yes\" data-elementor-lightbox-slideshow=\"a3424aa\" data-elementor-lightbox-title=\"3 R\" data-e-action-hash=\"#elementor-action%3Aaction%3Dlightbox%26settings%3DeyJpZCI6MTU0MzQsInVybCI6Imh0dHBzOlwvXC93d3cuc2FubHVpc3JleS5lZHUuY29cL25ld1wvd3AtY29udGVudFwvdXBsb2Fkc1wvMjAyNFwvMDJcLzMtUi5qcGciLCJzbGlkZXNob3ciOiJhMzQyNGFhIn0%3D\" href='https:\/\/www.sanluisrey.edu.co\/new\/wp-content\/uploads\/2024\/02\/3-R.jpg'><img decoding=\"async\" width=\"150\" height=\"150\" data-src=\"https:\/\/www.sanluisrey.edu.co\/new\/wp-content\/uploads\/2024\/02\/3-R-150x150.jpg\" class=\"attachment-thumbnail size-thumbnail lazyload\" alt=\"\" data-srcset=\"https:\/\/www.sanluisrey.edu.co\/new\/wp-content\/uploads\/2024\/02\/3-R-150x150.jpg 150w, https:\/\/www.sanluisrey.edu.co\/new\/wp-content\/uploads\/2024\/02\/3-R-160x160.jpg 160w\" data-sizes=\"(max-width: 150px) 100vw, 150px\" src=\"data:image\/svg+xml;base64,PHN2ZyB3aWR0aD0iMSIgaGVpZ2h0PSIxIiB4bWxucz0iaHR0cDovL3d3dy53My5vcmcvMjAwMC9zdmciPjwvc3ZnPg==\" style=\"--smush-placeholder-width: 150px; --smush-placeholder-aspect-ratio: 150\/150;\" \/><\/a>\n\t\t\t<\/dt><\/dl><dl class='gallery-item'>\n\t\t\t<dt class='gallery-icon landscape'>\n\t\t\t\t<a data-elementor-open-lightbox=\"yes\" data-elementor-lightbox-slideshow=\"a3424aa\" data-elementor-lightbox-title=\"4 R\" data-e-action-hash=\"#elementor-action%3Aaction%3Dlightbox%26settings%3DeyJpZCI6MTU0MzUsInVybCI6Imh0dHBzOlwvXC93d3cuc2FubHVpc3JleS5lZHUuY29cL25ld1wvd3AtY29udGVudFwvdXBsb2Fkc1wvMjAyNFwvMDJcLzQtUi5qcGciLCJzbGlkZXNob3ciOiJhMzQyNGFhIn0%3D\" href='https:\/\/www.sanluisrey.edu.co\/new\/wp-content\/uploads\/2024\/02\/4-R.jpg'><img decoding=\"async\" width=\"150\" height=\"150\" data-src=\"https:\/\/www.sanluisrey.edu.co\/new\/wp-content\/uploads\/2024\/02\/4-R-150x150.jpg\" class=\"attachment-thumbnail size-thumbnail lazyload\" alt=\"\" data-srcset=\"https:\/\/www.sanluisrey.edu.co\/new\/wp-content\/uploads\/2024\/02\/4-R-150x150.jpg 150w, https:\/\/www.sanluisrey.edu.co\/new\/wp-content\/uploads\/2024\/02\/4-R-160x160.jpg 160w\" data-sizes=\"(max-width: 150px) 100vw, 150px\" src=\"data:image\/svg+xml;base64,PHN2ZyB3aWR0aD0iMSIgaGVpZ2h0PSIxIiB4bWxucz0iaHR0cDovL3d3dy53My5vcmcvMjAwMC9zdmciPjwvc3ZnPg==\" style=\"--smush-placeholder-width: 150px; --smush-placeholder-aspect-ratio: 150\/150;\" \/><\/a>\n\t\t\t<\/dt><\/dl><br style=\"clear: both\" \/><dl class='gallery-item'>\n\t\t\t<dt class='gallery-icon landscape'>\n\t\t\t\t<a data-elementor-open-lightbox=\"yes\" data-elementor-lightbox-slideshow=\"a3424aa\" data-elementor-lightbox-title=\"5 R\" data-e-action-hash=\"#elementor-action%3Aaction%3Dlightbox%26settings%3DeyJpZCI6MTU0MzYsInVybCI6Imh0dHBzOlwvXC93d3cuc2FubHVpc3JleS5lZHUuY29cL25ld1wvd3AtY29udGVudFwvdXBsb2Fkc1wvMjAyNFwvMDJcLzUtUi5qcGciLCJzbGlkZXNob3ciOiJhMzQyNGFhIn0%3D\" href='https:\/\/www.sanluisrey.edu.co\/new\/wp-content\/uploads\/2024\/02\/5-R.jpg'><img decoding=\"async\" width=\"150\" height=\"150\" data-src=\"https:\/\/www.sanluisrey.edu.co\/new\/wp-content\/uploads\/2024\/02\/5-R-150x150.jpg\" class=\"attachment-thumbnail size-thumbnail lazyload\" alt=\"\" data-srcset=\"https:\/\/www.sanluisrey.edu.co\/new\/wp-content\/uploads\/2024\/02\/5-R-150x150.jpg 150w, https:\/\/www.sanluisrey.edu.co\/new\/wp-content\/uploads\/2024\/02\/5-R-160x160.jpg 160w\" data-sizes=\"(max-width: 150px) 100vw, 150px\" src=\"data:image\/svg+xml;base64,PHN2ZyB3aWR0aD0iMSIgaGVpZ2h0PSIxIiB4bWxucz0iaHR0cDovL3d3dy53My5vcmcvMjAwMC9zdmciPjwvc3ZnPg==\" style=\"--smush-placeholder-width: 150px; --smush-placeholder-aspect-ratio: 150\/150;\" \/><\/a>\n\t\t\t<\/dt><\/dl><dl class='gallery-item'>\n\t\t\t<dt class='gallery-icon landscape'>\n\t\t\t\t<a data-elementor-open-lightbox=\"yes\" data-elementor-lightbox-slideshow=\"a3424aa\" data-elementor-lightbox-title=\"6 R\" data-e-action-hash=\"#elementor-action%3Aaction%3Dlightbox%26settings%3DeyJpZCI6MTU0MzcsInVybCI6Imh0dHBzOlwvXC93d3cuc2FubHVpc3JleS5lZHUuY29cL25ld1wvd3AtY29udGVudFwvdXBsb2Fkc1wvMjAyNFwvMDJcLzYtUi5qcGciLCJzbGlkZXNob3ciOiJhMzQyNGFhIn0%3D\" href='https:\/\/www.sanluisrey.edu.co\/new\/wp-content\/uploads\/2024\/02\/6-R.jpg'><img decoding=\"async\" width=\"150\" height=\"150\" data-src=\"https:\/\/www.sanluisrey.edu.co\/new\/wp-content\/uploads\/2024\/02\/6-R-150x150.jpg\" class=\"attachment-thumbnail size-thumbnail lazyload\" alt=\"\" data-srcset=\"https:\/\/www.sanluisrey.edu.co\/new\/wp-content\/uploads\/2024\/02\/6-R-150x150.jpg 150w, https:\/\/www.sanluisrey.edu.co\/new\/wp-content\/uploads\/2024\/02\/6-R-160x160.jpg 160w\" data-sizes=\"(max-width: 150px) 100vw, 150px\" src=\"data:image\/svg+xml;base64,PHN2ZyB3aWR0aD0iMSIgaGVpZ2h0PSIxIiB4bWxucz0iaHR0cDovL3d3dy53My5vcmcvMjAwMC9zdmciPjwvc3ZnPg==\" style=\"--smush-placeholder-width: 150px; --smush-placeholder-aspect-ratio: 150\/150;\" \/><\/a>\n\t\t\t<\/dt><\/dl><dl class='gallery-item'>\n\t\t\t<dt class='gallery-icon landscape'>\n\t\t\t\t<a data-elementor-open-lightbox=\"yes\" data-elementor-lightbox-slideshow=\"a3424aa\" data-elementor-lightbox-title=\"7 R\" data-e-action-hash=\"#elementor-action%3Aaction%3Dlightbox%26settings%3DeyJpZCI6MTU0MzgsInVybCI6Imh0dHBzOlwvXC93d3cuc2FubHVpc3JleS5lZHUuY29cL25ld1wvd3AtY29udGVudFwvdXBsb2Fkc1wvMjAyNFwvMDJcLzctUi5qcGciLCJzbGlkZXNob3ciOiJhMzQyNGFhIn0%3D\" href='https:\/\/www.sanluisrey.edu.co\/new\/wp-content\/uploads\/2024\/02\/7-R.jpg'><img decoding=\"async\" width=\"150\" height=\"150\" data-src=\"https:\/\/www.sanluisrey.edu.co\/new\/wp-content\/uploads\/2024\/02\/7-R-150x150.jpg\" class=\"attachment-thumbnail size-thumbnail lazyload\" alt=\"\" data-srcset=\"https:\/\/www.sanluisrey.edu.co\/new\/wp-content\/uploads\/2024\/02\/7-R-150x150.jpg 150w, https:\/\/www.sanluisrey.edu.co\/new\/wp-content\/uploads\/2024\/02\/7-R-160x160.jpg 160w\" data-sizes=\"(max-width: 150px) 100vw, 150px\" src=\"data:image\/svg+xml;base64,PHN2ZyB3aWR0aD0iMSIgaGVpZ2h0PSIxIiB4bWxucz0iaHR0cDovL3d3dy53My5vcmcvMjAwMC9zdmciPjwvc3ZnPg==\" style=\"--smush-placeholder-width: 150px; --smush-placeholder-aspect-ratio: 150\/150;\" \/><\/a>\n\t\t\t<\/dt><\/dl><dl class='gallery-item'>\n\t\t\t<dt class='gallery-icon landscape'>\n\t\t\t\t<a data-elementor-open-lightbox=\"yes\" data-elementor-lightbox-slideshow=\"a3424aa\" data-elementor-lightbox-title=\"8 R\" data-e-action-hash=\"#elementor-action%3Aaction%3Dlightbox%26settings%3DeyJpZCI6MTU0NDAsInVybCI6Imh0dHBzOlwvXC93d3cuc2FubHVpc3JleS5lZHUuY29cL25ld1wvd3AtY29udGVudFwvdXBsb2Fkc1wvMjAyNFwvMDJcLzgtUi5qcGciLCJzbGlkZXNob3ciOiJhMzQyNGFhIn0%3D\" href='https:\/\/www.sanluisrey.edu.co\/new\/wp-content\/uploads\/2024\/02\/8-R.jpg'><img decoding=\"async\" width=\"150\" height=\"150\" data-src=\"https:\/\/www.sanluisrey.edu.co\/new\/wp-content\/uploads\/2024\/02\/8-R-150x150.jpg\" class=\"attachment-thumbnail size-thumbnail lazyload\" alt=\"\" data-srcset=\"https:\/\/www.sanluisrey.edu.co\/new\/wp-content\/uploads\/2024\/02\/8-R-150x150.jpg 150w, https:\/\/www.sanluisrey.edu.co\/new\/wp-content\/uploads\/2024\/02\/8-R-160x160.jpg 160w\" data-sizes=\"(max-width: 150px) 100vw, 150px\" src=\"data:image\/svg+xml;base64,PHN2ZyB3aWR0aD0iMSIgaGVpZ2h0PSIxIiB4bWxucz0iaHR0cDovL3d3dy53My5vcmcvMjAwMC9zdmciPjwvc3ZnPg==\" style=\"--smush-placeholder-width: 150px; --smush-placeholder-aspect-ratio: 150\/150;\" \/><\/a>\n\t\t\t<\/dt><\/dl><br style=\"clear: both\" \/>\n\t\t<\/div>\n\t\t<\/div>\n\t\t\t\t\t\t<\/div>\n\t\t\t\t<\/div>\n\t\t\t\t\t<\/div>\n\t\t<\/div>\n\t\t\t\t\t<\/div>\n\t\t<\/section>\n\t\t\t\t<\/div>\n\t\t","protected":false},"excerpt":{"rendered":"<p>Es con gran alegr\u00eda se llev\u00f3 a cabo la primera Asamblea de Padres de Familia del a\u00f1o 2024 el d\u00eda s\u00e1bado 2 de febrero, un encuentro significativo en el que compartimos nuestros objetivos institucionales y proyectos para este nuevo ciclo educativo en la comunidad Sanluisista. Iniciamos esta asamblea con las [&hellip;]<\/p>\n","protected":false},"author":1,"featured_media":15428,"comment_status":"closed","ping_status":"closed","sticky":false,"template":"","format":"standard","meta":{"_monsterinsights_skip_tracking":false,"_monsterinsights_sitenote_active":false,"_monsterinsights_sitenote_note":"","_monsterinsights_sitenote_category":0,"two_page_speed":[],"_jetpack_memberships_contains_paid_content":false,"footnotes":""},"categories":[8,7],"tags":[],"class_list":["post-15427","post","type-post","status-publish","format-standard","has-post-thumbnail","hentry","category-eventos","category-noticias"],"yoast_head":"<!-- This site is optimized with the Yoast SEO plugin v27.4 - https:\/\/yoast.com\/product\/yoast-seo-wordpress\/ -->\n<title>Primera Reuni\u00f3n de Padres de Familia - Colegio San Luis Rey<\/title>\n<meta name=\"robots\" content=\"index, follow, max-snippet:-1, max-image-preview:large, max-video-preview:-1\" \/>\n<link rel=\"canonical\" href=\"https:\/\/www.sanluisrey.edu.co\/new\/primera-reunion-de-padres-de-familia\/\" \/>\n<meta property=\"og:locale\" content=\"es_ES\" \/>\n<meta property=\"og:type\" content=\"article\" \/>\n<meta property=\"og:title\" content=\"Primera Reuni\u00f3n de Padres de Familia - Colegio San Luis Rey\" \/>\n<meta property=\"og:description\" content=\"Es con gran alegr\u00eda se llev\u00f3 a cabo la primera Asamblea de Padres de Familia del a\u00f1o 2024 el d\u00eda s\u00e1bado 2 de febrero, un encuentro significativo en el que compartimos nuestros objetivos institucionales y proyectos para este nuevo ciclo educativo en la comunidad Sanluisista. Iniciamos esta asamblea con las [&hellip;]\" \/>\n<meta property=\"og:url\" content=\"https:\/\/www.sanluisrey.edu.co\/new\/primera-reunion-de-padres-de-familia\/\" \/>\n<meta property=\"og:site_name\" content=\"Colegio San Luis Rey\" \/>\n<meta property=\"article:author\" content=\"https:\/\/web.facebook.com\/sanluisreyarmenia\/?_rdc=1&amp;_rdr\" \/>\n<meta property=\"article:published_time\" content=\"2024-02-07T13:36:14+00:00\" \/>\n<meta property=\"article:modified_time\" content=\"2024-06-05T16:45:19+00:00\" \/>\n<meta property=\"og:image\" content=\"https:\/\/www.sanluisrey.edu.co\/new\/wp-content\/uploads\/2024\/02\/2-R-scaled.jpg\" \/>\n\t<meta property=\"og:image:width\" content=\"1920\" \/>\n\t<meta property=\"og:image:height\" content=\"1135\" \/>\n\t<meta property=\"og:image:type\" content=\"image\/jpeg\" \/>\n<meta name=\"author\" content=\"Colegio Franciscano San Luis Rey\" \/>\n<meta name=\"twitter:card\" content=\"summary_large_image\" \/>\n<meta name=\"twitter:creator\" content=\"@https:\/\/twitter.com\/san_luis_rey\" \/>\n<meta name=\"twitter:label1\" content=\"Escrito por\" \/>\n\t<meta name=\"twitter:data1\" content=\"Colegio Franciscano San Luis Rey\" \/>\n\t<meta name=\"twitter:label2\" content=\"Tiempo de lectura\" \/>\n\t<meta name=\"twitter:data2\" content=\"5 minutos\" \/>\n<script type=\"application\/ld+json\" class=\"yoast-schema-graph\">{\"@context\":\"https:\\\/\\\/schema.org\",\"@graph\":[{\"@type\":\"Article\",\"@id\":\"https:\\\/\\\/www.sanluisrey.edu.co\\\/new\\\/primera-reunion-de-padres-de-familia\\\/#article\",\"isPartOf\":{\"@id\":\"https:\\\/\\\/www.sanluisrey.edu.co\\\/new\\\/primera-reunion-de-padres-de-familia\\\/\"},\"author\":{\"name\":\"Colegio Franciscano San Luis Rey\",\"@id\":\"https:\\\/\\\/www.sanluisrey.edu.co\\\/new\\\/#\\\/schema\\\/person\\\/95c521ab3dc11c1a9bacf54769a78394\"},\"headline\":\"Primera Reuni\u00f3n de Padres de Familia\",\"datePublished\":\"2024-02-07T13:36:14+00:00\",\"dateModified\":\"2024-06-05T16:45:19+00:00\",\"mainEntityOfPage\":{\"@id\":\"https:\\\/\\\/www.sanluisrey.edu.co\\\/new\\\/primera-reunion-de-padres-de-familia\\\/\"},\"wordCount\":558,\"image\":{\"@id\":\"https:\\\/\\\/www.sanluisrey.edu.co\\\/new\\\/primera-reunion-de-padres-de-familia\\\/#primaryimage\"},\"thumbnailUrl\":\"https:\\\/\\\/www.sanluisrey.edu.co\\\/new\\\/wp-content\\\/uploads\\\/2024\\\/02\\\/2-R-scaled.jpg\",\"articleSection\":[\"Eventos\",\"Noticias\"],\"inLanguage\":\"es\"},{\"@type\":\"WebPage\",\"@id\":\"https:\\\/\\\/www.sanluisrey.edu.co\\\/new\\\/primera-reunion-de-padres-de-familia\\\/\",\"url\":\"https:\\\/\\\/www.sanluisrey.edu.co\\\/new\\\/primera-reunion-de-padres-de-familia\\\/\",\"name\":\"Primera Reuni\u00f3n de Padres de Familia - Colegio San Luis Rey\",\"isPartOf\":{\"@id\":\"https:\\\/\\\/www.sanluisrey.edu.co\\\/new\\\/#website\"},\"primaryImageOfPage\":{\"@id\":\"https:\\\/\\\/www.sanluisrey.edu.co\\\/new\\\/primera-reunion-de-padres-de-familia\\\/#primaryimage\"},\"image\":{\"@id\":\"https:\\\/\\\/www.sanluisrey.edu.co\\\/new\\\/primera-reunion-de-padres-de-familia\\\/#primaryimage\"},\"thumbnailUrl\":\"https:\\\/\\\/www.sanluisrey.edu.co\\\/new\\\/wp-content\\\/uploads\\\/2024\\\/02\\\/2-R-scaled.jpg\",\"datePublished\":\"2024-02-07T13:36:14+00:00\",\"dateModified\":\"2024-06-05T16:45:19+00:00\",\"author\":{\"@id\":\"https:\\\/\\\/www.sanluisrey.edu.co\\\/new\\\/#\\\/schema\\\/person\\\/95c521ab3dc11c1a9bacf54769a78394\"},\"breadcrumb\":{\"@id\":\"https:\\\/\\\/www.sanluisrey.edu.co\\\/new\\\/primera-reunion-de-padres-de-familia\\\/#breadcrumb\"},\"inLanguage\":\"es\",\"potentialAction\":[{\"@type\":\"ReadAction\",\"target\":[\"https:\\\/\\\/www.sanluisrey.edu.co\\\/new\\\/primera-reunion-de-padres-de-familia\\\/\"]}]},{\"@type\":\"ImageObject\",\"inLanguage\":\"es\",\"@id\":\"https:\\\/\\\/www.sanluisrey.edu.co\\\/new\\\/primera-reunion-de-padres-de-familia\\\/#primaryimage\",\"url\":\"https:\\\/\\\/www.sanluisrey.edu.co\\\/new\\\/wp-content\\\/uploads\\\/2024\\\/02\\\/2-R-scaled.jpg\",\"contentUrl\":\"https:\\\/\\\/www.sanluisrey.edu.co\\\/new\\\/wp-content\\\/uploads\\\/2024\\\/02\\\/2-R-scaled.jpg\",\"width\":1920,\"height\":1135},{\"@type\":\"BreadcrumbList\",\"@id\":\"https:\\\/\\\/www.sanluisrey.edu.co\\\/new\\\/primera-reunion-de-padres-de-familia\\\/#breadcrumb\",\"itemListElement\":[{\"@type\":\"ListItem\",\"position\":1,\"name\":\"Home\",\"item\":\"https:\\\/\\\/www.sanluisrey.edu.co\\\/new\\\/\"},{\"@type\":\"ListItem\",\"position\":2,\"name\":\"Primera Reuni\u00f3n de Padres de Familia\"}]},{\"@type\":\"WebSite\",\"@id\":\"https:\\\/\\\/www.sanluisrey.edu.co\\\/new\\\/#website\",\"url\":\"https:\\\/\\\/www.sanluisrey.edu.co\\\/new\\\/\",\"name\":\"Colegio San Luis Rey\",\"description\":\"Comunidad Franciscana Provincia de la Santa Fe\",\"potentialAction\":[{\"@type\":\"SearchAction\",\"target\":{\"@type\":\"EntryPoint\",\"urlTemplate\":\"https:\\\/\\\/www.sanluisrey.edu.co\\\/new\\\/?s={search_term_string}\"},\"query-input\":{\"@type\":\"PropertyValueSpecification\",\"valueRequired\":true,\"valueName\":\"search_term_string\"}}],\"inLanguage\":\"es\"},{\"@type\":\"Person\",\"@id\":\"https:\\\/\\\/www.sanluisrey.edu.co\\\/new\\\/#\\\/schema\\\/person\\\/95c521ab3dc11c1a9bacf54769a78394\",\"name\":\"Colegio Franciscano San Luis Rey\",\"image\":{\"@type\":\"ImageObject\",\"inLanguage\":\"es\",\"@id\":\"https:\\\/\\\/secure.gravatar.com\\\/avatar\\\/fe07d4fe7d07e705f3dcebbfb00bd721c65e9deca5b80342bbf641330ea86b26?s=96&d=mm&r=g\",\"url\":\"https:\\\/\\\/secure.gravatar.com\\\/avatar\\\/fe07d4fe7d07e705f3dcebbfb00bd721c65e9deca5b80342bbf641330ea86b26?s=96&d=mm&r=g\",\"contentUrl\":\"https:\\\/\\\/secure.gravatar.com\\\/avatar\\\/fe07d4fe7d07e705f3dcebbfb00bd721c65e9deca5b80342bbf641330ea86b26?s=96&d=mm&r=g\",\"caption\":\"Colegio Franciscano San Luis Rey\"},\"sameAs\":[\"https:\\\/\\\/www.sanluisrey.edu.co\",\"https:\\\/\\\/web.facebook.com\\\/sanluisreyarmenia\\\/?_rdc=1&_rdr\",\"https:\\\/\\\/www.instagram.com\\\/colegiofranciscanosanluisrey\\\/\",\"https:\\\/\\\/x.com\\\/https:\\\/\\\/twitter.com\\\/san_luis_rey\",\"https:\\\/\\\/www.youtube.com\\\/user\\\/colegiosanluisrey\\\/\"],\"url\":\"https:\\\/\\\/www.sanluisrey.edu.co\\\/new\\\/author\\\/adminrey\\\/\"}]}<\/script>\n<!-- \/ Yoast SEO plugin. -->","yoast_head_json":{"title":"Primera Reuni\u00f3n de Padres de Familia - Colegio San Luis Rey","robots":{"index":"index","follow":"follow","max-snippet":"max-snippet:-1","max-image-preview":"max-image-preview:large","max-video-preview":"max-video-preview:-1"},"canonical":"https:\/\/www.sanluisrey.edu.co\/new\/primera-reunion-de-padres-de-familia\/","og_locale":"es_ES","og_type":"article","og_title":"Primera Reuni\u00f3n de Padres de Familia - Colegio San Luis Rey","og_description":"Es con gran alegr\u00eda se llev\u00f3 a cabo la primera Asamblea de Padres de Familia del a\u00f1o 2024 el d\u00eda s\u00e1bado 2 de febrero, un encuentro significativo en el que compartimos nuestros objetivos institucionales y proyectos para este nuevo ciclo educativo en la comunidad Sanluisista. Iniciamos esta asamblea con las [&hellip;]","og_url":"https:\/\/www.sanluisrey.edu.co\/new\/primera-reunion-de-padres-de-familia\/","og_site_name":"Colegio San Luis Rey","article_author":"https:\/\/web.facebook.com\/sanluisreyarmenia\/?_rdc=1&_rdr","article_published_time":"2024-02-07T13:36:14+00:00","article_modified_time":"2024-06-05T16:45:19+00:00","og_image":[{"width":1920,"height":1135,"url":"https:\/\/www.sanluisrey.edu.co\/new\/wp-content\/uploads\/2024\/02\/2-R-scaled.jpg","type":"image\/jpeg"}],"author":"Colegio Franciscano San Luis Rey","twitter_card":"summary_large_image","twitter_creator":"@https:\/\/twitter.com\/san_luis_rey","twitter_misc":{"Escrito por":"Colegio Franciscano San Luis Rey","Tiempo de lectura":"5 minutos"},"schema":{"@context":"https:\/\/schema.org","@graph":[{"@type":"Article","@id":"https:\/\/www.sanluisrey.edu.co\/new\/primera-reunion-de-padres-de-familia\/#article","isPartOf":{"@id":"https:\/\/www.sanluisrey.edu.co\/new\/primera-reunion-de-padres-de-familia\/"},"author":{"name":"Colegio Franciscano San Luis Rey","@id":"https:\/\/www.sanluisrey.edu.co\/new\/#\/schema\/person\/95c521ab3dc11c1a9bacf54769a78394"},"headline":"Primera Reuni\u00f3n de Padres de Familia","datePublished":"2024-02-07T13:36:14+00:00","dateModified":"2024-06-05T16:45:19+00:00","mainEntityOfPage":{"@id":"https:\/\/www.sanluisrey.edu.co\/new\/primera-reunion-de-padres-de-familia\/"},"wordCount":558,"image":{"@id":"https:\/\/www.sanluisrey.edu.co\/new\/primera-reunion-de-padres-de-familia\/#primaryimage"},"thumbnailUrl":"https:\/\/www.sanluisrey.edu.co\/new\/wp-content\/uploads\/2024\/02\/2-R-scaled.jpg","articleSection":["Eventos","Noticias"],"inLanguage":"es"},{"@type":"WebPage","@id":"https:\/\/www.sanluisrey.edu.co\/new\/primera-reunion-de-padres-de-familia\/","url":"https:\/\/www.sanluisrey.edu.co\/new\/primera-reunion-de-padres-de-familia\/","name":"Primera Reuni\u00f3n de Padres de Familia - Colegio San Luis Rey","isPartOf":{"@id":"https:\/\/www.sanluisrey.edu.co\/new\/#website"},"primaryImageOfPage":{"@id":"https:\/\/www.sanluisrey.edu.co\/new\/primera-reunion-de-padres-de-familia\/#primaryimage"},"image":{"@id":"https:\/\/www.sanluisrey.edu.co\/new\/primera-reunion-de-padres-de-familia\/#primaryimage"},"thumbnailUrl":"https:\/\/www.sanluisrey.edu.co\/new\/wp-content\/uploads\/2024\/02\/2-R-scaled.jpg","datePublished":"2024-02-07T13:36:14+00:00","dateModified":"2024-06-05T16:45:19+00:00","author":{"@id":"https:\/\/www.sanluisrey.edu.co\/new\/#\/schema\/person\/95c521ab3dc11c1a9bacf54769a78394"},"breadcrumb":{"@id":"https:\/\/www.sanluisrey.edu.co\/new\/primera-reunion-de-padres-de-familia\/#breadcrumb"},"inLanguage":"es","potentialAction":[{"@type":"ReadAction","target":["https:\/\/www.sanluisrey.edu.co\/new\/primera-reunion-de-padres-de-familia\/"]}]},{"@type":"ImageObject","inLanguage":"es","@id":"https:\/\/www.sanluisrey.edu.co\/new\/primera-reunion-de-padres-de-familia\/#primaryimage","url":"https:\/\/www.sanluisrey.edu.co\/new\/wp-content\/uploads\/2024\/02\/2-R-scaled.jpg","contentUrl":"https:\/\/www.sanluisrey.edu.co\/new\/wp-content\/uploads\/2024\/02\/2-R-scaled.jpg","width":1920,"height":1135},{"@type":"BreadcrumbList","@id":"https:\/\/www.sanluisrey.edu.co\/new\/primera-reunion-de-padres-de-familia\/#breadcrumb","itemListElement":[{"@type":"ListItem","position":1,"name":"Home","item":"https:\/\/www.sanluisrey.edu.co\/new\/"},{"@type":"ListItem","position":2,"name":"Primera Reuni\u00f3n de Padres de Familia"}]},{"@type":"WebSite","@id":"https:\/\/www.sanluisrey.edu.co\/new\/#website","url":"https:\/\/www.sanluisrey.edu.co\/new\/","name":"Colegio San Luis Rey","description":"Comunidad Franciscana Provincia de la Santa Fe","potentialAction":[{"@type":"SearchAction","target":{"@type":"EntryPoint","urlTemplate":"https:\/\/www.sanluisrey.edu.co\/new\/?s={search_term_string}"},"query-input":{"@type":"PropertyValueSpecification","valueRequired":true,"valueName":"search_term_string"}}],"inLanguage":"es"},{"@type":"Person","@id":"https:\/\/www.sanluisrey.edu.co\/new\/#\/schema\/person\/95c521ab3dc11c1a9bacf54769a78394","name":"Colegio Franciscano San Luis Rey","image":{"@type":"ImageObject","inLanguage":"es","@id":"https:\/\/secure.gravatar.com\/avatar\/fe07d4fe7d07e705f3dcebbfb00bd721c65e9deca5b80342bbf641330ea86b26?s=96&d=mm&r=g","url":"https:\/\/secure.gravatar.com\/avatar\/fe07d4fe7d07e705f3dcebbfb00bd721c65e9deca5b80342bbf641330ea86b26?s=96&d=mm&r=g","contentUrl":"https:\/\/secure.gravatar.com\/avatar\/fe07d4fe7d07e705f3dcebbfb00bd721c65e9deca5b80342bbf641330ea86b26?s=96&d=mm&r=g","caption":"Colegio Franciscano San Luis Rey"},"sameAs":["https:\/\/www.sanluisrey.edu.co","https:\/\/web.facebook.com\/sanluisreyarmenia\/?_rdc=1&_rdr","https:\/\/www.instagram.com\/colegiofranciscanosanluisrey\/","https:\/\/x.com\/https:\/\/twitter.com\/san_luis_rey","https:\/\/www.youtube.com\/user\/colegiosanluisrey\/"],"url":"https:\/\/www.sanluisrey.edu.co\/new\/author\/adminrey\/"}]}},"jetpack_featured_media_url":"https:\/\/www.sanluisrey.edu.co\/new\/wp-content\/uploads\/2024\/02\/2-R-scaled.jpg","jetpack_sharing_enabled":true,"_links":{"self":[{"href":"https:\/\/www.sanluisrey.edu.co\/new\/wp-json\/wp\/v2\/posts\/15427","targetHints":{"allow":["GET"]}}],"collection":[{"href":"https:\/\/www.sanluisrey.edu.co\/new\/wp-json\/wp\/v2\/posts"}],"about":[{"href":"https:\/\/www.sanluisrey.edu.co\/new\/wp-json\/wp\/v2\/types\/post"}],"author":[{"embeddable":true,"href":"https:\/\/www.sanluisrey.edu.co\/new\/wp-json\/wp\/v2\/users\/1"}],"replies":[{"embeddable":true,"href":"https:\/\/www.sanluisrey.edu.co\/new\/wp-json\/wp\/v2\/comments?post=15427"}],"version-history":[{"count":7,"href":"https:\/\/www.sanluisrey.edu.co\/new\/wp-json\/wp\/v2\/posts\/15427\/revisions"}],"predecessor-version":[{"id":16440,"href":"https:\/\/www.sanluisrey.edu.co\/new\/wp-json\/wp\/v2\/posts\/15427\/revisions\/16440"}],"wp:featuredmedia":[{"embeddable":true,"href":"https:\/\/www.sanluisrey.edu.co\/new\/wp-json\/wp\/v2\/media\/15428"}],"wp:attachment":[{"href":"https:\/\/www.sanluisrey.edu.co\/new\/wp-json\/wp\/v2\/media?parent=15427"}],"wp:term":[{"taxonomy":"category","embeddable":true,"href":"https:\/\/www.sanluisrey.edu.co\/new\/wp-json\/wp\/v2\/categories?post=15427"},{"taxonomy":"post_tag","embeddable":true,"href":"https:\/\/www.sanluisrey.edu.co\/new\/wp-json\/wp\/v2\/tags?post=15427"}],"curies":[{"name":"wp","href":"https:\/\/api.w.org\/{rel}","templated":true}]}}