{"id":1605,"date":"2017-08-23T11:22:10","date_gmt":"2017-08-23T16:22:10","guid":{"rendered":"http:\/\/www.visualbit.co\/sanluis\/?p=1605"},"modified":"2020-04-23T11:24:05","modified_gmt":"2020-04-23T16:24:05","slug":"agradecimiento-de-la-comunidad-sanluisista-a-fray-manuel-munoz-giron","status":"publish","type":"post","link":"https:\/\/www.sanluisrey.edu.co\/new\/agradecimiento-de-la-comunidad-sanluisista-a-fray-manuel-munoz-giron\/","title":{"rendered":"Agradecimiento de la Comunidad Sanluisista a Fray Manuel Mu\u00f1oz Gir\u00f3n"},"content":{"rendered":"\t\t<div data-elementor-type=\"wp-post\" data-elementor-id=\"1605\" class=\"elementor elementor-1605\">\n\t\t\t\t\t\t<section class=\"elementor-section elementor-top-section elementor-element elementor-element-9e4d024 elementor-section-boxed elementor-section-height-default elementor-section-height-default\" data-id=\"9e4d024\" data-element_type=\"section\" data-e-type=\"section\">\n\t\t\t\t\t\t<div class=\"elementor-container elementor-column-gap-default\">\n\t\t\t\t\t<div class=\"elementor-column elementor-col-100 elementor-top-column elementor-element elementor-element-fe0f79a\" data-id=\"fe0f79a\" data-element_type=\"column\" data-e-type=\"column\">\n\t\t\t<div class=\"elementor-widget-wrap elementor-element-populated\">\n\t\t\t\t\t\t<div class=\"elementor-element elementor-element-e3d0590 elementor-widget elementor-widget-heading\" data-id=\"e3d0590\" data-element_type=\"widget\" data-e-type=\"widget\" data-widget_type=\"heading.default\">\n\t\t\t\t<div class=\"elementor-widget-container\">\n\t\t\t\t\t<h2 class=\"elementor-heading-title elementor-size-default\">Agradecimiento de la Comunidad Sanluisista a Fray Manuel Mu\u00f1oz Gir\u00f3n<\/h2>\t\t\t\t<\/div>\n\t\t\t\t<\/div>\n\t\t\t\t\t<\/div>\n\t\t<\/div>\n\t\t\t\t\t<\/div>\n\t\t<\/section>\n\t\t\t\t<section class=\"elementor-section elementor-top-section elementor-element elementor-element-32c8665 elementor-section-boxed elementor-section-height-default elementor-section-height-default\" data-id=\"32c8665\" data-element_type=\"section\" data-e-type=\"section\">\n\t\t\t\t\t\t<div class=\"elementor-container elementor-column-gap-default\">\n\t\t\t\t\t<div class=\"elementor-column elementor-col-100 elementor-top-column elementor-element elementor-element-060037a\" data-id=\"060037a\" data-element_type=\"column\" data-e-type=\"column\">\n\t\t\t<div class=\"elementor-widget-wrap elementor-element-populated\">\n\t\t\t\t\t\t<div class=\"elementor-element elementor-element-34cf245 elementor-widget elementor-widget-image\" data-id=\"34cf245\" data-element_type=\"widget\" data-e-type=\"widget\" data-widget_type=\"image.default\">\n\t\t\t\t<div class=\"elementor-widget-container\">\n\t\t\t\t\t\t\t\t\t\t\t\t\t\t\t<img decoding=\"async\" data-src=\"http:\/\/www.visualbit.co\/sanluis\/wp-content\/uploads\/2020\/04\/DespedidaFrayManuel-1.jpg\" title=\"\" alt=\"\" src=\"data:image\/svg+xml;base64,PHN2ZyB3aWR0aD0iMSIgaGVpZ2h0PSIxIiB4bWxucz0iaHR0cDovL3d3dy53My5vcmcvMjAwMC9zdmciPjwvc3ZnPg==\" class=\"lazyload\" \/>\t\t\t\t\t\t\t\t\t\t\t\t\t\t\t<\/div>\n\t\t\t\t<\/div>\n\t\t\t\t<div class=\"elementor-element elementor-element-191b405 elementor-widget elementor-widget-text-editor\" data-id=\"191b405\" data-element_type=\"widget\" data-e-type=\"widget\" data-widget_type=\"text-editor.default\">\n\t\t\t\t<div class=\"elementor-widget-container\">\n\t\t\t\t\t\t\t\t\t<p style=\"margin-bottom: 10px; color: #333333; font-family: natural; font-size: 17px;\">Rector encargado en el trienio de 2014-2017<\/p><p style=\"margin-bottom: 10px; color: #333333; font-family: natural; font-size: 17px;\">Un sentimiento de gratitud convoca hoy a toda la comunidad sanluisista, para proclamar al un\u00edsono con el salmista:<\/p><p style=\"margin-bottom: 10px; color: #333333; font-family: natural; font-size: 17px;\"><strong>\u201cDAD GRACIAS AL SE\u00d1OR PORQUE ES BUENO,\u00a0 PORQUE ES ETERNA SU MISERICORDIA\u201d\u00a0<\/strong>\u00a0 Salmo 106, 1<\/p><p style=\"margin-bottom: 10px; color: #333333; font-family: natural; font-size: 17px;\">Hace tres a\u00f1os nuestro colegio San Luis Rey brind\u00f3 una fraternal Bienvenida a Fray Manuel Mu\u00f1oz Gir\u00f3n, a quien recibimos con mucha disposici\u00f3n para que asumiera el liderazgo de nuestro colegio y continuara acompa\u00f1ando, desde su Gesti\u00f3n en la Alta Direcci\u00f3n, el proceso de Formaci\u00f3n Integral, que es la meta principal de esta Instituci\u00f3n. Hoy, \u00a0despu\u00e9s de tres a\u00f1os y en respuesta a un Voto de Obediencia por su condici\u00f3n religiosa, nos congregamos nuevamente para despedirlo a su nueva destino y decirle:\u00a0<strong>\u00a1GRACIAS!<\/strong>\u00a0\u00a0GRACIAS por todas las experiencias vividas como compa\u00f1eros de camino, GRACIAS por la Gesti\u00f3n que realiz\u00f3 en pro de la calidad educativa que el colegio San Luis Rey brinda a la juventud quindiana; GRACIAS por confiar en su equipo de trabajo: Coordinadores, Docentes, Administrativos, Personal de vigilancia y de Servicios generales, GRACIAS por su asertividad para enfrentar las situaciones que se presentan en la cotidianidad de una Comunidad Educativa. \u00a0GRACIAS Fray Manuel, \u00a0por su prudencia, sensatez y discreci\u00f3n que \u00a0lo caracterizaron durante su permanencia en el San Luis Rey y que \u00a0hacen de usted una persona confiable. GRACIAS porque con nosotros,\u00a0 los estudiantes sanluisista, se proyect\u00f3 como un Rector \u00a0cordial, firme, paciente, comprensivo y respetuoso.<\/p><p style=\"margin-bottom: 10px; color: #333333; font-family: natural; font-size: 17px;\">En este momento s\u00f3lo nos acompa\u00f1an sentimientos de gratitud \u00a0y los mejores deseos para que el Se\u00f1or Jes\u00fas, que lo env\u00eda a una nueva MISI\u00d3N, lo acompa\u00f1e siempre y le regale la mejor experiencia de vida y de crecimiento en la fe; por eso, a la manera de\u00a0 San Francisco de As\u00eds, \u00a0\u00a0hoy el San Luis Rey de Armenia desea<strong>:<\/strong><\/p><p style=\"margin-bottom: 10px; color: #333333; font-family: natural; font-size: 17px;\">Que el se\u00f1or te bendiga y te guarde,<\/p><p style=\"margin-bottom: 10px; color: #333333; font-family: natural; font-size: 17px;\">Te muestre su rostro y tenga misericordia de ti<\/p><p style=\"margin-bottom: 10px; color: #333333; font-family: natural; font-size: 17px;\">Te mire benignamente y te conceda la paz.<\/p><p style=\"margin-bottom: 10px; color: #333333; font-family: natural; font-size: 17px;\"><strong>\u00a0\u00a0\u00a0\u00a0\u00a0\u00a0\u00a0\u00a0\u00a0\u00a0\u00a0\u00a0\u00a0\u00a0\u00a0\u00a0 \u00a0\u00a0\u00a0\u00a0\u00a0\u00a0\u00a0\u00a0\u00a0\u00a0GRACIAS, FRAY MANUEL.<\/strong><\/p><p style=\"margin-bottom: 10px; color: #333333; font-family: natural; font-size: 17px;\"><a href=\"https:\/\/www.facebook.com\/sanluisreyarmenia\/photos\/pcb.1812973902051561\/1812973742051577\/?type=3&amp;theater\" target=\"_blank\" rel=\"noopener\" style=\"background-image: initial; background-position: initial; background-size: initial; background-repeat: initial; background-attachment: initial; background-origin: initial; background-clip: initial; color: #428bca;\">Ver fotos en facebook<\/a><\/p>\t\t\t\t\t\t\t\t<\/div>\n\t\t\t\t<\/div>\n\t\t\t\t\t<\/div>\n\t\t<\/div>\n\t\t\t\t\t<\/div>\n\t\t<\/section>\n\t\t\t\t<\/div>\n\t\t","protected":false},"excerpt":{"rendered":"<p>Agradecimiento de la Comunidad Sanluisista a Fray Manuel Mu\u00f1oz Gir\u00f3n Rector encargado en el trienio de 2014-2017 Un sentimiento de gratitud convoca hoy a toda la comunidad sanluisista, para proclamar al un\u00edsono con el salmista: \u201cDAD GRACIAS AL SE\u00d1OR PORQUE ES BUENO,\u00a0 PORQUE ES ETERNA SU MISERICORDIA\u201d\u00a0\u00a0 Salmo 106, 1 [&hellip;]<\/p>\n","protected":false},"author":1,"featured_media":0,"comment_status":"open","ping_status":"open","sticky":false,"template":"","format":"standard","meta":{"_monsterinsights_skip_tracking":false,"_monsterinsights_sitenote_active":false,"_monsterinsights_sitenote_note":"","_monsterinsights_sitenote_category":0,"two_page_speed":[],"_jetpack_memberships_contains_paid_content":false,"footnotes":""},"categories":[7],"tags":[],"class_list":["post-1605","post","type-post","status-publish","format-standard","hentry","category-noticias"],"yoast_head":"<!-- This site is optimized with the Yoast SEO plugin v27.4 - https:\/\/yoast.com\/product\/yoast-seo-wordpress\/ -->\n<title>Agradecimiento de la Comunidad Sanluisista a Fray Manuel Mu\u00f1oz Gir\u00f3n - Colegio San Luis Rey<\/title>\n<meta name=\"robots\" content=\"index, follow, max-snippet:-1, max-image-preview:large, max-video-preview:-1\" \/>\n<link rel=\"canonical\" href=\"https:\/\/www.sanluisrey.edu.co\/new\/agradecimiento-de-la-comunidad-sanluisista-a-fray-manuel-munoz-giron\/\" \/>\n<meta property=\"og:locale\" content=\"es_ES\" \/>\n<meta property=\"og:type\" content=\"article\" \/>\n<meta property=\"og:title\" content=\"Agradecimiento de la Comunidad Sanluisista a Fray Manuel Mu\u00f1oz Gir\u00f3n - Colegio San Luis Rey\" \/>\n<meta property=\"og:description\" content=\"Agradecimiento de la Comunidad Sanluisista a Fray Manuel Mu\u00f1oz Gir\u00f3n Rector encargado en el trienio de 2014-2017 Un sentimiento de gratitud convoca hoy a toda la comunidad sanluisista, para proclamar al un\u00edsono con el salmista: \u201cDAD GRACIAS AL SE\u00d1OR PORQUE ES BUENO,\u00a0 PORQUE ES ETERNA SU MISERICORDIA\u201d\u00a0\u00a0 Salmo 106, 1 [&hellip;]\" \/>\n<meta property=\"og:url\" content=\"https:\/\/www.sanluisrey.edu.co\/new\/agradecimiento-de-la-comunidad-sanluisista-a-fray-manuel-munoz-giron\/\" \/>\n<meta property=\"og:site_name\" content=\"Colegio San Luis Rey\" \/>\n<meta property=\"article:author\" content=\"https:\/\/web.facebook.com\/sanluisreyarmenia\/?_rdc=1&amp;_rdr\" \/>\n<meta property=\"article:published_time\" content=\"2017-08-23T16:22:10+00:00\" \/>\n<meta property=\"article:modified_time\" content=\"2020-04-23T16:24:05+00:00\" \/>\n<meta property=\"og:image\" content=\"http:\/\/www.visualbit.co\/sanluis\/wp-content\/uploads\/2020\/04\/DespedidaFrayManuel-1.jpg\" \/>\n<meta name=\"author\" content=\"Colegio Franciscano San Luis Rey\" \/>\n<meta name=\"twitter:card\" content=\"summary_large_image\" \/>\n<meta name=\"twitter:creator\" content=\"@https:\/\/twitter.com\/san_luis_rey\" \/>\n<meta name=\"twitter:label1\" content=\"Escrito por\" \/>\n\t<meta name=\"twitter:data1\" content=\"Colegio Franciscano San Luis Rey\" \/>\n\t<meta name=\"twitter:label2\" content=\"Tiempo de lectura\" \/>\n\t<meta name=\"twitter:data2\" content=\"2 minutos\" \/>\n<script type=\"application\/ld+json\" class=\"yoast-schema-graph\">{\"@context\":\"https:\\\/\\\/schema.org\",\"@graph\":[{\"@type\":\"Article\",\"@id\":\"https:\\\/\\\/www.sanluisrey.edu.co\\\/new\\\/agradecimiento-de-la-comunidad-sanluisista-a-fray-manuel-munoz-giron\\\/#article\",\"isPartOf\":{\"@id\":\"https:\\\/\\\/www.sanluisrey.edu.co\\\/new\\\/agradecimiento-de-la-comunidad-sanluisista-a-fray-manuel-munoz-giron\\\/\"},\"author\":{\"name\":\"Colegio Franciscano San Luis Rey\",\"@id\":\"https:\\\/\\\/www.sanluisrey.edu.co\\\/new\\\/#\\\/schema\\\/person\\\/95c521ab3dc11c1a9bacf54769a78394\"},\"headline\":\"Agradecimiento de la Comunidad Sanluisista a Fray Manuel Mu\u00f1oz Gir\u00f3n\",\"datePublished\":\"2017-08-23T16:22:10+00:00\",\"dateModified\":\"2020-04-23T16:24:05+00:00\",\"mainEntityOfPage\":{\"@id\":\"https:\\\/\\\/www.sanluisrey.edu.co\\\/new\\\/agradecimiento-de-la-comunidad-sanluisista-a-fray-manuel-munoz-giron\\\/\"},\"wordCount\":378,\"commentCount\":0,\"image\":{\"@id\":\"https:\\\/\\\/www.sanluisrey.edu.co\\\/new\\\/agradecimiento-de-la-comunidad-sanluisista-a-fray-manuel-munoz-giron\\\/#primaryimage\"},\"thumbnailUrl\":\"http:\\\/\\\/www.visualbit.co\\\/sanluis\\\/wp-content\\\/uploads\\\/2020\\\/04\\\/DespedidaFrayManuel-1.jpg\",\"articleSection\":[\"Noticias\"],\"inLanguage\":\"es\",\"potentialAction\":[{\"@type\":\"CommentAction\",\"name\":\"Comment\",\"target\":[\"https:\\\/\\\/www.sanluisrey.edu.co\\\/new\\\/agradecimiento-de-la-comunidad-sanluisista-a-fray-manuel-munoz-giron\\\/#respond\"]}]},{\"@type\":\"WebPage\",\"@id\":\"https:\\\/\\\/www.sanluisrey.edu.co\\\/new\\\/agradecimiento-de-la-comunidad-sanluisista-a-fray-manuel-munoz-giron\\\/\",\"url\":\"https:\\\/\\\/www.sanluisrey.edu.co\\\/new\\\/agradecimiento-de-la-comunidad-sanluisista-a-fray-manuel-munoz-giron\\\/\",\"name\":\"Agradecimiento de la Comunidad Sanluisista a Fray Manuel Mu\u00f1oz Gir\u00f3n - Colegio San Luis Rey\",\"isPartOf\":{\"@id\":\"https:\\\/\\\/www.sanluisrey.edu.co\\\/new\\\/#website\"},\"primaryImageOfPage\":{\"@id\":\"https:\\\/\\\/www.sanluisrey.edu.co\\\/new\\\/agradecimiento-de-la-comunidad-sanluisista-a-fray-manuel-munoz-giron\\\/#primaryimage\"},\"image\":{\"@id\":\"https:\\\/\\\/www.sanluisrey.edu.co\\\/new\\\/agradecimiento-de-la-comunidad-sanluisista-a-fray-manuel-munoz-giron\\\/#primaryimage\"},\"thumbnailUrl\":\"http:\\\/\\\/www.visualbit.co\\\/sanluis\\\/wp-content\\\/uploads\\\/2020\\\/04\\\/DespedidaFrayManuel-1.jpg\",\"datePublished\":\"2017-08-23T16:22:10+00:00\",\"dateModified\":\"2020-04-23T16:24:05+00:00\",\"author\":{\"@id\":\"https:\\\/\\\/www.sanluisrey.edu.co\\\/new\\\/#\\\/schema\\\/person\\\/95c521ab3dc11c1a9bacf54769a78394\"},\"breadcrumb\":{\"@id\":\"https:\\\/\\\/www.sanluisrey.edu.co\\\/new\\\/agradecimiento-de-la-comunidad-sanluisista-a-fray-manuel-munoz-giron\\\/#breadcrumb\"},\"inLanguage\":\"es\",\"potentialAction\":[{\"@type\":\"ReadAction\",\"target\":[\"https:\\\/\\\/www.sanluisrey.edu.co\\\/new\\\/agradecimiento-de-la-comunidad-sanluisista-a-fray-manuel-munoz-giron\\\/\"]}]},{\"@type\":\"ImageObject\",\"inLanguage\":\"es\",\"@id\":\"https:\\\/\\\/www.sanluisrey.edu.co\\\/new\\\/agradecimiento-de-la-comunidad-sanluisista-a-fray-manuel-munoz-giron\\\/#primaryimage\",\"url\":\"http:\\\/\\\/www.visualbit.co\\\/sanluis\\\/wp-content\\\/uploads\\\/2020\\\/04\\\/DespedidaFrayManuel-1.jpg\",\"contentUrl\":\"http:\\\/\\\/www.visualbit.co\\\/sanluis\\\/wp-content\\\/uploads\\\/2020\\\/04\\\/DespedidaFrayManuel-1.jpg\"},{\"@type\":\"BreadcrumbList\",\"@id\":\"https:\\\/\\\/www.sanluisrey.edu.co\\\/new\\\/agradecimiento-de-la-comunidad-sanluisista-a-fray-manuel-munoz-giron\\\/#breadcrumb\",\"itemListElement\":[{\"@type\":\"ListItem\",\"position\":1,\"name\":\"Home\",\"item\":\"https:\\\/\\\/www.sanluisrey.edu.co\\\/new\\\/\"},{\"@type\":\"ListItem\",\"position\":2,\"name\":\"Agradecimiento de la Comunidad Sanluisista a Fray Manuel Mu\u00f1oz Gir\u00f3n\"}]},{\"@type\":\"WebSite\",\"@id\":\"https:\\\/\\\/www.sanluisrey.edu.co\\\/new\\\/#website\",\"url\":\"https:\\\/\\\/www.sanluisrey.edu.co\\\/new\\\/\",\"name\":\"Colegio San Luis Rey\",\"description\":\"Comunidad Franciscana Provincia de la Santa Fe\",\"potentialAction\":[{\"@type\":\"SearchAction\",\"target\":{\"@type\":\"EntryPoint\",\"urlTemplate\":\"https:\\\/\\\/www.sanluisrey.edu.co\\\/new\\\/?s={search_term_string}\"},\"query-input\":{\"@type\":\"PropertyValueSpecification\",\"valueRequired\":true,\"valueName\":\"search_term_string\"}}],\"inLanguage\":\"es\"},{\"@type\":\"Person\",\"@id\":\"https:\\\/\\\/www.sanluisrey.edu.co\\\/new\\\/#\\\/schema\\\/person\\\/95c521ab3dc11c1a9bacf54769a78394\",\"name\":\"Colegio Franciscano San Luis Rey\",\"image\":{\"@type\":\"ImageObject\",\"inLanguage\":\"es\",\"@id\":\"https:\\\/\\\/secure.gravatar.com\\\/avatar\\\/fe07d4fe7d07e705f3dcebbfb00bd721c65e9deca5b80342bbf641330ea86b26?s=96&d=mm&r=g\",\"url\":\"https:\\\/\\\/secure.gravatar.com\\\/avatar\\\/fe07d4fe7d07e705f3dcebbfb00bd721c65e9deca5b80342bbf641330ea86b26?s=96&d=mm&r=g\",\"contentUrl\":\"https:\\\/\\\/secure.gravatar.com\\\/avatar\\\/fe07d4fe7d07e705f3dcebbfb00bd721c65e9deca5b80342bbf641330ea86b26?s=96&d=mm&r=g\",\"caption\":\"Colegio Franciscano San Luis Rey\"},\"sameAs\":[\"https:\\\/\\\/www.sanluisrey.edu.co\",\"https:\\\/\\\/web.facebook.com\\\/sanluisreyarmenia\\\/?_rdc=1&_rdr\",\"https:\\\/\\\/www.instagram.com\\\/colegiofranciscanosanluisrey\\\/\",\"https:\\\/\\\/x.com\\\/https:\\\/\\\/twitter.com\\\/san_luis_rey\",\"https:\\\/\\\/www.youtube.com\\\/user\\\/colegiosanluisrey\\\/\"],\"url\":\"https:\\\/\\\/www.sanluisrey.edu.co\\\/new\\\/author\\\/adminrey\\\/\"}]}<\/script>\n<!-- \/ Yoast SEO plugin. -->","yoast_head_json":{"title":"Agradecimiento de la Comunidad Sanluisista a Fray Manuel Mu\u00f1oz Gir\u00f3n - Colegio San Luis Rey","robots":{"index":"index","follow":"follow","max-snippet":"max-snippet:-1","max-image-preview":"max-image-preview:large","max-video-preview":"max-video-preview:-1"},"canonical":"https:\/\/www.sanluisrey.edu.co\/new\/agradecimiento-de-la-comunidad-sanluisista-a-fray-manuel-munoz-giron\/","og_locale":"es_ES","og_type":"article","og_title":"Agradecimiento de la Comunidad Sanluisista a Fray Manuel Mu\u00f1oz Gir\u00f3n - Colegio San Luis Rey","og_description":"Agradecimiento de la Comunidad Sanluisista a Fray Manuel Mu\u00f1oz Gir\u00f3n Rector encargado en el trienio de 2014-2017 Un sentimiento de gratitud convoca hoy a toda la comunidad sanluisista, para proclamar al un\u00edsono con el salmista: \u201cDAD GRACIAS AL SE\u00d1OR PORQUE ES BUENO,\u00a0 PORQUE ES ETERNA SU MISERICORDIA\u201d\u00a0\u00a0 Salmo 106, 1 [&hellip;]","og_url":"https:\/\/www.sanluisrey.edu.co\/new\/agradecimiento-de-la-comunidad-sanluisista-a-fray-manuel-munoz-giron\/","og_site_name":"Colegio San Luis Rey","article_author":"https:\/\/web.facebook.com\/sanluisreyarmenia\/?_rdc=1&_rdr","article_published_time":"2017-08-23T16:22:10+00:00","article_modified_time":"2020-04-23T16:24:05+00:00","og_image":[{"url":"http:\/\/www.visualbit.co\/sanluis\/wp-content\/uploads\/2020\/04\/DespedidaFrayManuel-1.jpg","type":"","width":"","height":""}],"author":"Colegio Franciscano San Luis Rey","twitter_card":"summary_large_image","twitter_creator":"@https:\/\/twitter.com\/san_luis_rey","twitter_misc":{"Escrito por":"Colegio Franciscano San Luis Rey","Tiempo de lectura":"2 minutos"},"schema":{"@context":"https:\/\/schema.org","@graph":[{"@type":"Article","@id":"https:\/\/www.sanluisrey.edu.co\/new\/agradecimiento-de-la-comunidad-sanluisista-a-fray-manuel-munoz-giron\/#article","isPartOf":{"@id":"https:\/\/www.sanluisrey.edu.co\/new\/agradecimiento-de-la-comunidad-sanluisista-a-fray-manuel-munoz-giron\/"},"author":{"name":"Colegio Franciscano San Luis Rey","@id":"https:\/\/www.sanluisrey.edu.co\/new\/#\/schema\/person\/95c521ab3dc11c1a9bacf54769a78394"},"headline":"Agradecimiento de la Comunidad Sanluisista a Fray Manuel Mu\u00f1oz Gir\u00f3n","datePublished":"2017-08-23T16:22:10+00:00","dateModified":"2020-04-23T16:24:05+00:00","mainEntityOfPage":{"@id":"https:\/\/www.sanluisrey.edu.co\/new\/agradecimiento-de-la-comunidad-sanluisista-a-fray-manuel-munoz-giron\/"},"wordCount":378,"commentCount":0,"image":{"@id":"https:\/\/www.sanluisrey.edu.co\/new\/agradecimiento-de-la-comunidad-sanluisista-a-fray-manuel-munoz-giron\/#primaryimage"},"thumbnailUrl":"http:\/\/www.visualbit.co\/sanluis\/wp-content\/uploads\/2020\/04\/DespedidaFrayManuel-1.jpg","articleSection":["Noticias"],"inLanguage":"es","potentialAction":[{"@type":"CommentAction","name":"Comment","target":["https:\/\/www.sanluisrey.edu.co\/new\/agradecimiento-de-la-comunidad-sanluisista-a-fray-manuel-munoz-giron\/#respond"]}]},{"@type":"WebPage","@id":"https:\/\/www.sanluisrey.edu.co\/new\/agradecimiento-de-la-comunidad-sanluisista-a-fray-manuel-munoz-giron\/","url":"https:\/\/www.sanluisrey.edu.co\/new\/agradecimiento-de-la-comunidad-sanluisista-a-fray-manuel-munoz-giron\/","name":"Agradecimiento de la Comunidad Sanluisista a Fray Manuel Mu\u00f1oz Gir\u00f3n - Colegio San Luis Rey","isPartOf":{"@id":"https:\/\/www.sanluisrey.edu.co\/new\/#website"},"primaryImageOfPage":{"@id":"https:\/\/www.sanluisrey.edu.co\/new\/agradecimiento-de-la-comunidad-sanluisista-a-fray-manuel-munoz-giron\/#primaryimage"},"image":{"@id":"https:\/\/www.sanluisrey.edu.co\/new\/agradecimiento-de-la-comunidad-sanluisista-a-fray-manuel-munoz-giron\/#primaryimage"},"thumbnailUrl":"http:\/\/www.visualbit.co\/sanluis\/wp-content\/uploads\/2020\/04\/DespedidaFrayManuel-1.jpg","datePublished":"2017-08-23T16:22:10+00:00","dateModified":"2020-04-23T16:24:05+00:00","author":{"@id":"https:\/\/www.sanluisrey.edu.co\/new\/#\/schema\/person\/95c521ab3dc11c1a9bacf54769a78394"},"breadcrumb":{"@id":"https:\/\/www.sanluisrey.edu.co\/new\/agradecimiento-de-la-comunidad-sanluisista-a-fray-manuel-munoz-giron\/#breadcrumb"},"inLanguage":"es","potentialAction":[{"@type":"ReadAction","target":["https:\/\/www.sanluisrey.edu.co\/new\/agradecimiento-de-la-comunidad-sanluisista-a-fray-manuel-munoz-giron\/"]}]},{"@type":"ImageObject","inLanguage":"es","@id":"https:\/\/www.sanluisrey.edu.co\/new\/agradecimiento-de-la-comunidad-sanluisista-a-fray-manuel-munoz-giron\/#primaryimage","url":"http:\/\/www.visualbit.co\/sanluis\/wp-content\/uploads\/2020\/04\/DespedidaFrayManuel-1.jpg","contentUrl":"http:\/\/www.visualbit.co\/sanluis\/wp-content\/uploads\/2020\/04\/DespedidaFrayManuel-1.jpg"},{"@type":"BreadcrumbList","@id":"https:\/\/www.sanluisrey.edu.co\/new\/agradecimiento-de-la-comunidad-sanluisista-a-fray-manuel-munoz-giron\/#breadcrumb","itemListElement":[{"@type":"ListItem","position":1,"name":"Home","item":"https:\/\/www.sanluisrey.edu.co\/new\/"},{"@type":"ListItem","position":2,"name":"Agradecimiento de la Comunidad Sanluisista a Fray Manuel Mu\u00f1oz Gir\u00f3n"}]},{"@type":"WebSite","@id":"https:\/\/www.sanluisrey.edu.co\/new\/#website","url":"https:\/\/www.sanluisrey.edu.co\/new\/","name":"Colegio San Luis Rey","description":"Comunidad Franciscana Provincia de la Santa Fe","potentialAction":[{"@type":"SearchAction","target":{"@type":"EntryPoint","urlTemplate":"https:\/\/www.sanluisrey.edu.co\/new\/?s={search_term_string}"},"query-input":{"@type":"PropertyValueSpecification","valueRequired":true,"valueName":"search_term_string"}}],"inLanguage":"es"},{"@type":"Person","@id":"https:\/\/www.sanluisrey.edu.co\/new\/#\/schema\/person\/95c521ab3dc11c1a9bacf54769a78394","name":"Colegio Franciscano San Luis Rey","image":{"@type":"ImageObject","inLanguage":"es","@id":"https:\/\/secure.gravatar.com\/avatar\/fe07d4fe7d07e705f3dcebbfb00bd721c65e9deca5b80342bbf641330ea86b26?s=96&d=mm&r=g","url":"https:\/\/secure.gravatar.com\/avatar\/fe07d4fe7d07e705f3dcebbfb00bd721c65e9deca5b80342bbf641330ea86b26?s=96&d=mm&r=g","contentUrl":"https:\/\/secure.gravatar.com\/avatar\/fe07d4fe7d07e705f3dcebbfb00bd721c65e9deca5b80342bbf641330ea86b26?s=96&d=mm&r=g","caption":"Colegio Franciscano San Luis Rey"},"sameAs":["https:\/\/www.sanluisrey.edu.co","https:\/\/web.facebook.com\/sanluisreyarmenia\/?_rdc=1&_rdr","https:\/\/www.instagram.com\/colegiofranciscanosanluisrey\/","https:\/\/x.com\/https:\/\/twitter.com\/san_luis_rey","https:\/\/www.youtube.com\/user\/colegiosanluisrey\/"],"url":"https:\/\/www.sanluisrey.edu.co\/new\/author\/adminrey\/"}]}},"jetpack_featured_media_url":"","jetpack_sharing_enabled":true,"_links":{"self":[{"href":"https:\/\/www.sanluisrey.edu.co\/new\/wp-json\/wp\/v2\/posts\/1605","targetHints":{"allow":["GET"]}}],"collection":[{"href":"https:\/\/www.sanluisrey.edu.co\/new\/wp-json\/wp\/v2\/posts"}],"about":[{"href":"https:\/\/www.sanluisrey.edu.co\/new\/wp-json\/wp\/v2\/types\/post"}],"author":[{"embeddable":true,"href":"https:\/\/www.sanluisrey.edu.co\/new\/wp-json\/wp\/v2\/users\/1"}],"replies":[{"embeddable":true,"href":"https:\/\/www.sanluisrey.edu.co\/new\/wp-json\/wp\/v2\/comments?post=1605"}],"version-history":[{"count":4,"href":"https:\/\/www.sanluisrey.edu.co\/new\/wp-json\/wp\/v2\/posts\/1605\/revisions"}],"predecessor-version":[{"id":1612,"href":"https:\/\/www.sanluisrey.edu.co\/new\/wp-json\/wp\/v2\/posts\/1605\/revisions\/1612"}],"wp:attachment":[{"href":"https:\/\/www.sanluisrey.edu.co\/new\/wp-json\/wp\/v2\/media?parent=1605"}],"wp:term":[{"taxonomy":"category","embeddable":true,"href":"https:\/\/www.sanluisrey.edu.co\/new\/wp-json\/wp\/v2\/categories?post=1605"},{"taxonomy":"post_tag","embeddable":true,"href":"https:\/\/www.sanluisrey.edu.co\/new\/wp-json\/wp\/v2\/tags?post=1605"}],"curies":[{"name":"wp","href":"https:\/\/api.w.org\/{rel}","templated":true}]}}