{"id":1637,"date":"2017-08-23T11:30:59","date_gmt":"2017-08-23T16:30:59","guid":{"rendered":"http:\/\/www.visualbit.co\/sanluis\/?p=1637"},"modified":"2020-04-23T11:32:49","modified_gmt":"2020-04-23T16:32:49","slug":"dia-de-san-luis-rey","status":"publish","type":"post","link":"https:\/\/www.sanluisrey.edu.co\/new\/dia-de-san-luis-rey\/","title":{"rendered":"D\u00eda de San Luis Rey"},"content":{"rendered":"\t\t<div data-elementor-type=\"wp-post\" data-elementor-id=\"1637\" class=\"elementor elementor-1637\">\n\t\t\t\t\t\t<section class=\"elementor-section elementor-top-section elementor-element elementor-element-d1c4bc9 elementor-section-boxed elementor-section-height-default elementor-section-height-default\" data-id=\"d1c4bc9\" data-element_type=\"section\" data-e-type=\"section\">\n\t\t\t\t\t\t<div class=\"elementor-container elementor-column-gap-default\">\n\t\t\t\t\t<div class=\"elementor-column elementor-col-100 elementor-top-column elementor-element elementor-element-59762ed\" data-id=\"59762ed\" data-element_type=\"column\" data-e-type=\"column\">\n\t\t\t<div class=\"elementor-widget-wrap elementor-element-populated\">\n\t\t\t\t\t\t<div class=\"elementor-element elementor-element-1d3b612 elementor-widget elementor-widget-heading\" data-id=\"1d3b612\" data-element_type=\"widget\" data-e-type=\"widget\" data-widget_type=\"heading.default\">\n\t\t\t\t<div class=\"elementor-widget-container\">\n\t\t\t\t\t<h2 class=\"elementor-heading-title elementor-size-default\">D\u00eda de San Luis Rey<\/h2>\t\t\t\t<\/div>\n\t\t\t\t<\/div>\n\t\t\t\t\t<\/div>\n\t\t<\/div>\n\t\t\t\t\t<\/div>\n\t\t<\/section>\n\t\t\t\t<section class=\"elementor-section elementor-top-section elementor-element elementor-element-032ce68 elementor-section-boxed elementor-section-height-default elementor-section-height-default\" data-id=\"032ce68\" data-element_type=\"section\" data-e-type=\"section\">\n\t\t\t\t\t\t<div class=\"elementor-container elementor-column-gap-default\">\n\t\t\t\t\t<div class=\"elementor-column elementor-col-100 elementor-top-column elementor-element elementor-element-c76043b\" data-id=\"c76043b\" data-element_type=\"column\" data-e-type=\"column\">\n\t\t\t<div class=\"elementor-widget-wrap elementor-element-populated\">\n\t\t\t\t\t\t<div class=\"elementor-element elementor-element-6bf4bb2 elementor-widget elementor-widget-image\" data-id=\"6bf4bb2\" data-element_type=\"widget\" data-e-type=\"widget\" data-widget_type=\"image.default\">\n\t\t\t\t<div class=\"elementor-widget-container\">\n\t\t\t\t\t\t\t\t\t\t\t\t\t\t\t<img fetchpriority=\"high\" decoding=\"async\" width=\"750\" height=\"500\" src=\"https:\/\/www.sanluisrey.edu.co\/new\/wp-content\/uploads\/2020\/04\/FiestaPatronal-9.jpg\" class=\"attachment-large size-large wp-image-1641\" alt=\"\" srcset=\"https:\/\/www.sanluisrey.edu.co\/new\/wp-content\/uploads\/2020\/04\/FiestaPatronal-9.jpg 810w, https:\/\/www.sanluisrey.edu.co\/new\/wp-content\/uploads\/2020\/04\/FiestaPatronal-9-600x400.jpg 600w, https:\/\/www.sanluisrey.edu.co\/new\/wp-content\/uploads\/2020\/04\/FiestaPatronal-9-300x200.jpg 300w, https:\/\/www.sanluisrey.edu.co\/new\/wp-content\/uploads\/2020\/04\/FiestaPatronal-9-768x512.jpg 768w, https:\/\/www.sanluisrey.edu.co\/new\/wp-content\/uploads\/2020\/04\/FiestaPatronal-9-360x240.jpg 360w\" sizes=\"(max-width: 750px) 100vw, 750px\" \/>\t\t\t\t\t\t\t\t\t\t\t\t\t\t\t<\/div>\n\t\t\t\t<\/div>\n\t\t\t\t<div class=\"elementor-element elementor-element-3c77c5f elementor-widget elementor-widget-text-editor\" data-id=\"3c77c5f\" data-element_type=\"widget\" data-e-type=\"widget\" data-widget_type=\"text-editor.default\">\n\t\t\t\t<div class=\"elementor-widget-container\">\n\t\t\t\t\t\t\t\t\t<p style=\"margin-bottom: 10px; color: #333333; font-family: natural; font-size: 17px;\">El 25 de agosto, se celebr\u00f3 el d\u00eda de nuestro patrono San Luis Rey. Toda la comunidad Sanluisista particip\u00f3 de una solemne Eucarist\u00eda, presidida por Fray Hern\u00e1n El\u00edas Pe\u00f1a Q, nuestro Rector y Fray Germ\u00e1n Arbel\u00e1ez Ospina, Director de Pastoral, concelebraron los frailes de la Parroquia San Francisco de Armenia; en el acto lit\u00fargico se invoc\u00f3 su poderosa intercesi\u00f3n para que el Alt\u00edsimo conceda a toda la comunidad educativa, abundantes bendiciones. En el momento del ofertorio, se realiz\u00f3 en el altar un presente del l\u00e1piz, cuyo prop\u00f3sito fue invocar una bendici\u00f3n especial para los estudiantes del grado und\u00e9cimo que presentaron las pruebas Saber 11, el domingo 27 de agosto.<\/p><p style=\"margin-bottom: 10px; color: #333333; font-family: natural; font-size: 17px;\">El coro del colegio, dirigido por el docente Janns Robert Var\u00f3n, fue el encargado de acompa\u00f1ar toda la Eucarist\u00eda, donde los ni\u00f1os y ni\u00f1as demostraron con sus bellas canciones el amor a Dios.<\/p><p style=\"margin-bottom: 10px; color: #333333; font-family: natural; font-size: 17px;\">La celebraci\u00f3n culmin\u00f3 con un bello compartir donde los estudiantes, docentes, directivos y personal administrativo vivieron momentos de fraternidad.<\/p><p style=\"margin-bottom: 10px; color: #333333; font-family: natural; font-size: 17px;\">Felicitaciones al colegio San Luis Rey.<\/p><p style=\"margin-bottom: 10px; color: #333333; font-family: natural; font-size: 17px;\"><a href=\"https:\/\/www.facebook.com\/sanluisreyarmenia\/photos\/pcb.1832967106718907\/1832966496718968\/?type=3&amp;theater\" target=\"_blank\" rel=\"noopener\" style=\"background-image: initial; background-position: initial; background-size: initial; background-repeat: initial; background-attachment: initial; background-origin: initial; background-clip: initial; color: #428bca;\">Ver fotos en facebook.<\/a><\/p>\t\t\t\t\t\t\t\t<\/div>\n\t\t\t\t<\/div>\n\t\t\t\t\t<\/div>\n\t\t<\/div>\n\t\t\t\t\t<\/div>\n\t\t<\/section>\n\t\t\t\t<\/div>\n\t\t","protected":false},"excerpt":{"rendered":"<p>D\u00eda de San Luis Rey El 25 de agosto, se celebr\u00f3 el d\u00eda de nuestro patrono San Luis Rey. Toda la comunidad Sanluisista particip\u00f3 de una solemne Eucarist\u00eda, presidida por Fray Hern\u00e1n El\u00edas Pe\u00f1a Q, nuestro Rector y Fray Germ\u00e1n Arbel\u00e1ez Ospina, Director de Pastoral, concelebraron los frailes de la [&hellip;]<\/p>\n","protected":false},"author":1,"featured_media":0,"comment_status":"open","ping_status":"open","sticky":false,"template":"","format":"standard","meta":{"_monsterinsights_skip_tracking":false,"_monsterinsights_sitenote_active":false,"_monsterinsights_sitenote_note":"","_monsterinsights_sitenote_category":0,"two_page_speed":[],"_jetpack_memberships_contains_paid_content":false,"footnotes":""},"categories":[7],"tags":[],"class_list":["post-1637","post","type-post","status-publish","format-standard","hentry","category-noticias"],"yoast_head":"<!-- This site is optimized with the Yoast SEO plugin v27.5 - https:\/\/yoast.com\/product\/yoast-seo-wordpress\/ -->\n<title>D\u00eda de San Luis Rey - Colegio San Luis Rey<\/title>\n<meta name=\"robots\" content=\"index, follow, max-snippet:-1, max-image-preview:large, max-video-preview:-1\" \/>\n<link rel=\"canonical\" href=\"https:\/\/www.sanluisrey.edu.co\/new\/dia-de-san-luis-rey\/\" \/>\n<meta property=\"og:locale\" content=\"es_ES\" \/>\n<meta property=\"og:type\" content=\"article\" \/>\n<meta property=\"og:title\" content=\"D\u00eda de San Luis Rey - Colegio San Luis Rey\" \/>\n<meta property=\"og:description\" content=\"D\u00eda de San Luis Rey El 25 de agosto, se celebr\u00f3 el d\u00eda de nuestro patrono San Luis Rey. Toda la comunidad Sanluisista particip\u00f3 de una solemne Eucarist\u00eda, presidida por Fray Hern\u00e1n El\u00edas Pe\u00f1a Q, nuestro Rector y Fray Germ\u00e1n Arbel\u00e1ez Ospina, Director de Pastoral, concelebraron los frailes de la [&hellip;]\" \/>\n<meta property=\"og:url\" content=\"https:\/\/www.sanluisrey.edu.co\/new\/dia-de-san-luis-rey\/\" \/>\n<meta property=\"og:site_name\" content=\"Colegio San Luis Rey\" \/>\n<meta property=\"article:author\" content=\"https:\/\/web.facebook.com\/sanluisreyarmenia\/?_rdc=1&amp;_rdr\" \/>\n<meta property=\"article:published_time\" content=\"2017-08-23T16:30:59+00:00\" \/>\n<meta property=\"article:modified_time\" content=\"2020-04-23T16:32:49+00:00\" \/>\n<meta property=\"og:image\" content=\"http:\/\/www.visualbit.co\/sanluis\/wp-content\/uploads\/2020\/04\/FiestaPatronal-9.jpg\" \/>\n<meta name=\"author\" content=\"Colegio Franciscano San Luis Rey\" \/>\n<meta name=\"twitter:card\" content=\"summary_large_image\" \/>\n<meta name=\"twitter:creator\" content=\"@https:\/\/twitter.com\/san_luis_rey\" \/>\n<meta name=\"twitter:label1\" content=\"Escrito por\" \/>\n\t<meta name=\"twitter:data1\" content=\"Colegio Franciscano San Luis Rey\" \/>\n\t<meta name=\"twitter:label2\" content=\"Tiempo de lectura\" \/>\n\t<meta name=\"twitter:data2\" content=\"1 minuto\" \/>\n<script type=\"application\/ld+json\" class=\"yoast-schema-graph\">{\"@context\":\"https:\\\/\\\/schema.org\",\"@graph\":[{\"@type\":\"Article\",\"@id\":\"https:\\\/\\\/www.sanluisrey.edu.co\\\/new\\\/dia-de-san-luis-rey\\\/#article\",\"isPartOf\":{\"@id\":\"https:\\\/\\\/www.sanluisrey.edu.co\\\/new\\\/dia-de-san-luis-rey\\\/\"},\"author\":{\"name\":\"Colegio Franciscano San Luis Rey\",\"@id\":\"https:\\\/\\\/www.sanluisrey.edu.co\\\/new\\\/#\\\/schema\\\/person\\\/95c521ab3dc11c1a9bacf54769a78394\"},\"headline\":\"D\u00eda de San Luis Rey\",\"datePublished\":\"2017-08-23T16:30:59+00:00\",\"dateModified\":\"2020-04-23T16:32:49+00:00\",\"mainEntityOfPage\":{\"@id\":\"https:\\\/\\\/www.sanluisrey.edu.co\\\/new\\\/dia-de-san-luis-rey\\\/\"},\"wordCount\":200,\"commentCount\":0,\"image\":{\"@id\":\"https:\\\/\\\/www.sanluisrey.edu.co\\\/new\\\/dia-de-san-luis-rey\\\/#primaryimage\"},\"thumbnailUrl\":\"http:\\\/\\\/www.visualbit.co\\\/sanluis\\\/wp-content\\\/uploads\\\/2020\\\/04\\\/FiestaPatronal-9.jpg\",\"articleSection\":[\"Noticias\"],\"inLanguage\":\"es\",\"potentialAction\":[{\"@type\":\"CommentAction\",\"name\":\"Comment\",\"target\":[\"https:\\\/\\\/www.sanluisrey.edu.co\\\/new\\\/dia-de-san-luis-rey\\\/#respond\"]}]},{\"@type\":\"WebPage\",\"@id\":\"https:\\\/\\\/www.sanluisrey.edu.co\\\/new\\\/dia-de-san-luis-rey\\\/\",\"url\":\"https:\\\/\\\/www.sanluisrey.edu.co\\\/new\\\/dia-de-san-luis-rey\\\/\",\"name\":\"D\u00eda de San Luis Rey - Colegio San Luis Rey\",\"isPartOf\":{\"@id\":\"https:\\\/\\\/www.sanluisrey.edu.co\\\/new\\\/#website\"},\"primaryImageOfPage\":{\"@id\":\"https:\\\/\\\/www.sanluisrey.edu.co\\\/new\\\/dia-de-san-luis-rey\\\/#primaryimage\"},\"image\":{\"@id\":\"https:\\\/\\\/www.sanluisrey.edu.co\\\/new\\\/dia-de-san-luis-rey\\\/#primaryimage\"},\"thumbnailUrl\":\"http:\\\/\\\/www.visualbit.co\\\/sanluis\\\/wp-content\\\/uploads\\\/2020\\\/04\\\/FiestaPatronal-9.jpg\",\"datePublished\":\"2017-08-23T16:30:59+00:00\",\"dateModified\":\"2020-04-23T16:32:49+00:00\",\"author\":{\"@id\":\"https:\\\/\\\/www.sanluisrey.edu.co\\\/new\\\/#\\\/schema\\\/person\\\/95c521ab3dc11c1a9bacf54769a78394\"},\"breadcrumb\":{\"@id\":\"https:\\\/\\\/www.sanluisrey.edu.co\\\/new\\\/dia-de-san-luis-rey\\\/#breadcrumb\"},\"inLanguage\":\"es\",\"potentialAction\":[{\"@type\":\"ReadAction\",\"target\":[\"https:\\\/\\\/www.sanluisrey.edu.co\\\/new\\\/dia-de-san-luis-rey\\\/\"]}]},{\"@type\":\"ImageObject\",\"inLanguage\":\"es\",\"@id\":\"https:\\\/\\\/www.sanluisrey.edu.co\\\/new\\\/dia-de-san-luis-rey\\\/#primaryimage\",\"url\":\"http:\\\/\\\/www.visualbit.co\\\/sanluis\\\/wp-content\\\/uploads\\\/2020\\\/04\\\/FiestaPatronal-9.jpg\",\"contentUrl\":\"http:\\\/\\\/www.visualbit.co\\\/sanluis\\\/wp-content\\\/uploads\\\/2020\\\/04\\\/FiestaPatronal-9.jpg\"},{\"@type\":\"BreadcrumbList\",\"@id\":\"https:\\\/\\\/www.sanluisrey.edu.co\\\/new\\\/dia-de-san-luis-rey\\\/#breadcrumb\",\"itemListElement\":[{\"@type\":\"ListItem\",\"position\":1,\"name\":\"Home\",\"item\":\"https:\\\/\\\/www.sanluisrey.edu.co\\\/new\\\/\"},{\"@type\":\"ListItem\",\"position\":2,\"name\":\"D\u00eda de San Luis Rey\"}]},{\"@type\":\"WebSite\",\"@id\":\"https:\\\/\\\/www.sanluisrey.edu.co\\\/new\\\/#website\",\"url\":\"https:\\\/\\\/www.sanluisrey.edu.co\\\/new\\\/\",\"name\":\"Colegio San Luis Rey\",\"description\":\"Comunidad Franciscana Provincia de la Santa Fe\",\"potentialAction\":[{\"@type\":\"SearchAction\",\"target\":{\"@type\":\"EntryPoint\",\"urlTemplate\":\"https:\\\/\\\/www.sanluisrey.edu.co\\\/new\\\/?s={search_term_string}\"},\"query-input\":{\"@type\":\"PropertyValueSpecification\",\"valueRequired\":true,\"valueName\":\"search_term_string\"}}],\"inLanguage\":\"es\"},{\"@type\":\"Person\",\"@id\":\"https:\\\/\\\/www.sanluisrey.edu.co\\\/new\\\/#\\\/schema\\\/person\\\/95c521ab3dc11c1a9bacf54769a78394\",\"name\":\"Colegio Franciscano San Luis Rey\",\"image\":{\"@type\":\"ImageObject\",\"inLanguage\":\"es\",\"@id\":\"https:\\\/\\\/secure.gravatar.com\\\/avatar\\\/fe07d4fe7d07e705f3dcebbfb00bd721c65e9deca5b80342bbf641330ea86b26?s=96&d=mm&r=g\",\"url\":\"https:\\\/\\\/secure.gravatar.com\\\/avatar\\\/fe07d4fe7d07e705f3dcebbfb00bd721c65e9deca5b80342bbf641330ea86b26?s=96&d=mm&r=g\",\"contentUrl\":\"https:\\\/\\\/secure.gravatar.com\\\/avatar\\\/fe07d4fe7d07e705f3dcebbfb00bd721c65e9deca5b80342bbf641330ea86b26?s=96&d=mm&r=g\",\"caption\":\"Colegio Franciscano San Luis Rey\"},\"sameAs\":[\"https:\\\/\\\/www.sanluisrey.edu.co\",\"https:\\\/\\\/web.facebook.com\\\/sanluisreyarmenia\\\/?_rdc=1&_rdr\",\"https:\\\/\\\/www.instagram.com\\\/colegiofranciscanosanluisrey\\\/\",\"https:\\\/\\\/x.com\\\/https:\\\/\\\/twitter.com\\\/san_luis_rey\",\"https:\\\/\\\/www.youtube.com\\\/user\\\/colegiosanluisrey\\\/\"],\"url\":\"https:\\\/\\\/www.sanluisrey.edu.co\\\/new\\\/author\\\/adminrey\\\/\"}]}<\/script>\n<!-- \/ Yoast SEO plugin. -->","yoast_head_json":{"title":"D\u00eda de San Luis Rey - Colegio San Luis Rey","robots":{"index":"index","follow":"follow","max-snippet":"max-snippet:-1","max-image-preview":"max-image-preview:large","max-video-preview":"max-video-preview:-1"},"canonical":"https:\/\/www.sanluisrey.edu.co\/new\/dia-de-san-luis-rey\/","og_locale":"es_ES","og_type":"article","og_title":"D\u00eda de San Luis Rey - Colegio San Luis Rey","og_description":"D\u00eda de San Luis Rey El 25 de agosto, se celebr\u00f3 el d\u00eda de nuestro patrono San Luis Rey. Toda la comunidad Sanluisista particip\u00f3 de una solemne Eucarist\u00eda, presidida por Fray Hern\u00e1n El\u00edas Pe\u00f1a Q, nuestro Rector y Fray Germ\u00e1n Arbel\u00e1ez Ospina, Director de Pastoral, concelebraron los frailes de la [&hellip;]","og_url":"https:\/\/www.sanluisrey.edu.co\/new\/dia-de-san-luis-rey\/","og_site_name":"Colegio San Luis Rey","article_author":"https:\/\/web.facebook.com\/sanluisreyarmenia\/?_rdc=1&_rdr","article_published_time":"2017-08-23T16:30:59+00:00","article_modified_time":"2020-04-23T16:32:49+00:00","og_image":[{"url":"http:\/\/www.visualbit.co\/sanluis\/wp-content\/uploads\/2020\/04\/FiestaPatronal-9.jpg","type":"","width":"","height":""}],"author":"Colegio Franciscano San Luis Rey","twitter_card":"summary_large_image","twitter_creator":"@https:\/\/twitter.com\/san_luis_rey","twitter_misc":{"Escrito por":"Colegio Franciscano San Luis Rey","Tiempo de lectura":"1 minuto"},"schema":{"@context":"https:\/\/schema.org","@graph":[{"@type":"Article","@id":"https:\/\/www.sanluisrey.edu.co\/new\/dia-de-san-luis-rey\/#article","isPartOf":{"@id":"https:\/\/www.sanluisrey.edu.co\/new\/dia-de-san-luis-rey\/"},"author":{"name":"Colegio Franciscano San Luis Rey","@id":"https:\/\/www.sanluisrey.edu.co\/new\/#\/schema\/person\/95c521ab3dc11c1a9bacf54769a78394"},"headline":"D\u00eda de San Luis Rey","datePublished":"2017-08-23T16:30:59+00:00","dateModified":"2020-04-23T16:32:49+00:00","mainEntityOfPage":{"@id":"https:\/\/www.sanluisrey.edu.co\/new\/dia-de-san-luis-rey\/"},"wordCount":200,"commentCount":0,"image":{"@id":"https:\/\/www.sanluisrey.edu.co\/new\/dia-de-san-luis-rey\/#primaryimage"},"thumbnailUrl":"http:\/\/www.visualbit.co\/sanluis\/wp-content\/uploads\/2020\/04\/FiestaPatronal-9.jpg","articleSection":["Noticias"],"inLanguage":"es","potentialAction":[{"@type":"CommentAction","name":"Comment","target":["https:\/\/www.sanluisrey.edu.co\/new\/dia-de-san-luis-rey\/#respond"]}]},{"@type":"WebPage","@id":"https:\/\/www.sanluisrey.edu.co\/new\/dia-de-san-luis-rey\/","url":"https:\/\/www.sanluisrey.edu.co\/new\/dia-de-san-luis-rey\/","name":"D\u00eda de San Luis Rey - Colegio San Luis Rey","isPartOf":{"@id":"https:\/\/www.sanluisrey.edu.co\/new\/#website"},"primaryImageOfPage":{"@id":"https:\/\/www.sanluisrey.edu.co\/new\/dia-de-san-luis-rey\/#primaryimage"},"image":{"@id":"https:\/\/www.sanluisrey.edu.co\/new\/dia-de-san-luis-rey\/#primaryimage"},"thumbnailUrl":"http:\/\/www.visualbit.co\/sanluis\/wp-content\/uploads\/2020\/04\/FiestaPatronal-9.jpg","datePublished":"2017-08-23T16:30:59+00:00","dateModified":"2020-04-23T16:32:49+00:00","author":{"@id":"https:\/\/www.sanluisrey.edu.co\/new\/#\/schema\/person\/95c521ab3dc11c1a9bacf54769a78394"},"breadcrumb":{"@id":"https:\/\/www.sanluisrey.edu.co\/new\/dia-de-san-luis-rey\/#breadcrumb"},"inLanguage":"es","potentialAction":[{"@type":"ReadAction","target":["https:\/\/www.sanluisrey.edu.co\/new\/dia-de-san-luis-rey\/"]}]},{"@type":"ImageObject","inLanguage":"es","@id":"https:\/\/www.sanluisrey.edu.co\/new\/dia-de-san-luis-rey\/#primaryimage","url":"http:\/\/www.visualbit.co\/sanluis\/wp-content\/uploads\/2020\/04\/FiestaPatronal-9.jpg","contentUrl":"http:\/\/www.visualbit.co\/sanluis\/wp-content\/uploads\/2020\/04\/FiestaPatronal-9.jpg"},{"@type":"BreadcrumbList","@id":"https:\/\/www.sanluisrey.edu.co\/new\/dia-de-san-luis-rey\/#breadcrumb","itemListElement":[{"@type":"ListItem","position":1,"name":"Home","item":"https:\/\/www.sanluisrey.edu.co\/new\/"},{"@type":"ListItem","position":2,"name":"D\u00eda de San Luis Rey"}]},{"@type":"WebSite","@id":"https:\/\/www.sanluisrey.edu.co\/new\/#website","url":"https:\/\/www.sanluisrey.edu.co\/new\/","name":"Colegio San Luis Rey","description":"Comunidad Franciscana Provincia de la Santa Fe","potentialAction":[{"@type":"SearchAction","target":{"@type":"EntryPoint","urlTemplate":"https:\/\/www.sanluisrey.edu.co\/new\/?s={search_term_string}"},"query-input":{"@type":"PropertyValueSpecification","valueRequired":true,"valueName":"search_term_string"}}],"inLanguage":"es"},{"@type":"Person","@id":"https:\/\/www.sanluisrey.edu.co\/new\/#\/schema\/person\/95c521ab3dc11c1a9bacf54769a78394","name":"Colegio Franciscano San Luis Rey","image":{"@type":"ImageObject","inLanguage":"es","@id":"https:\/\/secure.gravatar.com\/avatar\/fe07d4fe7d07e705f3dcebbfb00bd721c65e9deca5b80342bbf641330ea86b26?s=96&d=mm&r=g","url":"https:\/\/secure.gravatar.com\/avatar\/fe07d4fe7d07e705f3dcebbfb00bd721c65e9deca5b80342bbf641330ea86b26?s=96&d=mm&r=g","contentUrl":"https:\/\/secure.gravatar.com\/avatar\/fe07d4fe7d07e705f3dcebbfb00bd721c65e9deca5b80342bbf641330ea86b26?s=96&d=mm&r=g","caption":"Colegio Franciscano San Luis Rey"},"sameAs":["https:\/\/www.sanluisrey.edu.co","https:\/\/web.facebook.com\/sanluisreyarmenia\/?_rdc=1&_rdr","https:\/\/www.instagram.com\/colegiofranciscanosanluisrey\/","https:\/\/x.com\/https:\/\/twitter.com\/san_luis_rey","https:\/\/www.youtube.com\/user\/colegiosanluisrey\/"],"url":"https:\/\/www.sanluisrey.edu.co\/new\/author\/adminrey\/"}]}},"jetpack_featured_media_url":"","jetpack_sharing_enabled":true,"_links":{"self":[{"href":"https:\/\/www.sanluisrey.edu.co\/new\/wp-json\/wp\/v2\/posts\/1637","targetHints":{"allow":["GET"]}}],"collection":[{"href":"https:\/\/www.sanluisrey.edu.co\/new\/wp-json\/wp\/v2\/posts"}],"about":[{"href":"https:\/\/www.sanluisrey.edu.co\/new\/wp-json\/wp\/v2\/types\/post"}],"author":[{"embeddable":true,"href":"https:\/\/www.sanluisrey.edu.co\/new\/wp-json\/wp\/v2\/users\/1"}],"replies":[{"embeddable":true,"href":"https:\/\/www.sanluisrey.edu.co\/new\/wp-json\/wp\/v2\/comments?post=1637"}],"version-history":[{"count":4,"href":"https:\/\/www.sanluisrey.edu.co\/new\/wp-json\/wp\/v2\/posts\/1637\/revisions"}],"predecessor-version":[{"id":1644,"href":"https:\/\/www.sanluisrey.edu.co\/new\/wp-json\/wp\/v2\/posts\/1637\/revisions\/1644"}],"wp:attachment":[{"href":"https:\/\/www.sanluisrey.edu.co\/new\/wp-json\/wp\/v2\/media?parent=1637"}],"wp:term":[{"taxonomy":"category","embeddable":true,"href":"https:\/\/www.sanluisrey.edu.co\/new\/wp-json\/wp\/v2\/categories?post=1637"},{"taxonomy":"post_tag","embeddable":true,"href":"https:\/\/www.sanluisrey.edu.co\/new\/wp-json\/wp\/v2\/tags?post=1637"}],"curies":[{"name":"wp","href":"https:\/\/api.w.org\/{rel}","templated":true}]}}