{"id":18992,"date":"2025-04-15T11:27:53","date_gmt":"2025-04-15T16:27:53","guid":{"rendered":"https:\/\/www.sanluisrey.edu.co\/new\/?p=18992"},"modified":"2025-04-15T16:02:06","modified_gmt":"2025-04-15T21:02:06","slug":"retiro-espiritual-2","status":"publish","type":"post","link":"https:\/\/www.sanluisrey.edu.co\/new\/retiro-espiritual-2\/","title":{"rendered":"Retiro Espiritual"},"content":{"rendered":"\t\t<div data-elementor-type=\"wp-post\" data-elementor-id=\"18992\" class=\"elementor elementor-18992\">\n\t\t\t\t\t\t<section class=\"elementor-section elementor-top-section elementor-element elementor-element-3b46d1b0 elementor-section-boxed elementor-section-height-default elementor-section-height-default\" data-id=\"3b46d1b0\" data-element_type=\"section\" data-e-type=\"section\">\n\t\t\t\t\t\t<div class=\"elementor-container elementor-column-gap-default\">\n\t\t\t\t\t<div class=\"elementor-column elementor-col-100 elementor-top-column elementor-element elementor-element-5b37a750\" data-id=\"5b37a750\" data-element_type=\"column\" data-e-type=\"column\">\n\t\t\t<div class=\"elementor-widget-wrap elementor-element-populated\">\n\t\t\t\t\t\t<div class=\"elementor-element elementor-element-1ea33eda elementor-widget elementor-widget-text-editor\" data-id=\"1ea33eda\" data-element_type=\"widget\" data-e-type=\"widget\" data-widget_type=\"text-editor.default\">\n\t\t\t\t<div class=\"elementor-widget-container\">\n\t\t\t\t\t\t\t\t\t\n<p><strong>Retiro Espiritual: Encuentros de Fe<\/strong><\/p>\n\n\n\n<p>El lunes 14 de abril, nuestro Director de Pastoral, Fray Jorge Botero Pineda O.F.M., ofreci\u00f3 a todos los colaboradores un retiro espiritual orientado en la fe. Este evento, titulado&nbsp;<strong>Encuentros de Fe: La Importancia de Vivir la Experiencia<\/strong>, se centr\u00f3 en la reflexi\u00f3n sobre la fe y su papel fundamental en nuestras vidas.<\/p>\n\n\n\n<p><strong>La Fe como Garant\u00eda: Reflexiones sobre la Seguridad de lo Esperado<\/strong><\/p>\n\n\n\n<p>Fray Jorge comenz\u00f3 el retiro destacando la importancia de la fe, describi\u00e9ndola como la plena seguridad de recibir lo que se espera y la convicci\u00f3n de la realidad de cosas que no vemos, citando Hebreos 11:1-2. Nuestros antepasados fueron aprobados porque tuvieron fe, y esta misma fe nos gu\u00eda y fortalece en nuestra vida cotidiana.<\/p>\n\n\n\n<p><strong>La Verdadera Fe: Confianza Inquebrantable en Dios<\/strong><\/p>\n\n\n\n<p>Durante su reflexi\u00f3n, Fray Jorge enfatiz\u00f3 que la verdadera fe debe estar puesta \u00fanicamente en Dios, quien nunca falla. A menudo decimos que tenemos fe en otras personas, pero esta confianza no puede compararse con la que depositamos en Dios. Los seres humanos pueden fallar, pero la presencia de Dios es la \u00fanica garant\u00eda inquebrantable. Fray Jorge nos invit\u00f3 a reflexionar sobre la profundidad de nuestra fe y a confiar plenamente en Dios, recordando el salmo que dice: &#8220;Maldito el hombre que conf\u00eda en el otro. Bendito el hombre que conf\u00eda en Dios.&#8221;<\/p>\n\n\n\n<p><strong>Reflexiones sobre las Connotaciones del Verbo Amar en Griego<\/strong><\/p>\n\n\n\n<p>Como parte del retiro, se realiz\u00f3 un ejercicio por grupos donde se analizaron las cuatro connotaciones del verbo &#8220;amar&#8221; en griego: \u00e1gape, eros, philia y storge. A partir de estas connotaciones, los grupos estudiaron los evangelios de San Lucas, espec\u00edficamente los cap\u00edtulos 15:11-32 y 24:13-35. Este an\u00e1lisis permiti\u00f3 una comprensi\u00f3n m\u00e1s profunda del amor cristiano y su manifestaci\u00f3n en las ense\u00f1anzas de Jes\u00fas.<\/p>\n\n\n\n<p>Agradecemos a todos los colaboradores, estudiantes y directivas que participaron en este retiro espiritual, fortaleciendo nuestra comunidad y nuestra fe. \u00a1Gracias por su compromiso y dedicaci\u00f3n!<\/p>\n\n\n\n<p>Gracias especiales a Fray Jorge y a Fray Antonio, quienes al terminar nos ofrecieron una Solemne Eucarist\u00eda.<\/p>\n\n\n\n<p>Lo aprendido:<\/p>\n\n\n\n<p>En griego antiguo, el verbo &#8220;amar&#8221; tiene cuatro connotaciones principales, cada una representando un tipo diferente de amor:<\/p>\n\n\n\n<ol start=\"1\" class=\"wp-block-list\">\n<li><strong>Eros <\/strong>: Este es el amor rom\u00e1ntico y apasionado. Se refiere al deseo f\u00edsico y emocional entre dos personas. Es el tipo de amor que se encuentra en relaciones \u00edntimas y rom\u00e1nticas.<\/li>\n\n\n\n<li><strong>Storge <\/strong>: Este es el amor familiar y natural. Se refiere al afecto que existe entre padres e hijos y otros miembros de la familia. Es un amor que surge de la convivencia y el v\u00ednculo familiar.<\/li>\n\n\n\n<li><strong>Philia <\/strong>: Este es el amor fraternal o de amistad. Representa el afecto y la lealtad entre amigos y familiares. Es un amor basado en la reciprocidad y el respeto mutuo<\/li>\n\n\n\n<li><strong>\u00c1gape <\/strong>: Este es el amor incondicional y sacrificial. Se centra en el bienestar de los dem\u00e1s y es el tipo de amor que se menciona en contextos religiosos y filos\u00f3ficos, como el amor de Dios hacia la humanidad<\/li>\n<\/ol>\n\n\n\n<p><strong>An\u00e1lisis de los Evangelios de San Lucas a partir de las connotaciones del verbo &#8220;amar&#8221; en la cultura griega<\/strong><\/p>\n\n\n\n<p><strong>Lucas 15:11-32 &#8211; La Par\u00e1bola del Hijo Pr\u00f3digo<\/strong><\/p>\n\n\n\n<p>En esta par\u00e1bola, se pueden identificar varias connotaciones del verbo &#8220;amar&#8221; seg\u00fan la cultura griega:<\/p>\n\n\n\n<ol start=\"1\" class=\"wp-block-list\">\n<li><strong>\u00c1gape<\/strong>: El amor incondicional del padre hacia su hijo pr\u00f3digo es un claro ejemplo de \u00e1gape. A pesar de que el hijo menor desperdicia su herencia y vive de manera desenfrenada, el padre lo recibe con los brazos abiertos, lleno de compasi\u00f3n y sin condiciones<\/li>\n<\/ol>\n\n\n\n<p>. Este amor sacrificial y misericordioso refleja el amor de Dios hacia la humanidad.<\/p>\n\n\n\n<ol start=\"2\" class=\"wp-block-list\">\n<li><strong>Philia<\/strong>: Aunque la par\u00e1bola se centra en el amor del padre, tambi\u00e9n se puede observar el amor fraternal en la relaci\u00f3n entre los hermanos. El hijo mayor, aunque inicialmente resentido, representa la posibilidad de reconciliaci\u00f3n y apoyo mutuo entre hermanos<\/li>\n<\/ol>\n\n\n\n<p><strong>Lucas 24:13-35 &#8211; El Camino a Ema\u00fas<\/strong><\/p>\n\n\n\n<p>En el relato del Camino a Ema\u00fas, tambi\u00e9n se pueden identificar las connotaciones del verbo &#8220;amar&#8221;:<\/p>\n\n\n\n<ol start=\"1\" class=\"wp-block-list\">\n<li><strong>\u00c1gape<\/strong>: Jes\u00fas muestra un amor incondicional y sacrificial al acompa\u00f1ar a los disc\u00edpulos en su camino a Ema\u00fas. A pesar de su tristeza y confusi\u00f3n, Jes\u00fas se acerca a ellos, les explica las Escrituras y les revela su identidad<\/li>\n\n\n\n<li>\u00a0Este acto de amor incondicional refleja el compromiso de Jes\u00fas con sus seguidores.<\/li>\n\n\n\n<li><strong>Philia<\/strong>: El amor fraternal se manifiesta en la conversaci\u00f3n y la compa\u00f1\u00eda entre los disc\u00edpulos y Jes\u00fas. La amistad y el apoyo mutuo son evidentes cuando los disc\u00edpulos invitan a Jes\u00fas a quedarse con ellos y compartir una comida<\/li>\n\n\n\n<li><strong>Storge<\/strong>: Aunque menos evidente, el amor familiar y natural puede ser interpretado en la relaci\u00f3n de los disc\u00edpulos con Jes\u00fas. La cercan\u00eda y el afecto que sienten hacia \u00e9l reflejan un v\u00ednculo profundo y significativo<\/li>\n\n\n\n<li>Estos pasajes de los Evangelios de San Lucas ilustran c\u00f3mo las diferentes connotaciones del verbo &#8220;amar&#8221; en la cultura griega se manifiestan en las ense\u00f1anzas y acciones de Jes\u00fas, ofreciendo una comprensi\u00f3n m\u00e1s rica y profunda del amor cristiano.<\/li>\n<\/ol>\n\t\t\t\t\t\t\t\t<\/div>\n\t\t\t\t<\/div>\n\t\t\t\t\t<\/div>\n\t\t<\/div>\n\t\t\t\t\t<\/div>\n\t\t<\/section>\n\t\t\t\t<section class=\"elementor-section elementor-top-section elementor-element elementor-element-3d852d2 elementor-section-boxed elementor-section-height-default elementor-section-height-default\" data-id=\"3d852d2\" data-element_type=\"section\" data-e-type=\"section\">\n\t\t\t\t\t\t<div class=\"elementor-container elementor-column-gap-default\">\n\t\t\t\t\t<div class=\"elementor-column elementor-col-100 elementor-top-column elementor-element elementor-element-1d1f4d3\" data-id=\"1d1f4d3\" data-element_type=\"column\" data-e-type=\"column\">\n\t\t\t<div class=\"elementor-widget-wrap elementor-element-populated\">\n\t\t\t\t\t\t<div class=\"elementor-element elementor-element-d5dd27d elementor-arrows-position-inside elementor-pagination-position-outside elementor-widget elementor-widget-image-carousel\" data-id=\"d5dd27d\" data-element_type=\"widget\" data-e-type=\"widget\" data-settings=\"{&quot;slides_to_show&quot;:&quot;1&quot;,&quot;navigation&quot;:&quot;both&quot;,&quot;autoplay&quot;:&quot;yes&quot;,&quot;pause_on_hover&quot;:&quot;yes&quot;,&quot;pause_on_interaction&quot;:&quot;yes&quot;,&quot;autoplay_speed&quot;:5000,&quot;infinite&quot;:&quot;yes&quot;,&quot;effect&quot;:&quot;slide&quot;,&quot;speed&quot;:500}\" data-widget_type=\"image-carousel.default\">\n\t\t\t\t<div class=\"elementor-widget-container\">\n\t\t\t\t\t\t\t<div class=\"elementor-image-carousel-wrapper swiper\" role=\"region\" aria-roledescription=\"carousel\" aria-label=\"Carrusel de im\u00e1genes\" dir=\"ltr\">\n\t\t\t<div class=\"elementor-image-carousel swiper-wrapper\" aria-live=\"off\">\n\t\t\t\t\t\t\t\t<div class=\"swiper-slide\" role=\"group\" aria-roledescription=\"slide\" aria-label=\"1 de 9\"><figure class=\"swiper-slide-inner\"><img decoding=\"async\" class=\"swiper-slide-image lazyload\" data-src=\"https:\/\/www.sanluisrey.edu.co\/new\/wp-content\/uploads\/2025\/04\/1-R-1024x678.jpg\" alt=\"1 R\" src=\"data:image\/svg+xml;base64,PHN2ZyB3aWR0aD0iMSIgaGVpZ2h0PSIxIiB4bWxucz0iaHR0cDovL3d3dy53My5vcmcvMjAwMC9zdmciPjwvc3ZnPg==\" style=\"--smush-placeholder-width: 1024px; --smush-placeholder-aspect-ratio: 1024\/678;\" \/><\/figure><\/div><div class=\"swiper-slide\" role=\"group\" aria-roledescription=\"slide\" aria-label=\"2 de 9\"><figure class=\"swiper-slide-inner\"><img decoding=\"async\" class=\"swiper-slide-image lazyload\" data-src=\"https:\/\/www.sanluisrey.edu.co\/new\/wp-content\/uploads\/2025\/04\/3-R-1024x678.jpg\" alt=\"3 R\" src=\"data:image\/svg+xml;base64,PHN2ZyB3aWR0aD0iMSIgaGVpZ2h0PSIxIiB4bWxucz0iaHR0cDovL3d3dy53My5vcmcvMjAwMC9zdmciPjwvc3ZnPg==\" style=\"--smush-placeholder-width: 1024px; --smush-placeholder-aspect-ratio: 1024\/678;\" \/><\/figure><\/div><div class=\"swiper-slide\" role=\"group\" aria-roledescription=\"slide\" aria-label=\"3 de 9\"><figure class=\"swiper-slide-inner\"><img decoding=\"async\" class=\"swiper-slide-image lazyload\" data-src=\"https:\/\/www.sanluisrey.edu.co\/new\/wp-content\/uploads\/2025\/04\/4-R-1024x678.jpg\" alt=\"4 R\" src=\"data:image\/svg+xml;base64,PHN2ZyB3aWR0aD0iMSIgaGVpZ2h0PSIxIiB4bWxucz0iaHR0cDovL3d3dy53My5vcmcvMjAwMC9zdmciPjwvc3ZnPg==\" style=\"--smush-placeholder-width: 1024px; --smush-placeholder-aspect-ratio: 1024\/678;\" \/><\/figure><\/div><div class=\"swiper-slide\" role=\"group\" aria-roledescription=\"slide\" aria-label=\"4 de 9\"><figure class=\"swiper-slide-inner\"><img decoding=\"async\" class=\"swiper-slide-image lazyload\" data-src=\"https:\/\/www.sanluisrey.edu.co\/new\/wp-content\/uploads\/2025\/04\/5-R-1024x678.jpg\" alt=\"5 R\" src=\"data:image\/svg+xml;base64,PHN2ZyB3aWR0aD0iMSIgaGVpZ2h0PSIxIiB4bWxucz0iaHR0cDovL3d3dy53My5vcmcvMjAwMC9zdmciPjwvc3ZnPg==\" style=\"--smush-placeholder-width: 1024px; --smush-placeholder-aspect-ratio: 1024\/678;\" \/><\/figure><\/div><div class=\"swiper-slide\" role=\"group\" aria-roledescription=\"slide\" aria-label=\"5 de 9\"><figure class=\"swiper-slide-inner\"><img decoding=\"async\" class=\"swiper-slide-image lazyload\" data-src=\"https:\/\/www.sanluisrey.edu.co\/new\/wp-content\/uploads\/2025\/04\/6-R-1024x678.jpg\" alt=\"6 R\" src=\"data:image\/svg+xml;base64,PHN2ZyB3aWR0aD0iMSIgaGVpZ2h0PSIxIiB4bWxucz0iaHR0cDovL3d3dy53My5vcmcvMjAwMC9zdmciPjwvc3ZnPg==\" style=\"--smush-placeholder-width: 1024px; --smush-placeholder-aspect-ratio: 1024\/678;\" \/><\/figure><\/div><div class=\"swiper-slide\" role=\"group\" aria-roledescription=\"slide\" aria-label=\"6 de 9\"><figure class=\"swiper-slide-inner\"><img decoding=\"async\" class=\"swiper-slide-image lazyload\" data-src=\"https:\/\/www.sanluisrey.edu.co\/new\/wp-content\/uploads\/2025\/04\/7-R-1024x678.jpg\" alt=\"7 R\" src=\"data:image\/svg+xml;base64,PHN2ZyB3aWR0aD0iMSIgaGVpZ2h0PSIxIiB4bWxucz0iaHR0cDovL3d3dy53My5vcmcvMjAwMC9zdmciPjwvc3ZnPg==\" style=\"--smush-placeholder-width: 1024px; --smush-placeholder-aspect-ratio: 1024\/678;\" \/><\/figure><\/div><div class=\"swiper-slide\" role=\"group\" aria-roledescription=\"slide\" aria-label=\"7 de 9\"><figure class=\"swiper-slide-inner\"><img decoding=\"async\" class=\"swiper-slide-image lazyload\" data-src=\"https:\/\/www.sanluisrey.edu.co\/new\/wp-content\/uploads\/2025\/04\/8-R-1024x678.jpg\" alt=\"8 R\" src=\"data:image\/svg+xml;base64,PHN2ZyB3aWR0aD0iMSIgaGVpZ2h0PSIxIiB4bWxucz0iaHR0cDovL3d3dy53My5vcmcvMjAwMC9zdmciPjwvc3ZnPg==\" style=\"--smush-placeholder-width: 1024px; --smush-placeholder-aspect-ratio: 1024\/678;\" \/><\/figure><\/div><div class=\"swiper-slide\" role=\"group\" aria-roledescription=\"slide\" aria-label=\"8 de 9\"><figure class=\"swiper-slide-inner\"><img decoding=\"async\" class=\"swiper-slide-image lazyload\" data-src=\"https:\/\/www.sanluisrey.edu.co\/new\/wp-content\/uploads\/2025\/04\/9-R-1024x678.jpg\" alt=\"9 R\" src=\"data:image\/svg+xml;base64,PHN2ZyB3aWR0aD0iMSIgaGVpZ2h0PSIxIiB4bWxucz0iaHR0cDovL3d3dy53My5vcmcvMjAwMC9zdmciPjwvc3ZnPg==\" style=\"--smush-placeholder-width: 1024px; --smush-placeholder-aspect-ratio: 1024\/678;\" \/><\/figure><\/div><div class=\"swiper-slide\" role=\"group\" aria-roledescription=\"slide\" aria-label=\"9 de 9\"><figure class=\"swiper-slide-inner\"><img decoding=\"async\" class=\"swiper-slide-image lazyload\" data-src=\"https:\/\/www.sanluisrey.edu.co\/new\/wp-content\/uploads\/2025\/04\/10-R-1024x678.jpg\" alt=\"10 R\" src=\"data:image\/svg+xml;base64,PHN2ZyB3aWR0aD0iMSIgaGVpZ2h0PSIxIiB4bWxucz0iaHR0cDovL3d3dy53My5vcmcvMjAwMC9zdmciPjwvc3ZnPg==\" style=\"--smush-placeholder-width: 1024px; --smush-placeholder-aspect-ratio: 1024\/678;\" \/><\/figure><\/div>\t\t\t<\/div>\n\t\t\t\t\t\t\t\t\t\t\t\t<div class=\"elementor-swiper-button elementor-swiper-button-prev\" role=\"button\" tabindex=\"0\">\n\t\t\t\t\t\t<i aria-hidden=\"true\" class=\"eicon-chevron-left\"><\/i>\t\t\t\t\t<\/div>\n\t\t\t\t\t<div class=\"elementor-swiper-button elementor-swiper-button-next\" role=\"button\" tabindex=\"0\">\n\t\t\t\t\t\t<i aria-hidden=\"true\" class=\"eicon-chevron-right\"><\/i>\t\t\t\t\t<\/div>\n\t\t\t\t\n\t\t\t\t\t\t\t\t\t<div class=\"swiper-pagination\"><\/div>\n\t\t\t\t\t\t\t\t\t<\/div>\n\t\t\t\t\t\t<\/div>\n\t\t\t\t<\/div>\n\t\t\t\t\t<\/div>\n\t\t<\/div>\n\t\t\t\t\t<\/div>\n\t\t<\/section>\n\t\t\t\t<\/div>\n\t\t","protected":false},"excerpt":{"rendered":"<p>Retiro Espiritual: Encuentros de Fe El lunes 14 de abril, nuestro Director de Pastoral, Fray Jorge Botero Pineda O.F.M., ofreci\u00f3 a todos los colaboradores un retiro espiritual orientado en la fe. Este evento, titulado&nbsp;Encuentros de Fe: La Importancia de Vivir la Experiencia, se centr\u00f3 en la reflexi\u00f3n sobre la fe [&hellip;]<\/p>\n","protected":false},"author":1,"featured_media":19016,"comment_status":"closed","ping_status":"closed","sticky":false,"template":"","format":"standard","meta":{"_monsterinsights_skip_tracking":false,"_monsterinsights_sitenote_active":false,"_monsterinsights_sitenote_note":"","_monsterinsights_sitenote_category":0,"two_page_speed":[],"_jetpack_memberships_contains_paid_content":false,"footnotes":""},"categories":[1],"tags":[],"class_list":["post-18992","post","type-post","status-publish","format-standard","has-post-thumbnail","hentry","category-sin-categoria"],"yoast_head":"<!-- This site is optimized with the Yoast SEO plugin v27.5 - https:\/\/yoast.com\/product\/yoast-seo-wordpress\/ -->\n<title>Retiro Espiritual - Colegio San Luis Rey<\/title>\n<meta name=\"robots\" content=\"index, follow, max-snippet:-1, max-image-preview:large, max-video-preview:-1\" \/>\n<link rel=\"canonical\" href=\"https:\/\/www.sanluisrey.edu.co\/new\/retiro-espiritual-2\/\" \/>\n<meta property=\"og:locale\" content=\"es_ES\" \/>\n<meta property=\"og:type\" content=\"article\" \/>\n<meta property=\"og:title\" content=\"Retiro Espiritual - Colegio San Luis Rey\" \/>\n<meta property=\"og:description\" content=\"Retiro Espiritual: Encuentros de Fe El lunes 14 de abril, nuestro Director de Pastoral, Fray Jorge Botero Pineda O.F.M., ofreci\u00f3 a todos los colaboradores un retiro espiritual orientado en la fe. Este evento, titulado&nbsp;Encuentros de Fe: La Importancia de Vivir la Experiencia, se centr\u00f3 en la reflexi\u00f3n sobre la fe [&hellip;]\" \/>\n<meta property=\"og:url\" content=\"https:\/\/www.sanluisrey.edu.co\/new\/retiro-espiritual-2\/\" \/>\n<meta property=\"og:site_name\" content=\"Colegio San Luis Rey\" \/>\n<meta property=\"article:author\" content=\"https:\/\/web.facebook.com\/sanluisreyarmenia\/?_rdc=1&amp;_rdr\" \/>\n<meta property=\"article:published_time\" content=\"2025-04-15T16:27:53+00:00\" \/>\n<meta property=\"article:modified_time\" content=\"2025-04-15T21:02:06+00:00\" \/>\n<meta property=\"og:image\" content=\"https:\/\/www.sanluisrey.edu.co\/new\/wp-content\/uploads\/2025\/04\/2-R-scaled.jpg\" \/>\n\t<meta property=\"og:image:width\" content=\"2560\" \/>\n\t<meta property=\"og:image:height\" content=\"1696\" \/>\n\t<meta property=\"og:image:type\" content=\"image\/jpeg\" \/>\n<meta name=\"author\" content=\"Colegio Franciscano San Luis Rey\" \/>\n<meta name=\"twitter:card\" content=\"summary_large_image\" \/>\n<meta name=\"twitter:creator\" content=\"@https:\/\/twitter.com\/san_luis_rey\" \/>\n<meta name=\"twitter:label1\" content=\"Escrito por\" \/>\n\t<meta name=\"twitter:data1\" content=\"Colegio Franciscano San Luis Rey\" \/>\n\t<meta name=\"twitter:label2\" content=\"Tiempo de lectura\" \/>\n\t<meta name=\"twitter:data2\" content=\"6 minutos\" \/>\n<script type=\"application\/ld+json\" class=\"yoast-schema-graph\">{\"@context\":\"https:\\\/\\\/schema.org\",\"@graph\":[{\"@type\":\"Article\",\"@id\":\"https:\\\/\\\/www.sanluisrey.edu.co\\\/new\\\/retiro-espiritual-2\\\/#article\",\"isPartOf\":{\"@id\":\"https:\\\/\\\/www.sanluisrey.edu.co\\\/new\\\/retiro-espiritual-2\\\/\"},\"author\":{\"name\":\"Colegio Franciscano San Luis Rey\",\"@id\":\"https:\\\/\\\/www.sanluisrey.edu.co\\\/new\\\/#\\\/schema\\\/person\\\/95c521ab3dc11c1a9bacf54769a78394\"},\"headline\":\"Retiro Espiritual\",\"datePublished\":\"2025-04-15T16:27:53+00:00\",\"dateModified\":\"2025-04-15T21:02:06+00:00\",\"mainEntityOfPage\":{\"@id\":\"https:\\\/\\\/www.sanluisrey.edu.co\\\/new\\\/retiro-espiritual-2\\\/\"},\"wordCount\":888,\"image\":{\"@id\":\"https:\\\/\\\/www.sanluisrey.edu.co\\\/new\\\/retiro-espiritual-2\\\/#primaryimage\"},\"thumbnailUrl\":\"https:\\\/\\\/www.sanluisrey.edu.co\\\/new\\\/wp-content\\\/uploads\\\/2025\\\/04\\\/2-R-scaled.jpg\",\"inLanguage\":\"es\"},{\"@type\":\"WebPage\",\"@id\":\"https:\\\/\\\/www.sanluisrey.edu.co\\\/new\\\/retiro-espiritual-2\\\/\",\"url\":\"https:\\\/\\\/www.sanluisrey.edu.co\\\/new\\\/retiro-espiritual-2\\\/\",\"name\":\"Retiro Espiritual - Colegio San Luis Rey\",\"isPartOf\":{\"@id\":\"https:\\\/\\\/www.sanluisrey.edu.co\\\/new\\\/#website\"},\"primaryImageOfPage\":{\"@id\":\"https:\\\/\\\/www.sanluisrey.edu.co\\\/new\\\/retiro-espiritual-2\\\/#primaryimage\"},\"image\":{\"@id\":\"https:\\\/\\\/www.sanluisrey.edu.co\\\/new\\\/retiro-espiritual-2\\\/#primaryimage\"},\"thumbnailUrl\":\"https:\\\/\\\/www.sanluisrey.edu.co\\\/new\\\/wp-content\\\/uploads\\\/2025\\\/04\\\/2-R-scaled.jpg\",\"datePublished\":\"2025-04-15T16:27:53+00:00\",\"dateModified\":\"2025-04-15T21:02:06+00:00\",\"author\":{\"@id\":\"https:\\\/\\\/www.sanluisrey.edu.co\\\/new\\\/#\\\/schema\\\/person\\\/95c521ab3dc11c1a9bacf54769a78394\"},\"breadcrumb\":{\"@id\":\"https:\\\/\\\/www.sanluisrey.edu.co\\\/new\\\/retiro-espiritual-2\\\/#breadcrumb\"},\"inLanguage\":\"es\",\"potentialAction\":[{\"@type\":\"ReadAction\",\"target\":[\"https:\\\/\\\/www.sanluisrey.edu.co\\\/new\\\/retiro-espiritual-2\\\/\"]}]},{\"@type\":\"ImageObject\",\"inLanguage\":\"es\",\"@id\":\"https:\\\/\\\/www.sanluisrey.edu.co\\\/new\\\/retiro-espiritual-2\\\/#primaryimage\",\"url\":\"https:\\\/\\\/www.sanluisrey.edu.co\\\/new\\\/wp-content\\\/uploads\\\/2025\\\/04\\\/2-R-scaled.jpg\",\"contentUrl\":\"https:\\\/\\\/www.sanluisrey.edu.co\\\/new\\\/wp-content\\\/uploads\\\/2025\\\/04\\\/2-R-scaled.jpg\",\"width\":2560,\"height\":1696},{\"@type\":\"BreadcrumbList\",\"@id\":\"https:\\\/\\\/www.sanluisrey.edu.co\\\/new\\\/retiro-espiritual-2\\\/#breadcrumb\",\"itemListElement\":[{\"@type\":\"ListItem\",\"position\":1,\"name\":\"Home\",\"item\":\"https:\\\/\\\/www.sanluisrey.edu.co\\\/new\\\/\"},{\"@type\":\"ListItem\",\"position\":2,\"name\":\"Retiro Espiritual\"}]},{\"@type\":\"WebSite\",\"@id\":\"https:\\\/\\\/www.sanluisrey.edu.co\\\/new\\\/#website\",\"url\":\"https:\\\/\\\/www.sanluisrey.edu.co\\\/new\\\/\",\"name\":\"Colegio San Luis Rey\",\"description\":\"Comunidad Franciscana Provincia de la Santa Fe\",\"potentialAction\":[{\"@type\":\"SearchAction\",\"target\":{\"@type\":\"EntryPoint\",\"urlTemplate\":\"https:\\\/\\\/www.sanluisrey.edu.co\\\/new\\\/?s={search_term_string}\"},\"query-input\":{\"@type\":\"PropertyValueSpecification\",\"valueRequired\":true,\"valueName\":\"search_term_string\"}}],\"inLanguage\":\"es\"},{\"@type\":\"Person\",\"@id\":\"https:\\\/\\\/www.sanluisrey.edu.co\\\/new\\\/#\\\/schema\\\/person\\\/95c521ab3dc11c1a9bacf54769a78394\",\"name\":\"Colegio Franciscano San Luis Rey\",\"image\":{\"@type\":\"ImageObject\",\"inLanguage\":\"es\",\"@id\":\"https:\\\/\\\/secure.gravatar.com\\\/avatar\\\/fe07d4fe7d07e705f3dcebbfb00bd721c65e9deca5b80342bbf641330ea86b26?s=96&d=mm&r=g\",\"url\":\"https:\\\/\\\/secure.gravatar.com\\\/avatar\\\/fe07d4fe7d07e705f3dcebbfb00bd721c65e9deca5b80342bbf641330ea86b26?s=96&d=mm&r=g\",\"contentUrl\":\"https:\\\/\\\/secure.gravatar.com\\\/avatar\\\/fe07d4fe7d07e705f3dcebbfb00bd721c65e9deca5b80342bbf641330ea86b26?s=96&d=mm&r=g\",\"caption\":\"Colegio Franciscano San Luis Rey\"},\"sameAs\":[\"https:\\\/\\\/www.sanluisrey.edu.co\",\"https:\\\/\\\/web.facebook.com\\\/sanluisreyarmenia\\\/?_rdc=1&_rdr\",\"https:\\\/\\\/www.instagram.com\\\/colegiofranciscanosanluisrey\\\/\",\"https:\\\/\\\/x.com\\\/https:\\\/\\\/twitter.com\\\/san_luis_rey\",\"https:\\\/\\\/www.youtube.com\\\/user\\\/colegiosanluisrey\\\/\"],\"url\":\"https:\\\/\\\/www.sanluisrey.edu.co\\\/new\\\/author\\\/adminrey\\\/\"}]}<\/script>\n<!-- \/ Yoast SEO plugin. -->","yoast_head_json":{"title":"Retiro Espiritual - Colegio San Luis Rey","robots":{"index":"index","follow":"follow","max-snippet":"max-snippet:-1","max-image-preview":"max-image-preview:large","max-video-preview":"max-video-preview:-1"},"canonical":"https:\/\/www.sanluisrey.edu.co\/new\/retiro-espiritual-2\/","og_locale":"es_ES","og_type":"article","og_title":"Retiro Espiritual - Colegio San Luis Rey","og_description":"Retiro Espiritual: Encuentros de Fe El lunes 14 de abril, nuestro Director de Pastoral, Fray Jorge Botero Pineda O.F.M., ofreci\u00f3 a todos los colaboradores un retiro espiritual orientado en la fe. Este evento, titulado&nbsp;Encuentros de Fe: La Importancia de Vivir la Experiencia, se centr\u00f3 en la reflexi\u00f3n sobre la fe [&hellip;]","og_url":"https:\/\/www.sanluisrey.edu.co\/new\/retiro-espiritual-2\/","og_site_name":"Colegio San Luis Rey","article_author":"https:\/\/web.facebook.com\/sanluisreyarmenia\/?_rdc=1&_rdr","article_published_time":"2025-04-15T16:27:53+00:00","article_modified_time":"2025-04-15T21:02:06+00:00","og_image":[{"width":2560,"height":1696,"url":"https:\/\/www.sanluisrey.edu.co\/new\/wp-content\/uploads\/2025\/04\/2-R-scaled.jpg","type":"image\/jpeg"}],"author":"Colegio Franciscano San Luis Rey","twitter_card":"summary_large_image","twitter_creator":"@https:\/\/twitter.com\/san_luis_rey","twitter_misc":{"Escrito por":"Colegio Franciscano San Luis Rey","Tiempo de lectura":"6 minutos"},"schema":{"@context":"https:\/\/schema.org","@graph":[{"@type":"Article","@id":"https:\/\/www.sanluisrey.edu.co\/new\/retiro-espiritual-2\/#article","isPartOf":{"@id":"https:\/\/www.sanluisrey.edu.co\/new\/retiro-espiritual-2\/"},"author":{"name":"Colegio Franciscano San Luis Rey","@id":"https:\/\/www.sanluisrey.edu.co\/new\/#\/schema\/person\/95c521ab3dc11c1a9bacf54769a78394"},"headline":"Retiro Espiritual","datePublished":"2025-04-15T16:27:53+00:00","dateModified":"2025-04-15T21:02:06+00:00","mainEntityOfPage":{"@id":"https:\/\/www.sanluisrey.edu.co\/new\/retiro-espiritual-2\/"},"wordCount":888,"image":{"@id":"https:\/\/www.sanluisrey.edu.co\/new\/retiro-espiritual-2\/#primaryimage"},"thumbnailUrl":"https:\/\/www.sanluisrey.edu.co\/new\/wp-content\/uploads\/2025\/04\/2-R-scaled.jpg","inLanguage":"es"},{"@type":"WebPage","@id":"https:\/\/www.sanluisrey.edu.co\/new\/retiro-espiritual-2\/","url":"https:\/\/www.sanluisrey.edu.co\/new\/retiro-espiritual-2\/","name":"Retiro Espiritual - Colegio San Luis Rey","isPartOf":{"@id":"https:\/\/www.sanluisrey.edu.co\/new\/#website"},"primaryImageOfPage":{"@id":"https:\/\/www.sanluisrey.edu.co\/new\/retiro-espiritual-2\/#primaryimage"},"image":{"@id":"https:\/\/www.sanluisrey.edu.co\/new\/retiro-espiritual-2\/#primaryimage"},"thumbnailUrl":"https:\/\/www.sanluisrey.edu.co\/new\/wp-content\/uploads\/2025\/04\/2-R-scaled.jpg","datePublished":"2025-04-15T16:27:53+00:00","dateModified":"2025-04-15T21:02:06+00:00","author":{"@id":"https:\/\/www.sanluisrey.edu.co\/new\/#\/schema\/person\/95c521ab3dc11c1a9bacf54769a78394"},"breadcrumb":{"@id":"https:\/\/www.sanluisrey.edu.co\/new\/retiro-espiritual-2\/#breadcrumb"},"inLanguage":"es","potentialAction":[{"@type":"ReadAction","target":["https:\/\/www.sanluisrey.edu.co\/new\/retiro-espiritual-2\/"]}]},{"@type":"ImageObject","inLanguage":"es","@id":"https:\/\/www.sanluisrey.edu.co\/new\/retiro-espiritual-2\/#primaryimage","url":"https:\/\/www.sanluisrey.edu.co\/new\/wp-content\/uploads\/2025\/04\/2-R-scaled.jpg","contentUrl":"https:\/\/www.sanluisrey.edu.co\/new\/wp-content\/uploads\/2025\/04\/2-R-scaled.jpg","width":2560,"height":1696},{"@type":"BreadcrumbList","@id":"https:\/\/www.sanluisrey.edu.co\/new\/retiro-espiritual-2\/#breadcrumb","itemListElement":[{"@type":"ListItem","position":1,"name":"Home","item":"https:\/\/www.sanluisrey.edu.co\/new\/"},{"@type":"ListItem","position":2,"name":"Retiro Espiritual"}]},{"@type":"WebSite","@id":"https:\/\/www.sanluisrey.edu.co\/new\/#website","url":"https:\/\/www.sanluisrey.edu.co\/new\/","name":"Colegio San Luis Rey","description":"Comunidad Franciscana Provincia de la Santa Fe","potentialAction":[{"@type":"SearchAction","target":{"@type":"EntryPoint","urlTemplate":"https:\/\/www.sanluisrey.edu.co\/new\/?s={search_term_string}"},"query-input":{"@type":"PropertyValueSpecification","valueRequired":true,"valueName":"search_term_string"}}],"inLanguage":"es"},{"@type":"Person","@id":"https:\/\/www.sanluisrey.edu.co\/new\/#\/schema\/person\/95c521ab3dc11c1a9bacf54769a78394","name":"Colegio Franciscano San Luis Rey","image":{"@type":"ImageObject","inLanguage":"es","@id":"https:\/\/secure.gravatar.com\/avatar\/fe07d4fe7d07e705f3dcebbfb00bd721c65e9deca5b80342bbf641330ea86b26?s=96&d=mm&r=g","url":"https:\/\/secure.gravatar.com\/avatar\/fe07d4fe7d07e705f3dcebbfb00bd721c65e9deca5b80342bbf641330ea86b26?s=96&d=mm&r=g","contentUrl":"https:\/\/secure.gravatar.com\/avatar\/fe07d4fe7d07e705f3dcebbfb00bd721c65e9deca5b80342bbf641330ea86b26?s=96&d=mm&r=g","caption":"Colegio Franciscano San Luis Rey"},"sameAs":["https:\/\/www.sanluisrey.edu.co","https:\/\/web.facebook.com\/sanluisreyarmenia\/?_rdc=1&_rdr","https:\/\/www.instagram.com\/colegiofranciscanosanluisrey\/","https:\/\/x.com\/https:\/\/twitter.com\/san_luis_rey","https:\/\/www.youtube.com\/user\/colegiosanluisrey\/"],"url":"https:\/\/www.sanluisrey.edu.co\/new\/author\/adminrey\/"}]}},"jetpack_featured_media_url":"https:\/\/www.sanluisrey.edu.co\/new\/wp-content\/uploads\/2025\/04\/2-R-scaled.jpg","jetpack_sharing_enabled":true,"_links":{"self":[{"href":"https:\/\/www.sanluisrey.edu.co\/new\/wp-json\/wp\/v2\/posts\/18992","targetHints":{"allow":["GET"]}}],"collection":[{"href":"https:\/\/www.sanluisrey.edu.co\/new\/wp-json\/wp\/v2\/posts"}],"about":[{"href":"https:\/\/www.sanluisrey.edu.co\/new\/wp-json\/wp\/v2\/types\/post"}],"author":[{"embeddable":true,"href":"https:\/\/www.sanluisrey.edu.co\/new\/wp-json\/wp\/v2\/users\/1"}],"replies":[{"embeddable":true,"href":"https:\/\/www.sanluisrey.edu.co\/new\/wp-json\/wp\/v2\/comments?post=18992"}],"version-history":[{"count":4,"href":"https:\/\/www.sanluisrey.edu.co\/new\/wp-json\/wp\/v2\/posts\/18992\/revisions"}],"predecessor-version":[{"id":19029,"href":"https:\/\/www.sanluisrey.edu.co\/new\/wp-json\/wp\/v2\/posts\/18992\/revisions\/19029"}],"wp:featuredmedia":[{"embeddable":true,"href":"https:\/\/www.sanluisrey.edu.co\/new\/wp-json\/wp\/v2\/media\/19016"}],"wp:attachment":[{"href":"https:\/\/www.sanluisrey.edu.co\/new\/wp-json\/wp\/v2\/media?parent=18992"}],"wp:term":[{"taxonomy":"category","embeddable":true,"href":"https:\/\/www.sanluisrey.edu.co\/new\/wp-json\/wp\/v2\/categories?post=18992"},{"taxonomy":"post_tag","embeddable":true,"href":"https:\/\/www.sanluisrey.edu.co\/new\/wp-json\/wp\/v2\/tags?post=18992"}],"curies":[{"name":"wp","href":"https:\/\/api.w.org\/{rel}","templated":true}]}}