{"id":1965,"date":"2018-06-23T16:37:29","date_gmt":"2018-06-23T21:37:29","guid":{"rendered":"http:\/\/www.visualbit.co\/sanluis\/?p=1965"},"modified":"2020-04-23T16:39:05","modified_gmt":"2020-04-23T21:39:05","slug":"celebrando-el-dia-de-mama","status":"publish","type":"post","link":"https:\/\/www.sanluisrey.edu.co\/new\/celebrando-el-dia-de-mama\/","title":{"rendered":"Celebrando el d\u00eda de MAMA"},"content":{"rendered":"\t\t<div data-elementor-type=\"wp-post\" data-elementor-id=\"1965\" class=\"elementor elementor-1965\">\n\t\t\t\t\t\t<section class=\"elementor-section elementor-top-section elementor-element elementor-element-a8b6405 elementor-section-boxed elementor-section-height-default elementor-section-height-default\" data-id=\"a8b6405\" data-element_type=\"section\" data-e-type=\"section\">\n\t\t\t\t\t\t<div class=\"elementor-container elementor-column-gap-default\">\n\t\t\t\t\t<div class=\"elementor-column elementor-col-100 elementor-top-column elementor-element elementor-element-6befd04\" data-id=\"6befd04\" data-element_type=\"column\" data-e-type=\"column\">\n\t\t\t<div class=\"elementor-widget-wrap elementor-element-populated\">\n\t\t\t\t\t\t<div class=\"elementor-element elementor-element-8634788 elementor-widget elementor-widget-heading\" data-id=\"8634788\" data-element_type=\"widget\" data-e-type=\"widget\" data-widget_type=\"heading.default\">\n\t\t\t\t<div class=\"elementor-widget-container\">\n\t\t\t\t\t<h2 class=\"elementor-heading-title elementor-size-default\">Celebrando el d\u00eda de MAMA<\/h2>\t\t\t\t<\/div>\n\t\t\t\t<\/div>\n\t\t\t\t\t<\/div>\n\t\t<\/div>\n\t\t\t\t\t<\/div>\n\t\t<\/section>\n\t\t\t\t<section class=\"elementor-section elementor-top-section elementor-element elementor-element-bf5620a elementor-section-boxed elementor-section-height-default elementor-section-height-default\" data-id=\"bf5620a\" data-element_type=\"section\" data-e-type=\"section\">\n\t\t\t\t\t\t<div class=\"elementor-container elementor-column-gap-default\">\n\t\t\t\t\t<div class=\"elementor-column elementor-col-100 elementor-top-column elementor-element elementor-element-887c5b6\" data-id=\"887c5b6\" data-element_type=\"column\" data-e-type=\"column\">\n\t\t\t<div class=\"elementor-widget-wrap elementor-element-populated\">\n\t\t\t\t\t\t<div class=\"elementor-element elementor-element-f3c194f elementor-widget elementor-widget-image\" data-id=\"f3c194f\" data-element_type=\"widget\" data-e-type=\"widget\" data-widget_type=\"image.default\">\n\t\t\t\t<div class=\"elementor-widget-container\">\n\t\t\t\t\t\t\t\t\t\t\t\t\t\t\t<img fetchpriority=\"high\" decoding=\"async\" width=\"750\" height=\"379\" src=\"https:\/\/www.sanluisrey.edu.co\/new\/wp-content\/uploads\/2020\/04\/DiadeMAMA.jpg\" class=\"attachment-large size-large wp-image-1969\" alt=\"\" srcset=\"https:\/\/www.sanluisrey.edu.co\/new\/wp-content\/uploads\/2020\/04\/DiadeMAMA.jpg 772w, https:\/\/www.sanluisrey.edu.co\/new\/wp-content\/uploads\/2020\/04\/DiadeMAMA-600x303.jpg 600w, https:\/\/www.sanluisrey.edu.co\/new\/wp-content\/uploads\/2020\/04\/DiadeMAMA-300x152.jpg 300w, https:\/\/www.sanluisrey.edu.co\/new\/wp-content\/uploads\/2020\/04\/DiadeMAMA-768x388.jpg 768w\" sizes=\"(max-width: 750px) 100vw, 750px\" \/>\t\t\t\t\t\t\t\t\t\t\t\t\t\t\t<\/div>\n\t\t\t\t<\/div>\n\t\t\t\t<div class=\"elementor-element elementor-element-01d2166 elementor-widget elementor-widget-text-editor\" data-id=\"01d2166\" data-element_type=\"widget\" data-e-type=\"widget\" data-widget_type=\"text-editor.default\">\n\t\t\t\t<div class=\"elementor-widget-container\">\n\t\t\t\t\t\t\t\t\t<p style=\"margin-bottom: 10px; color: #333333; font-family: natural; font-size: 17px;\">En un bello acto celebrado el d\u00eda 30 de mayo en el coliseo del colegio, nuestro preescolar demostrando todo su talento ha celebrado el d\u00eda de mam\u00e1. Para ello la coordinaci\u00f3n de Preescolar y todo el equipo el de profesores, han preparado a los ni\u00f1os de todos los grados para que deleiten a sus mam\u00e1s con bailes y canciones alusivas al d\u00eda de las madres.\u00a0<a href=\"https:\/\/www.facebook.com\/hashtag\/sanluisescalidad?source=feed_text\" style=\"background-image: initial; background-position: initial; background-size: initial; background-repeat: initial; background-attachment: initial; background-origin: initial; background-clip: initial; color: #428bca;\"><span aria-label=\"numeral\">#<\/span>SanLuisEsCalidad<\/a><\/p><p style=\"margin-bottom: 10px; color: #333333; font-family: natural; font-size: 17px;\"><a href=\"https:\/\/www.facebook.com\/sanluisreyarmenia\/photos\/pcb.2142932215722393\/2142925575723057\/?type=3&amp;theater\" target=\"_blank\" rel=\"noopener\" style=\"background-image: initial; background-position: initial; background-size: initial; background-repeat: initial; background-attachment: initial; background-origin: initial; background-clip: initial; color: #428bca;\">Ver fotos en Facebook<\/a><\/p>\t\t\t\t\t\t\t\t<\/div>\n\t\t\t\t<\/div>\n\t\t\t\t\t<\/div>\n\t\t<\/div>\n\t\t\t\t\t<\/div>\n\t\t<\/section>\n\t\t\t\t<\/div>\n\t\t","protected":false},"excerpt":{"rendered":"<p>Celebrando el d\u00eda de MAMA En un bello acto celebrado el d\u00eda 30 de mayo en el coliseo del colegio, nuestro preescolar demostrando todo su talento ha celebrado el d\u00eda de mam\u00e1. Para ello la coordinaci\u00f3n de Preescolar y todo el equipo el de profesores, han preparado a los ni\u00f1os [&hellip;]<\/p>\n","protected":false},"author":1,"featured_media":0,"comment_status":"open","ping_status":"open","sticky":false,"template":"","format":"standard","meta":{"_monsterinsights_skip_tracking":false,"_monsterinsights_sitenote_active":false,"_monsterinsights_sitenote_note":"","_monsterinsights_sitenote_category":0,"two_page_speed":[],"_jetpack_memberships_contains_paid_content":false,"footnotes":""},"categories":[7],"tags":[],"class_list":["post-1965","post","type-post","status-publish","format-standard","hentry","category-noticias"],"yoast_head":"<!-- This site is optimized with the Yoast SEO plugin v27.5 - https:\/\/yoast.com\/product\/yoast-seo-wordpress\/ -->\n<title>Celebrando el d\u00eda de MAMA - Colegio San Luis Rey<\/title>\n<meta name=\"robots\" content=\"index, follow, max-snippet:-1, max-image-preview:large, max-video-preview:-1\" \/>\n<link rel=\"canonical\" href=\"https:\/\/www.sanluisrey.edu.co\/new\/celebrando-el-dia-de-mama\/\" \/>\n<meta property=\"og:locale\" content=\"es_ES\" \/>\n<meta property=\"og:type\" content=\"article\" \/>\n<meta property=\"og:title\" content=\"Celebrando el d\u00eda de MAMA - Colegio San Luis Rey\" \/>\n<meta property=\"og:description\" content=\"Celebrando el d\u00eda de MAMA En un bello acto celebrado el d\u00eda 30 de mayo en el coliseo del colegio, nuestro preescolar demostrando todo su talento ha celebrado el d\u00eda de mam\u00e1. Para ello la coordinaci\u00f3n de Preescolar y todo el equipo el de profesores, han preparado a los ni\u00f1os [&hellip;]\" \/>\n<meta property=\"og:url\" content=\"https:\/\/www.sanluisrey.edu.co\/new\/celebrando-el-dia-de-mama\/\" \/>\n<meta property=\"og:site_name\" content=\"Colegio San Luis Rey\" \/>\n<meta property=\"article:author\" content=\"https:\/\/web.facebook.com\/sanluisreyarmenia\/?_rdc=1&amp;_rdr\" \/>\n<meta property=\"article:published_time\" content=\"2018-06-23T21:37:29+00:00\" \/>\n<meta property=\"article:modified_time\" content=\"2020-04-23T21:39:05+00:00\" \/>\n<meta property=\"og:image\" content=\"http:\/\/www.visualbit.co\/sanluis\/wp-content\/uploads\/2020\/04\/DiadeMAMA.jpg\" \/>\n<meta name=\"author\" content=\"Colegio Franciscano San Luis Rey\" \/>\n<meta name=\"twitter:card\" content=\"summary_large_image\" \/>\n<meta name=\"twitter:creator\" content=\"@https:\/\/twitter.com\/san_luis_rey\" \/>\n<meta name=\"twitter:label1\" content=\"Escrito por\" \/>\n\t<meta name=\"twitter:data1\" content=\"Colegio Franciscano San Luis Rey\" \/>\n<script type=\"application\/ld+json\" class=\"yoast-schema-graph\">{\"@context\":\"https:\\\/\\\/schema.org\",\"@graph\":[{\"@type\":\"Article\",\"@id\":\"https:\\\/\\\/www.sanluisrey.edu.co\\\/new\\\/celebrando-el-dia-de-mama\\\/#article\",\"isPartOf\":{\"@id\":\"https:\\\/\\\/www.sanluisrey.edu.co\\\/new\\\/celebrando-el-dia-de-mama\\\/\"},\"author\":{\"name\":\"Colegio Franciscano San Luis Rey\",\"@id\":\"https:\\\/\\\/www.sanluisrey.edu.co\\\/new\\\/#\\\/schema\\\/person\\\/95c521ab3dc11c1a9bacf54769a78394\"},\"headline\":\"Celebrando el d\u00eda de MAMA\",\"datePublished\":\"2018-06-23T21:37:29+00:00\",\"dateModified\":\"2020-04-23T21:39:05+00:00\",\"mainEntityOfPage\":{\"@id\":\"https:\\\/\\\/www.sanluisrey.edu.co\\\/new\\\/celebrando-el-dia-de-mama\\\/\"},\"wordCount\":87,\"commentCount\":0,\"image\":{\"@id\":\"https:\\\/\\\/www.sanluisrey.edu.co\\\/new\\\/celebrando-el-dia-de-mama\\\/#primaryimage\"},\"thumbnailUrl\":\"http:\\\/\\\/www.visualbit.co\\\/sanluis\\\/wp-content\\\/uploads\\\/2020\\\/04\\\/DiadeMAMA.jpg\",\"articleSection\":[\"Noticias\"],\"inLanguage\":\"es\",\"potentialAction\":[{\"@type\":\"CommentAction\",\"name\":\"Comment\",\"target\":[\"https:\\\/\\\/www.sanluisrey.edu.co\\\/new\\\/celebrando-el-dia-de-mama\\\/#respond\"]}]},{\"@type\":\"WebPage\",\"@id\":\"https:\\\/\\\/www.sanluisrey.edu.co\\\/new\\\/celebrando-el-dia-de-mama\\\/\",\"url\":\"https:\\\/\\\/www.sanluisrey.edu.co\\\/new\\\/celebrando-el-dia-de-mama\\\/\",\"name\":\"Celebrando el d\u00eda de MAMA - Colegio San Luis Rey\",\"isPartOf\":{\"@id\":\"https:\\\/\\\/www.sanluisrey.edu.co\\\/new\\\/#website\"},\"primaryImageOfPage\":{\"@id\":\"https:\\\/\\\/www.sanluisrey.edu.co\\\/new\\\/celebrando-el-dia-de-mama\\\/#primaryimage\"},\"image\":{\"@id\":\"https:\\\/\\\/www.sanluisrey.edu.co\\\/new\\\/celebrando-el-dia-de-mama\\\/#primaryimage\"},\"thumbnailUrl\":\"http:\\\/\\\/www.visualbit.co\\\/sanluis\\\/wp-content\\\/uploads\\\/2020\\\/04\\\/DiadeMAMA.jpg\",\"datePublished\":\"2018-06-23T21:37:29+00:00\",\"dateModified\":\"2020-04-23T21:39:05+00:00\",\"author\":{\"@id\":\"https:\\\/\\\/www.sanluisrey.edu.co\\\/new\\\/#\\\/schema\\\/person\\\/95c521ab3dc11c1a9bacf54769a78394\"},\"breadcrumb\":{\"@id\":\"https:\\\/\\\/www.sanluisrey.edu.co\\\/new\\\/celebrando-el-dia-de-mama\\\/#breadcrumb\"},\"inLanguage\":\"es\",\"potentialAction\":[{\"@type\":\"ReadAction\",\"target\":[\"https:\\\/\\\/www.sanluisrey.edu.co\\\/new\\\/celebrando-el-dia-de-mama\\\/\"]}]},{\"@type\":\"ImageObject\",\"inLanguage\":\"es\",\"@id\":\"https:\\\/\\\/www.sanluisrey.edu.co\\\/new\\\/celebrando-el-dia-de-mama\\\/#primaryimage\",\"url\":\"http:\\\/\\\/www.visualbit.co\\\/sanluis\\\/wp-content\\\/uploads\\\/2020\\\/04\\\/DiadeMAMA.jpg\",\"contentUrl\":\"http:\\\/\\\/www.visualbit.co\\\/sanluis\\\/wp-content\\\/uploads\\\/2020\\\/04\\\/DiadeMAMA.jpg\"},{\"@type\":\"BreadcrumbList\",\"@id\":\"https:\\\/\\\/www.sanluisrey.edu.co\\\/new\\\/celebrando-el-dia-de-mama\\\/#breadcrumb\",\"itemListElement\":[{\"@type\":\"ListItem\",\"position\":1,\"name\":\"Home\",\"item\":\"https:\\\/\\\/www.sanluisrey.edu.co\\\/new\\\/\"},{\"@type\":\"ListItem\",\"position\":2,\"name\":\"Celebrando el d\u00eda de MAMA\"}]},{\"@type\":\"WebSite\",\"@id\":\"https:\\\/\\\/www.sanluisrey.edu.co\\\/new\\\/#website\",\"url\":\"https:\\\/\\\/www.sanluisrey.edu.co\\\/new\\\/\",\"name\":\"Colegio San Luis Rey\",\"description\":\"Comunidad Franciscana Provincia de la Santa Fe\",\"potentialAction\":[{\"@type\":\"SearchAction\",\"target\":{\"@type\":\"EntryPoint\",\"urlTemplate\":\"https:\\\/\\\/www.sanluisrey.edu.co\\\/new\\\/?s={search_term_string}\"},\"query-input\":{\"@type\":\"PropertyValueSpecification\",\"valueRequired\":true,\"valueName\":\"search_term_string\"}}],\"inLanguage\":\"es\"},{\"@type\":\"Person\",\"@id\":\"https:\\\/\\\/www.sanluisrey.edu.co\\\/new\\\/#\\\/schema\\\/person\\\/95c521ab3dc11c1a9bacf54769a78394\",\"name\":\"Colegio Franciscano San Luis Rey\",\"image\":{\"@type\":\"ImageObject\",\"inLanguage\":\"es\",\"@id\":\"https:\\\/\\\/secure.gravatar.com\\\/avatar\\\/fe07d4fe7d07e705f3dcebbfb00bd721c65e9deca5b80342bbf641330ea86b26?s=96&d=mm&r=g\",\"url\":\"https:\\\/\\\/secure.gravatar.com\\\/avatar\\\/fe07d4fe7d07e705f3dcebbfb00bd721c65e9deca5b80342bbf641330ea86b26?s=96&d=mm&r=g\",\"contentUrl\":\"https:\\\/\\\/secure.gravatar.com\\\/avatar\\\/fe07d4fe7d07e705f3dcebbfb00bd721c65e9deca5b80342bbf641330ea86b26?s=96&d=mm&r=g\",\"caption\":\"Colegio Franciscano San Luis Rey\"},\"sameAs\":[\"https:\\\/\\\/www.sanluisrey.edu.co\",\"https:\\\/\\\/web.facebook.com\\\/sanluisreyarmenia\\\/?_rdc=1&_rdr\",\"https:\\\/\\\/www.instagram.com\\\/colegiofranciscanosanluisrey\\\/\",\"https:\\\/\\\/x.com\\\/https:\\\/\\\/twitter.com\\\/san_luis_rey\",\"https:\\\/\\\/www.youtube.com\\\/user\\\/colegiosanluisrey\\\/\"],\"url\":\"https:\\\/\\\/www.sanluisrey.edu.co\\\/new\\\/author\\\/adminrey\\\/\"}]}<\/script>\n<!-- \/ Yoast SEO plugin. -->","yoast_head_json":{"title":"Celebrando el d\u00eda de MAMA - Colegio San Luis Rey","robots":{"index":"index","follow":"follow","max-snippet":"max-snippet:-1","max-image-preview":"max-image-preview:large","max-video-preview":"max-video-preview:-1"},"canonical":"https:\/\/www.sanluisrey.edu.co\/new\/celebrando-el-dia-de-mama\/","og_locale":"es_ES","og_type":"article","og_title":"Celebrando el d\u00eda de MAMA - Colegio San Luis Rey","og_description":"Celebrando el d\u00eda de MAMA En un bello acto celebrado el d\u00eda 30 de mayo en el coliseo del colegio, nuestro preescolar demostrando todo su talento ha celebrado el d\u00eda de mam\u00e1. Para ello la coordinaci\u00f3n de Preescolar y todo el equipo el de profesores, han preparado a los ni\u00f1os [&hellip;]","og_url":"https:\/\/www.sanluisrey.edu.co\/new\/celebrando-el-dia-de-mama\/","og_site_name":"Colegio San Luis Rey","article_author":"https:\/\/web.facebook.com\/sanluisreyarmenia\/?_rdc=1&_rdr","article_published_time":"2018-06-23T21:37:29+00:00","article_modified_time":"2020-04-23T21:39:05+00:00","og_image":[{"url":"http:\/\/www.visualbit.co\/sanluis\/wp-content\/uploads\/2020\/04\/DiadeMAMA.jpg","type":"","width":"","height":""}],"author":"Colegio Franciscano San Luis Rey","twitter_card":"summary_large_image","twitter_creator":"@https:\/\/twitter.com\/san_luis_rey","twitter_misc":{"Escrito por":"Colegio Franciscano San Luis Rey"},"schema":{"@context":"https:\/\/schema.org","@graph":[{"@type":"Article","@id":"https:\/\/www.sanluisrey.edu.co\/new\/celebrando-el-dia-de-mama\/#article","isPartOf":{"@id":"https:\/\/www.sanluisrey.edu.co\/new\/celebrando-el-dia-de-mama\/"},"author":{"name":"Colegio Franciscano San Luis Rey","@id":"https:\/\/www.sanluisrey.edu.co\/new\/#\/schema\/person\/95c521ab3dc11c1a9bacf54769a78394"},"headline":"Celebrando el d\u00eda de MAMA","datePublished":"2018-06-23T21:37:29+00:00","dateModified":"2020-04-23T21:39:05+00:00","mainEntityOfPage":{"@id":"https:\/\/www.sanluisrey.edu.co\/new\/celebrando-el-dia-de-mama\/"},"wordCount":87,"commentCount":0,"image":{"@id":"https:\/\/www.sanluisrey.edu.co\/new\/celebrando-el-dia-de-mama\/#primaryimage"},"thumbnailUrl":"http:\/\/www.visualbit.co\/sanluis\/wp-content\/uploads\/2020\/04\/DiadeMAMA.jpg","articleSection":["Noticias"],"inLanguage":"es","potentialAction":[{"@type":"CommentAction","name":"Comment","target":["https:\/\/www.sanluisrey.edu.co\/new\/celebrando-el-dia-de-mama\/#respond"]}]},{"@type":"WebPage","@id":"https:\/\/www.sanluisrey.edu.co\/new\/celebrando-el-dia-de-mama\/","url":"https:\/\/www.sanluisrey.edu.co\/new\/celebrando-el-dia-de-mama\/","name":"Celebrando el d\u00eda de MAMA - Colegio San Luis Rey","isPartOf":{"@id":"https:\/\/www.sanluisrey.edu.co\/new\/#website"},"primaryImageOfPage":{"@id":"https:\/\/www.sanluisrey.edu.co\/new\/celebrando-el-dia-de-mama\/#primaryimage"},"image":{"@id":"https:\/\/www.sanluisrey.edu.co\/new\/celebrando-el-dia-de-mama\/#primaryimage"},"thumbnailUrl":"http:\/\/www.visualbit.co\/sanluis\/wp-content\/uploads\/2020\/04\/DiadeMAMA.jpg","datePublished":"2018-06-23T21:37:29+00:00","dateModified":"2020-04-23T21:39:05+00:00","author":{"@id":"https:\/\/www.sanluisrey.edu.co\/new\/#\/schema\/person\/95c521ab3dc11c1a9bacf54769a78394"},"breadcrumb":{"@id":"https:\/\/www.sanluisrey.edu.co\/new\/celebrando-el-dia-de-mama\/#breadcrumb"},"inLanguage":"es","potentialAction":[{"@type":"ReadAction","target":["https:\/\/www.sanluisrey.edu.co\/new\/celebrando-el-dia-de-mama\/"]}]},{"@type":"ImageObject","inLanguage":"es","@id":"https:\/\/www.sanluisrey.edu.co\/new\/celebrando-el-dia-de-mama\/#primaryimage","url":"http:\/\/www.visualbit.co\/sanluis\/wp-content\/uploads\/2020\/04\/DiadeMAMA.jpg","contentUrl":"http:\/\/www.visualbit.co\/sanluis\/wp-content\/uploads\/2020\/04\/DiadeMAMA.jpg"},{"@type":"BreadcrumbList","@id":"https:\/\/www.sanluisrey.edu.co\/new\/celebrando-el-dia-de-mama\/#breadcrumb","itemListElement":[{"@type":"ListItem","position":1,"name":"Home","item":"https:\/\/www.sanluisrey.edu.co\/new\/"},{"@type":"ListItem","position":2,"name":"Celebrando el d\u00eda de MAMA"}]},{"@type":"WebSite","@id":"https:\/\/www.sanluisrey.edu.co\/new\/#website","url":"https:\/\/www.sanluisrey.edu.co\/new\/","name":"Colegio San Luis Rey","description":"Comunidad Franciscana Provincia de la Santa Fe","potentialAction":[{"@type":"SearchAction","target":{"@type":"EntryPoint","urlTemplate":"https:\/\/www.sanluisrey.edu.co\/new\/?s={search_term_string}"},"query-input":{"@type":"PropertyValueSpecification","valueRequired":true,"valueName":"search_term_string"}}],"inLanguage":"es"},{"@type":"Person","@id":"https:\/\/www.sanluisrey.edu.co\/new\/#\/schema\/person\/95c521ab3dc11c1a9bacf54769a78394","name":"Colegio Franciscano San Luis Rey","image":{"@type":"ImageObject","inLanguage":"es","@id":"https:\/\/secure.gravatar.com\/avatar\/fe07d4fe7d07e705f3dcebbfb00bd721c65e9deca5b80342bbf641330ea86b26?s=96&d=mm&r=g","url":"https:\/\/secure.gravatar.com\/avatar\/fe07d4fe7d07e705f3dcebbfb00bd721c65e9deca5b80342bbf641330ea86b26?s=96&d=mm&r=g","contentUrl":"https:\/\/secure.gravatar.com\/avatar\/fe07d4fe7d07e705f3dcebbfb00bd721c65e9deca5b80342bbf641330ea86b26?s=96&d=mm&r=g","caption":"Colegio Franciscano San Luis Rey"},"sameAs":["https:\/\/www.sanluisrey.edu.co","https:\/\/web.facebook.com\/sanluisreyarmenia\/?_rdc=1&_rdr","https:\/\/www.instagram.com\/colegiofranciscanosanluisrey\/","https:\/\/x.com\/https:\/\/twitter.com\/san_luis_rey","https:\/\/www.youtube.com\/user\/colegiosanluisrey\/"],"url":"https:\/\/www.sanluisrey.edu.co\/new\/author\/adminrey\/"}]}},"jetpack_featured_media_url":"","jetpack_sharing_enabled":true,"_links":{"self":[{"href":"https:\/\/www.sanluisrey.edu.co\/new\/wp-json\/wp\/v2\/posts\/1965","targetHints":{"allow":["GET"]}}],"collection":[{"href":"https:\/\/www.sanluisrey.edu.co\/new\/wp-json\/wp\/v2\/posts"}],"about":[{"href":"https:\/\/www.sanluisrey.edu.co\/new\/wp-json\/wp\/v2\/types\/post"}],"author":[{"embeddable":true,"href":"https:\/\/www.sanluisrey.edu.co\/new\/wp-json\/wp\/v2\/users\/1"}],"replies":[{"embeddable":true,"href":"https:\/\/www.sanluisrey.edu.co\/new\/wp-json\/wp\/v2\/comments?post=1965"}],"version-history":[{"count":4,"href":"https:\/\/www.sanluisrey.edu.co\/new\/wp-json\/wp\/v2\/posts\/1965\/revisions"}],"predecessor-version":[{"id":1972,"href":"https:\/\/www.sanluisrey.edu.co\/new\/wp-json\/wp\/v2\/posts\/1965\/revisions\/1972"}],"wp:attachment":[{"href":"https:\/\/www.sanluisrey.edu.co\/new\/wp-json\/wp\/v2\/media?parent=1965"}],"wp:term":[{"taxonomy":"category","embeddable":true,"href":"https:\/\/www.sanluisrey.edu.co\/new\/wp-json\/wp\/v2\/categories?post=1965"},{"taxonomy":"post_tag","embeddable":true,"href":"https:\/\/www.sanluisrey.edu.co\/new\/wp-json\/wp\/v2\/tags?post=1965"}],"curies":[{"name":"wp","href":"https:\/\/api.w.org\/{rel}","templated":true}]}}