{"id":2201,"date":"2018-11-24T10:34:01","date_gmt":"2018-11-24T15:34:01","guid":{"rendered":"http:\/\/www.visualbit.co\/sanluis\/?p=2201"},"modified":"2020-04-24T10:35:34","modified_gmt":"2020-04-24T15:35:34","slug":"iv-izada-de-bandera","status":"publish","type":"post","link":"https:\/\/www.sanluisrey.edu.co\/new\/iv-izada-de-bandera\/","title":{"rendered":"IV Izada de Bandera"},"content":{"rendered":"\t\t<div data-elementor-type=\"wp-post\" data-elementor-id=\"2201\" class=\"elementor elementor-2201\">\n\t\t\t\t\t\t<section class=\"elementor-section elementor-top-section elementor-element elementor-element-bf170f6 elementor-section-boxed elementor-section-height-default elementor-section-height-default\" data-id=\"bf170f6\" data-element_type=\"section\" data-e-type=\"section\">\n\t\t\t\t\t\t<div class=\"elementor-container elementor-column-gap-default\">\n\t\t\t\t\t<div class=\"elementor-column elementor-col-100 elementor-top-column elementor-element elementor-element-90843ee\" data-id=\"90843ee\" data-element_type=\"column\" data-e-type=\"column\">\n\t\t\t<div class=\"elementor-widget-wrap elementor-element-populated\">\n\t\t\t\t\t\t<div class=\"elementor-element elementor-element-491f78c elementor-widget elementor-widget-heading\" data-id=\"491f78c\" data-element_type=\"widget\" data-e-type=\"widget\" data-widget_type=\"heading.default\">\n\t\t\t\t<div class=\"elementor-widget-container\">\n\t\t\t\t\t<h2 class=\"elementor-heading-title elementor-size-default\">IV Izada de Bandera<\/h2>\t\t\t\t<\/div>\n\t\t\t\t<\/div>\n\t\t\t\t\t<\/div>\n\t\t<\/div>\n\t\t\t\t\t<\/div>\n\t\t<\/section>\n\t\t\t\t<section class=\"elementor-section elementor-top-section elementor-element elementor-element-584f450 elementor-section-boxed elementor-section-height-default elementor-section-height-default\" data-id=\"584f450\" data-element_type=\"section\" data-e-type=\"section\">\n\t\t\t\t\t\t<div class=\"elementor-container elementor-column-gap-default\">\n\t\t\t\t\t<div class=\"elementor-column elementor-col-100 elementor-top-column elementor-element elementor-element-46a770a\" data-id=\"46a770a\" data-element_type=\"column\" data-e-type=\"column\">\n\t\t\t<div class=\"elementor-widget-wrap elementor-element-populated\">\n\t\t\t\t\t\t<div class=\"elementor-element elementor-element-917d3d1 elementor-widget elementor-widget-image\" data-id=\"917d3d1\" data-element_type=\"widget\" data-e-type=\"widget\" data-widget_type=\"image.default\">\n\t\t\t\t<div class=\"elementor-widget-container\">\n\t\t\t\t\t\t\t\t\t\t\t\t\t\t\t<img fetchpriority=\"high\" decoding=\"async\" width=\"750\" height=\"511\" src=\"https:\/\/www.sanluisrey.edu.co\/new\/wp-content\/uploads\/2020\/04\/DSC_0689.jpg\" class=\"attachment-large size-large wp-image-2205\" alt=\"\" srcset=\"https:\/\/www.sanluisrey.edu.co\/new\/wp-content\/uploads\/2020\/04\/DSC_0689.jpg 941w, https:\/\/www.sanluisrey.edu.co\/new\/wp-content\/uploads\/2020\/04\/DSC_0689-600x409.jpg 600w, https:\/\/www.sanluisrey.edu.co\/new\/wp-content\/uploads\/2020\/04\/DSC_0689-300x204.jpg 300w, https:\/\/www.sanluisrey.edu.co\/new\/wp-content\/uploads\/2020\/04\/DSC_0689-768x523.jpg 768w\" sizes=\"(max-width: 750px) 100vw, 750px\" \/>\t\t\t\t\t\t\t\t\t\t\t\t\t\t\t<\/div>\n\t\t\t\t<\/div>\n\t\t\t\t<div class=\"elementor-element elementor-element-5aedcc8 elementor-widget elementor-widget-text-editor\" data-id=\"5aedcc8\" data-element_type=\"widget\" data-e-type=\"widget\" data-widget_type=\"text-editor.default\">\n\t\t\t\t<div class=\"elementor-widget-container\">\n\t\t\t\t\t\t\t\t\t<p style=\"margin-bottom: 10px; color: #333333; font-family: natural; font-size: 17px;\">El pasado 9 de noviembre, las \u00e1reas de Educaci\u00f3n y deportes, las coordinaciones integrales, bienestar y toda la comunidad educativa, rindieron homenaje a la bandera de Colombia y a la vez homenajear a los estudiantes por su compromiso en \u00a0valores franciscanos, sana convivencia escolar y mejor promedio acad\u00e9mico de grupo \u00a0durante el\u00a0 cuarto periodo del a\u00f1o 2018 se destacaron.<\/p><p style=\"margin-bottom: 10px; color: #333333; font-family: natural; font-size: 17px;\">La mesa de protocolo fue integrada por \u00a0Fray Hern\u00e1n El\u00edas Pe\u00f1a Quijano\u00a0 O.F.M. Rector Colegio Franciscano San Luis Rey, \u00a0Fray Germ\u00e1n Arbel\u00e1ez Ospina O.F.M. Director de Pastoral, Sim\u00f3n G\u00f3mez Barrero Personero; la Oraci\u00f3n y bendici\u00f3n \u00a0la ofici\u00f3 \u00a0Fray Germ\u00e1n Arbel\u00e1ez Ospina O.F.M. Director de Pastoral.<\/p><p style=\"margin-bottom: 10px; color: #333333; font-family: natural; font-size: 17px;\">Despu\u00e9s de destacar a los estudiantes que merecieron izar la bandera, \u00a0por su compromiso en \u00a0valores franciscanos, sana convivencia escolar y mejor promedio acad\u00e9mico de grupo \u00a0durante el\u00a0 cuarto periodo del a\u00f1o 2018 y de \u00a0unas sentidas palabras por parte de\u00a0 \u00a0\u00a0nuestro padre rector se procedi\u00f3 a la Entrega de \u00a0los s\u00edmbolos del Colegio Franciscano San Luis Rey: Escudo,\u00a0 Bandera\u00a0 y Cruz Tau, por parte de los estudiantes de grado Und\u00e9cimo a estudiantes de grado D\u00e9cimo; \u00a0a la entrega de diplomas de reconocimiento\u00a0 para\u00a0 los deportistas de nuestro colegio, Entrega de medallas de reconocimiento para los estudiantes que obtuvieron el primer puesto en la Feria de la Ciencia 2018, entrega de diplomas como reconocimiento a los estudiantes que participaron en la muestra de talentos Sanluisistas en la semana cultural 2018<strong>, e<\/strong>ntrega de diplomas como reconocimiento a los estudiantes que participaron en el MODELO ONU\u00a0 efectuado en la semana cultural los d\u00edas 1 y 2 de octubre de 2018.<\/p><p style=\"margin-bottom: 10px; color: #333333; font-family: natural; font-size: 17px;\">As\u00ed mismo se acompa\u00f1\u00f3 este acontecimiento de la presentaci\u00f3n de actos culturales como:<\/p><ol style=\"margin-bottom: 10px; color: #333333; font-family: natural; font-size: 17px;\"><li>Presentaci\u00f3n de danza urbana, a cargo del grupo juvenil dirigido por el docente de danzas John Jairo Giraldo.<\/li><li>Presentaci\u00f3n de baile de despedida a cargo de los grupos Und\u00e9cimos A-B-C\u00a0 promoci\u00f3n 2018. A cargo de los directores de Grupo.<\/li><li>Ceremonia de Acci\u00f3n de Gracias del a\u00f1o 2018, a cargo de los estudiantes de \u00a0Pre jard\u00edn a \u00a0Once, docentes, empleados y padres de familia.<\/li><li>Presentaci\u00f3n de baile de despedida a cargo de los grupos Und\u00e9cimos A-B-C\u00a0 promoci\u00f3n 2018.<\/li><li>Ceremonia de Acci\u00f3n de Gracias del a\u00f1o 2018, a cargo de los estudiantes de \u00a0Pre jard\u00edn a \u00a0Once, docentes, empleados y padres de familia.<\/li><\/ol><p style=\"margin-bottom: 10px; color: #333333; font-family: natural; font-size: 17px;\"><a href=\"https:\/\/www.facebook.com\/hashtag\/orgullosamentesanluisista?source=feed_text&amp;__xts__%5B0%5D=68.ARB_c56iQCQ8Tf44GB9CSOcTs3DL8e70f0mG4q5Dv4K-Ic9-Bf4sYa1l6Va_79bK4Sv9gyRkKiXBGdYNITDAoLZxYwHS2431QKM64UrPaDu-m0U_nk3SObfJgsJkElDAgC_iMJ84oO8w2wlxG7e5_nFD1pFmOUlwQWmHldm_ajbajSxE2WnSHB3XKoQwzUKiSSdrgftobl6un0lEJRldRC3uIccO9owR8IP3bNDgwat2flcNg_RGdwak7bSvwImWUKx0lknOzWETYu4zr73Xy22ht2Auql3c0iMtfGhloybSZLho3UXz3IsLzXHJaMGtdzMXxMb2Y2eltv5CI5lQIsSXWEMBu5khP7I25A&amp;__tn__=%2ANK-R\" style=\"background-image: initial; background-position: initial; background-size: initial; background-repeat: initial; background-attachment: initial; background-origin: initial; background-clip: initial; color: #428bca;\"><span aria-label=\"hashtag\">#<\/span>OrgullosamenteSanluisista<\/a>\u00a0<a href=\"https:\/\/www.facebook.com\/hashtag\/sanluisesfamilia?source=feed_text&amp;__xts__%5B0%5D=68.ARB_c56iQCQ8Tf44GB9CSOcTs3DL8e70f0mG4q5Dv4K-Ic9-Bf4sYa1l6Va_79bK4Sv9gyRkKiXBGdYNITDAoLZxYwHS2431QKM64UrPaDu-m0U_nk3SObfJgsJkElDAgC_iMJ84oO8w2wlxG7e5_nFD1pFmOUlwQWmHldm_ajbajSxE2WnSHB3XKoQwzUKiSSdrgftobl6un0lEJRldRC3uIccO9owR8IP3bNDgwat2flcNg_RGdwak7bSvwImWUKx0lknOzWETYu4zr73Xy22ht2Auql3c0iMtfGhloybSZLho3UXz3IsLzXHJaMGtdzMXxMb2Y2eltv5CI5lQIsSXWEMBu5khP7I25A&amp;__tn__=%2ANK-R\" data-ft=\"{&quot;type&quot;:104,&quot;tn&quot;:&quot;*N&quot;}\" style=\"background-image: initial; background-position: initial; background-size: initial; background-repeat: initial; background-attachment: initial; background-origin: initial; background-clip: initial; color: #428bca;\"><span aria-label=\"hashtag\">#<\/span>SanLuisEsFamilia<\/a>\u00a0<a href=\"https:\/\/www.facebook.com\/hashtag\/preescolar?source=feed_text&amp;__xts__%5B0%5D=68.ARB_c56iQCQ8Tf44GB9CSOcTs3DL8e70f0mG4q5Dv4K-Ic9-Bf4sYa1l6Va_79bK4Sv9gyRkKiXBGdYNITDAoLZxYwHS2431QKM64UrPaDu-m0U_nk3SObfJgsJkElDAgC_iMJ84oO8w2wlxG7e5_nFD1pFmOUlwQWmHldm_ajbajSxE2WnSHB3XKoQwzUKiSSdrgftobl6un0lEJRldRC3uIccO9owR8IP3bNDgwat2flcNg_RGdwak7bSvwImWUKx0lknOzWETYu4zr73Xy22ht2Auql3c0iMtfGhloybSZLho3UXz3IsLzXHJaMGtdzMXxMb2Y2eltv5CI5lQIsSXWEMBu5khP7I25A&amp;__tn__=%2ANK-R\" data-ft=\"{&quot;type&quot;:104,&quot;tn&quot;:&quot;*N&quot;}\" style=\"background-image: initial; background-position: initial; background-size: initial; background-repeat: initial; background-attachment: initial; background-origin: initial; background-clip: initial; color: #428bca;\"><span aria-label=\"hashtag\">#<\/span>Preescolar<\/a>\u00a0<a href=\"https:\/\/www.facebook.com\/hashtag\/armenia?source=feed_text&amp;__xts__%5B0%5D=68.ARB_c56iQCQ8Tf44GB9CSOcTs3DL8e70f0mG4q5Dv4K-Ic9-Bf4sYa1l6Va_79bK4Sv9gyRkKiXBGdYNITDAoLZxYwHS2431QKM64UrPaDu-m0U_nk3SObfJgsJkElDAgC_iMJ84oO8w2wlxG7e5_nFD1pFmOUlwQWmHldm_ajbajSxE2WnSHB3XKoQwzUKiSSdrgftobl6un0lEJRldRC3uIccO9owR8IP3bNDgwat2flcNg_RGdwak7bSvwImWUKx0lknOzWETYu4zr73Xy22ht2Auql3c0iMtfGhloybSZLho3UXz3IsLzXHJaMGtdzMXxMb2Y2eltv5CI5lQIsSXWEMBu5khP7I25A&amp;__tn__=%2ANK-R\" data-ft=\"{&quot;type&quot;:104,&quot;tn&quot;:&quot;*N&quot;}\" style=\"background-image: initial; background-position: initial; background-size: initial; background-repeat: initial; background-attachment: initial; background-origin: initial; background-clip: initial; color: #428bca;\"><span aria-label=\"hashtag\">#<\/span>Armenia<\/a><a href=\"https:\/\/www.facebook.com\/hashtag\/ejecafetero?source=feed_text&amp;__xts__%5B0%5D=68.ARB_c56iQCQ8Tf44GB9CSOcTs3DL8e70f0mG4q5Dv4K-Ic9-Bf4sYa1l6Va_79bK4Sv9gyRkKiXBGdYNITDAoLZxYwHS2431QKM64UrPaDu-m0U_nk3SObfJgsJkElDAgC_iMJ84oO8w2wlxG7e5_nFD1pFmOUlwQWmHldm_ajbajSxE2WnSHB3XKoQwzUKiSSdrgftobl6un0lEJRldRC3uIccO9owR8IP3bNDgwat2flcNg_RGdwak7bSvwImWUKx0lknOzWETYu4zr73Xy22ht2Auql3c0iMtfGhloybSZLho3UXz3IsLzXHJaMGtdzMXxMb2Y2eltv5CI5lQIsSXWEMBu5khP7I25A&amp;__tn__=%2ANK-R\" data-ft=\"{&quot;type&quot;:104,&quot;tn&quot;:&quot;*N&quot;}\" style=\"background-image: initial; background-position: initial; background-size: initial; background-repeat: initial; background-attachment: initial; background-origin: initial; background-clip: initial; color: #428bca;\"><span aria-label=\"hashtag\">#<\/span>EjeCafetero<\/a>\u00a0<a href=\"https:\/\/www.facebook.com\/hashtag\/school?source=feed_text&amp;__xts__%5B0%5D=68.ARB_c56iQCQ8Tf44GB9CSOcTs3DL8e70f0mG4q5Dv4K-Ic9-Bf4sYa1l6Va_79bK4Sv9gyRkKiXBGdYNITDAoLZxYwHS2431QKM64UrPaDu-m0U_nk3SObfJgsJkElDAgC_iMJ84oO8w2wlxG7e5_nFD1pFmOUlwQWmHldm_ajbajSxE2WnSHB3XKoQwzUKiSSdrgftobl6un0lEJRldRC3uIccO9owR8IP3bNDgwat2flcNg_RGdwak7bSvwImWUKx0lknOzWETYu4zr73Xy22ht2Auql3c0iMtfGhloybSZLho3UXz3IsLzXHJaMGtdzMXxMb2Y2eltv5CI5lQIsSXWEMBu5khP7I25A&amp;__tn__=%2ANK-R\" data-ft=\"{&quot;type&quot;:104,&quot;tn&quot;:&quot;*N&quot;}\" style=\"background-image: initial; background-position: initial; background-size: initial; background-repeat: initial; background-attachment: initial; background-origin: initial; background-clip: initial; color: #428bca;\"><span aria-label=\"hashtag\">#<\/span>School<\/a>\u00a0<a href=\"https:\/\/www.facebook.com\/hashtag\/feliz?source=feed_text&amp;__xts__%5B0%5D=68.ARB_c56iQCQ8Tf44GB9CSOcTs3DL8e70f0mG4q5Dv4K-Ic9-Bf4sYa1l6Va_79bK4Sv9gyRkKiXBGdYNITDAoLZxYwHS2431QKM64UrPaDu-m0U_nk3SObfJgsJkElDAgC_iMJ84oO8w2wlxG7e5_nFD1pFmOUlwQWmHldm_ajbajSxE2WnSHB3XKoQwzUKiSSdrgftobl6un0lEJRldRC3uIccO9owR8IP3bNDgwat2flcNg_RGdwak7bSvwImWUKx0lknOzWETYu4zr73Xy22ht2Auql3c0iMtfGhloybSZLho3UXz3IsLzXHJaMGtdzMXxMb2Y2eltv5CI5lQIsSXWEMBu5khP7I25A&amp;__tn__=%2ANK-R\" data-ft=\"{&quot;type&quot;:104,&quot;tn&quot;:&quot;*N&quot;}\" style=\"background-image: initial; background-position: initial; background-size: initial; background-repeat: initial; background-attachment: initial; background-origin: initial; background-clip: initial; color: #428bca;\"><span aria-label=\"hashtag\">#<\/span>Feliz<\/a>\u00a0<a href=\"https:\/\/www.facebook.com\/hashtag\/quindio?source=feed_text&amp;__xts__%5B0%5D=68.ARB_c56iQCQ8Tf44GB9CSOcTs3DL8e70f0mG4q5Dv4K-Ic9-Bf4sYa1l6Va_79bK4Sv9gyRkKiXBGdYNITDAoLZxYwHS2431QKM64UrPaDu-m0U_nk3SObfJgsJkElDAgC_iMJ84oO8w2wlxG7e5_nFD1pFmOUlwQWmHldm_ajbajSxE2WnSHB3XKoQwzUKiSSdrgftobl6un0lEJRldRC3uIccO9owR8IP3bNDgwat2flcNg_RGdwak7bSvwImWUKx0lknOzWETYu4zr73Xy22ht2Auql3c0iMtfGhloybSZLho3UXz3IsLzXHJaMGtdzMXxMb2Y2eltv5CI5lQIsSXWEMBu5khP7I25A&amp;__tn__=%2ANK-R\" data-ft=\"{&quot;type&quot;:104,&quot;tn&quot;:&quot;*N&quot;}\" style=\"background-image: initial; background-position: initial; background-size: initial; background-repeat: initial; background-attachment: initial; background-origin: initial; background-clip: initial; color: #428bca;\"><span aria-label=\"hashtag\">#<\/span>Quindio<\/a>\u00a0<a href=\"https:\/\/www.facebook.com\/hashtag\/colegio?source=feed_text&amp;__xts__%5B0%5D=68.ARB_c56iQCQ8Tf44GB9CSOcTs3DL8e70f0mG4q5Dv4K-Ic9-Bf4sYa1l6Va_79bK4Sv9gyRkKiXBGdYNITDAoLZxYwHS2431QKM64UrPaDu-m0U_nk3SObfJgsJkElDAgC_iMJ84oO8w2wlxG7e5_nFD1pFmOUlwQWmHldm_ajbajSxE2WnSHB3XKoQwzUKiSSdrgftobl6un0lEJRldRC3uIccO9owR8IP3bNDgwat2flcNg_RGdwak7bSvwImWUKx0lknOzWETYu4zr73Xy22ht2Auql3c0iMtfGhloybSZLho3UXz3IsLzXHJaMGtdzMXxMb2Y2eltv5CI5lQIsSXWEMBu5khP7I25A&amp;__tn__=%2ANK-R\" data-ft=\"{&quot;type&quot;:104,&quot;tn&quot;:&quot;*N&quot;}\" style=\"background-image: initial; background-position: initial; background-size: initial; background-repeat: initial; background-attachment: initial; background-origin: initial; background-clip: initial; color: #428bca;\"><span aria-label=\"hashtag\">#<\/span>Colegio<\/a>\u00a0<a href=\"https:\/\/www.facebook.com\/hashtag\/educacion?source=feed_text&amp;__xts__%5B0%5D=68.ARB_c56iQCQ8Tf44GB9CSOcTs3DL8e70f0mG4q5Dv4K-Ic9-Bf4sYa1l6Va_79bK4Sv9gyRkKiXBGdYNITDAoLZxYwHS2431QKM64UrPaDu-m0U_nk3SObfJgsJkElDAgC_iMJ84oO8w2wlxG7e5_nFD1pFmOUlwQWmHldm_ajbajSxE2WnSHB3XKoQwzUKiSSdrgftobl6un0lEJRldRC3uIccO9owR8IP3bNDgwat2flcNg_RGdwak7bSvwImWUKx0lknOzWETYu4zr73Xy22ht2Auql3c0iMtfGhloybSZLho3UXz3IsLzXHJaMGtdzMXxMb2Y2eltv5CI5lQIsSXWEMBu5khP7I25A&amp;__tn__=%2ANK-R\" data-ft=\"{&quot;type&quot;:104,&quot;tn&quot;:&quot;*N&quot;}\" style=\"background-image: initial; background-position: initial; background-size: initial; background-repeat: initial; background-attachment: initial; background-origin: initial; background-clip: initial; color: #428bca;\"><span aria-label=\"hashtag\">#<\/span>Educacion<\/a><\/p><p style=\"margin-bottom: 10px; color: #333333; font-family: natural; font-size: 17px;\"><\/p><p style=\"margin-bottom: 10px; color: #333333; font-family: natural; font-size: 17px;\"><a href=\"https:\/\/www.facebook.com\/sanluisreyarmenia\/photos\/pcb.2397755443573401\/2397752883573657\/?type=3&amp;theater\" target=\"_blank\" rel=\"noopener\" style=\"background-image: initial; background-position: initial; background-size: initial; background-repeat: initial; background-attachment: initial; background-origin: initial; background-clip: initial; color: #428bca;\">Ver fotos en facebook<\/a><\/p>\t\t\t\t\t\t\t\t<\/div>\n\t\t\t\t<\/div>\n\t\t\t\t\t<\/div>\n\t\t<\/div>\n\t\t\t\t\t<\/div>\n\t\t<\/section>\n\t\t\t\t<\/div>\n\t\t","protected":false},"excerpt":{"rendered":"<p>IV Izada de Bandera El pasado 9 de noviembre, las \u00e1reas de Educaci\u00f3n y deportes, las coordinaciones integrales, bienestar y toda la comunidad educativa, rindieron homenaje a la bandera de Colombia y a la vez homenajear a los estudiantes por su compromiso en \u00a0valores franciscanos, sana convivencia escolar y mejor [&hellip;]<\/p>\n","protected":false},"author":1,"featured_media":0,"comment_status":"open","ping_status":"open","sticky":false,"template":"","format":"standard","meta":{"_monsterinsights_skip_tracking":false,"_monsterinsights_sitenote_active":false,"_monsterinsights_sitenote_note":"","_monsterinsights_sitenote_category":0,"two_page_speed":[],"_jetpack_memberships_contains_paid_content":false,"footnotes":""},"categories":[7],"tags":[],"class_list":["post-2201","post","type-post","status-publish","format-standard","hentry","category-noticias"],"yoast_head":"<!-- This site is optimized with the Yoast SEO plugin v27.5 - https:\/\/yoast.com\/product\/yoast-seo-wordpress\/ -->\n<title>IV Izada de Bandera - Colegio San Luis Rey<\/title>\n<meta name=\"robots\" content=\"index, follow, max-snippet:-1, max-image-preview:large, max-video-preview:-1\" \/>\n<link rel=\"canonical\" href=\"https:\/\/www.sanluisrey.edu.co\/new\/iv-izada-de-bandera\/\" \/>\n<meta property=\"og:locale\" content=\"es_ES\" \/>\n<meta property=\"og:type\" content=\"article\" \/>\n<meta property=\"og:title\" content=\"IV Izada de Bandera - Colegio San Luis Rey\" \/>\n<meta property=\"og:description\" content=\"IV Izada de Bandera El pasado 9 de noviembre, las \u00e1reas de Educaci\u00f3n y deportes, las coordinaciones integrales, bienestar y toda la comunidad educativa, rindieron homenaje a la bandera de Colombia y a la vez homenajear a los estudiantes por su compromiso en \u00a0valores franciscanos, sana convivencia escolar y mejor [&hellip;]\" \/>\n<meta property=\"og:url\" content=\"https:\/\/www.sanluisrey.edu.co\/new\/iv-izada-de-bandera\/\" \/>\n<meta property=\"og:site_name\" content=\"Colegio San Luis Rey\" \/>\n<meta property=\"article:author\" content=\"https:\/\/web.facebook.com\/sanluisreyarmenia\/?_rdc=1&amp;_rdr\" \/>\n<meta property=\"article:published_time\" content=\"2018-11-24T15:34:01+00:00\" \/>\n<meta property=\"article:modified_time\" content=\"2020-04-24T15:35:34+00:00\" \/>\n<meta property=\"og:image\" content=\"http:\/\/www.visualbit.co\/sanluis\/wp-content\/uploads\/2020\/04\/DSC_0689.jpg\" \/>\n<meta name=\"author\" content=\"Colegio Franciscano San Luis Rey\" \/>\n<meta name=\"twitter:card\" content=\"summary_large_image\" \/>\n<meta name=\"twitter:creator\" content=\"@https:\/\/twitter.com\/san_luis_rey\" \/>\n<meta name=\"twitter:label1\" content=\"Escrito por\" \/>\n\t<meta name=\"twitter:data1\" content=\"Colegio Franciscano San Luis Rey\" \/>\n\t<meta name=\"twitter:label2\" content=\"Tiempo de lectura\" \/>\n\t<meta name=\"twitter:data2\" content=\"2 minutos\" \/>\n<script type=\"application\/ld+json\" class=\"yoast-schema-graph\">{\"@context\":\"https:\\\/\\\/schema.org\",\"@graph\":[{\"@type\":\"Article\",\"@id\":\"https:\\\/\\\/www.sanluisrey.edu.co\\\/new\\\/iv-izada-de-bandera\\\/#article\",\"isPartOf\":{\"@id\":\"https:\\\/\\\/www.sanluisrey.edu.co\\\/new\\\/iv-izada-de-bandera\\\/\"},\"author\":{\"name\":\"Colegio Franciscano San Luis Rey\",\"@id\":\"https:\\\/\\\/www.sanluisrey.edu.co\\\/new\\\/#\\\/schema\\\/person\\\/95c521ab3dc11c1a9bacf54769a78394\"},\"headline\":\"IV Izada de Bandera\",\"datePublished\":\"2018-11-24T15:34:01+00:00\",\"dateModified\":\"2020-04-24T15:35:34+00:00\",\"mainEntityOfPage\":{\"@id\":\"https:\\\/\\\/www.sanluisrey.edu.co\\\/new\\\/iv-izada-de-bandera\\\/\"},\"wordCount\":427,\"commentCount\":0,\"image\":{\"@id\":\"https:\\\/\\\/www.sanluisrey.edu.co\\\/new\\\/iv-izada-de-bandera\\\/#primaryimage\"},\"thumbnailUrl\":\"http:\\\/\\\/www.visualbit.co\\\/sanluis\\\/wp-content\\\/uploads\\\/2020\\\/04\\\/DSC_0689.jpg\",\"articleSection\":[\"Noticias\"],\"inLanguage\":\"es\",\"potentialAction\":[{\"@type\":\"CommentAction\",\"name\":\"Comment\",\"target\":[\"https:\\\/\\\/www.sanluisrey.edu.co\\\/new\\\/iv-izada-de-bandera\\\/#respond\"]}]},{\"@type\":\"WebPage\",\"@id\":\"https:\\\/\\\/www.sanluisrey.edu.co\\\/new\\\/iv-izada-de-bandera\\\/\",\"url\":\"https:\\\/\\\/www.sanluisrey.edu.co\\\/new\\\/iv-izada-de-bandera\\\/\",\"name\":\"IV Izada de Bandera - Colegio San Luis Rey\",\"isPartOf\":{\"@id\":\"https:\\\/\\\/www.sanluisrey.edu.co\\\/new\\\/#website\"},\"primaryImageOfPage\":{\"@id\":\"https:\\\/\\\/www.sanluisrey.edu.co\\\/new\\\/iv-izada-de-bandera\\\/#primaryimage\"},\"image\":{\"@id\":\"https:\\\/\\\/www.sanluisrey.edu.co\\\/new\\\/iv-izada-de-bandera\\\/#primaryimage\"},\"thumbnailUrl\":\"http:\\\/\\\/www.visualbit.co\\\/sanluis\\\/wp-content\\\/uploads\\\/2020\\\/04\\\/DSC_0689.jpg\",\"datePublished\":\"2018-11-24T15:34:01+00:00\",\"dateModified\":\"2020-04-24T15:35:34+00:00\",\"author\":{\"@id\":\"https:\\\/\\\/www.sanluisrey.edu.co\\\/new\\\/#\\\/schema\\\/person\\\/95c521ab3dc11c1a9bacf54769a78394\"},\"breadcrumb\":{\"@id\":\"https:\\\/\\\/www.sanluisrey.edu.co\\\/new\\\/iv-izada-de-bandera\\\/#breadcrumb\"},\"inLanguage\":\"es\",\"potentialAction\":[{\"@type\":\"ReadAction\",\"target\":[\"https:\\\/\\\/www.sanluisrey.edu.co\\\/new\\\/iv-izada-de-bandera\\\/\"]}]},{\"@type\":\"ImageObject\",\"inLanguage\":\"es\",\"@id\":\"https:\\\/\\\/www.sanluisrey.edu.co\\\/new\\\/iv-izada-de-bandera\\\/#primaryimage\",\"url\":\"http:\\\/\\\/www.visualbit.co\\\/sanluis\\\/wp-content\\\/uploads\\\/2020\\\/04\\\/DSC_0689.jpg\",\"contentUrl\":\"http:\\\/\\\/www.visualbit.co\\\/sanluis\\\/wp-content\\\/uploads\\\/2020\\\/04\\\/DSC_0689.jpg\"},{\"@type\":\"BreadcrumbList\",\"@id\":\"https:\\\/\\\/www.sanluisrey.edu.co\\\/new\\\/iv-izada-de-bandera\\\/#breadcrumb\",\"itemListElement\":[{\"@type\":\"ListItem\",\"position\":1,\"name\":\"Home\",\"item\":\"https:\\\/\\\/www.sanluisrey.edu.co\\\/new\\\/\"},{\"@type\":\"ListItem\",\"position\":2,\"name\":\"IV Izada de Bandera\"}]},{\"@type\":\"WebSite\",\"@id\":\"https:\\\/\\\/www.sanluisrey.edu.co\\\/new\\\/#website\",\"url\":\"https:\\\/\\\/www.sanluisrey.edu.co\\\/new\\\/\",\"name\":\"Colegio San Luis Rey\",\"description\":\"Comunidad Franciscana Provincia de la Santa Fe\",\"potentialAction\":[{\"@type\":\"SearchAction\",\"target\":{\"@type\":\"EntryPoint\",\"urlTemplate\":\"https:\\\/\\\/www.sanluisrey.edu.co\\\/new\\\/?s={search_term_string}\"},\"query-input\":{\"@type\":\"PropertyValueSpecification\",\"valueRequired\":true,\"valueName\":\"search_term_string\"}}],\"inLanguage\":\"es\"},{\"@type\":\"Person\",\"@id\":\"https:\\\/\\\/www.sanluisrey.edu.co\\\/new\\\/#\\\/schema\\\/person\\\/95c521ab3dc11c1a9bacf54769a78394\",\"name\":\"Colegio Franciscano San Luis Rey\",\"image\":{\"@type\":\"ImageObject\",\"inLanguage\":\"es\",\"@id\":\"https:\\\/\\\/secure.gravatar.com\\\/avatar\\\/fe07d4fe7d07e705f3dcebbfb00bd721c65e9deca5b80342bbf641330ea86b26?s=96&d=mm&r=g\",\"url\":\"https:\\\/\\\/secure.gravatar.com\\\/avatar\\\/fe07d4fe7d07e705f3dcebbfb00bd721c65e9deca5b80342bbf641330ea86b26?s=96&d=mm&r=g\",\"contentUrl\":\"https:\\\/\\\/secure.gravatar.com\\\/avatar\\\/fe07d4fe7d07e705f3dcebbfb00bd721c65e9deca5b80342bbf641330ea86b26?s=96&d=mm&r=g\",\"caption\":\"Colegio Franciscano San Luis Rey\"},\"sameAs\":[\"https:\\\/\\\/www.sanluisrey.edu.co\",\"https:\\\/\\\/web.facebook.com\\\/sanluisreyarmenia\\\/?_rdc=1&_rdr\",\"https:\\\/\\\/www.instagram.com\\\/colegiofranciscanosanluisrey\\\/\",\"https:\\\/\\\/x.com\\\/https:\\\/\\\/twitter.com\\\/san_luis_rey\",\"https:\\\/\\\/www.youtube.com\\\/user\\\/colegiosanluisrey\\\/\"],\"url\":\"https:\\\/\\\/www.sanluisrey.edu.co\\\/new\\\/author\\\/adminrey\\\/\"}]}<\/script>\n<!-- \/ Yoast SEO plugin. -->","yoast_head_json":{"title":"IV Izada de Bandera - Colegio San Luis Rey","robots":{"index":"index","follow":"follow","max-snippet":"max-snippet:-1","max-image-preview":"max-image-preview:large","max-video-preview":"max-video-preview:-1"},"canonical":"https:\/\/www.sanluisrey.edu.co\/new\/iv-izada-de-bandera\/","og_locale":"es_ES","og_type":"article","og_title":"IV Izada de Bandera - Colegio San Luis Rey","og_description":"IV Izada de Bandera El pasado 9 de noviembre, las \u00e1reas de Educaci\u00f3n y deportes, las coordinaciones integrales, bienestar y toda la comunidad educativa, rindieron homenaje a la bandera de Colombia y a la vez homenajear a los estudiantes por su compromiso en \u00a0valores franciscanos, sana convivencia escolar y mejor [&hellip;]","og_url":"https:\/\/www.sanluisrey.edu.co\/new\/iv-izada-de-bandera\/","og_site_name":"Colegio San Luis Rey","article_author":"https:\/\/web.facebook.com\/sanluisreyarmenia\/?_rdc=1&_rdr","article_published_time":"2018-11-24T15:34:01+00:00","article_modified_time":"2020-04-24T15:35:34+00:00","og_image":[{"url":"http:\/\/www.visualbit.co\/sanluis\/wp-content\/uploads\/2020\/04\/DSC_0689.jpg","type":"","width":"","height":""}],"author":"Colegio Franciscano San Luis Rey","twitter_card":"summary_large_image","twitter_creator":"@https:\/\/twitter.com\/san_luis_rey","twitter_misc":{"Escrito por":"Colegio Franciscano San Luis Rey","Tiempo de lectura":"2 minutos"},"schema":{"@context":"https:\/\/schema.org","@graph":[{"@type":"Article","@id":"https:\/\/www.sanluisrey.edu.co\/new\/iv-izada-de-bandera\/#article","isPartOf":{"@id":"https:\/\/www.sanluisrey.edu.co\/new\/iv-izada-de-bandera\/"},"author":{"name":"Colegio Franciscano San Luis Rey","@id":"https:\/\/www.sanluisrey.edu.co\/new\/#\/schema\/person\/95c521ab3dc11c1a9bacf54769a78394"},"headline":"IV Izada de Bandera","datePublished":"2018-11-24T15:34:01+00:00","dateModified":"2020-04-24T15:35:34+00:00","mainEntityOfPage":{"@id":"https:\/\/www.sanluisrey.edu.co\/new\/iv-izada-de-bandera\/"},"wordCount":427,"commentCount":0,"image":{"@id":"https:\/\/www.sanluisrey.edu.co\/new\/iv-izada-de-bandera\/#primaryimage"},"thumbnailUrl":"http:\/\/www.visualbit.co\/sanluis\/wp-content\/uploads\/2020\/04\/DSC_0689.jpg","articleSection":["Noticias"],"inLanguage":"es","potentialAction":[{"@type":"CommentAction","name":"Comment","target":["https:\/\/www.sanluisrey.edu.co\/new\/iv-izada-de-bandera\/#respond"]}]},{"@type":"WebPage","@id":"https:\/\/www.sanluisrey.edu.co\/new\/iv-izada-de-bandera\/","url":"https:\/\/www.sanluisrey.edu.co\/new\/iv-izada-de-bandera\/","name":"IV Izada de Bandera - Colegio San Luis Rey","isPartOf":{"@id":"https:\/\/www.sanluisrey.edu.co\/new\/#website"},"primaryImageOfPage":{"@id":"https:\/\/www.sanluisrey.edu.co\/new\/iv-izada-de-bandera\/#primaryimage"},"image":{"@id":"https:\/\/www.sanluisrey.edu.co\/new\/iv-izada-de-bandera\/#primaryimage"},"thumbnailUrl":"http:\/\/www.visualbit.co\/sanluis\/wp-content\/uploads\/2020\/04\/DSC_0689.jpg","datePublished":"2018-11-24T15:34:01+00:00","dateModified":"2020-04-24T15:35:34+00:00","author":{"@id":"https:\/\/www.sanluisrey.edu.co\/new\/#\/schema\/person\/95c521ab3dc11c1a9bacf54769a78394"},"breadcrumb":{"@id":"https:\/\/www.sanluisrey.edu.co\/new\/iv-izada-de-bandera\/#breadcrumb"},"inLanguage":"es","potentialAction":[{"@type":"ReadAction","target":["https:\/\/www.sanluisrey.edu.co\/new\/iv-izada-de-bandera\/"]}]},{"@type":"ImageObject","inLanguage":"es","@id":"https:\/\/www.sanluisrey.edu.co\/new\/iv-izada-de-bandera\/#primaryimage","url":"http:\/\/www.visualbit.co\/sanluis\/wp-content\/uploads\/2020\/04\/DSC_0689.jpg","contentUrl":"http:\/\/www.visualbit.co\/sanluis\/wp-content\/uploads\/2020\/04\/DSC_0689.jpg"},{"@type":"BreadcrumbList","@id":"https:\/\/www.sanluisrey.edu.co\/new\/iv-izada-de-bandera\/#breadcrumb","itemListElement":[{"@type":"ListItem","position":1,"name":"Home","item":"https:\/\/www.sanluisrey.edu.co\/new\/"},{"@type":"ListItem","position":2,"name":"IV Izada de Bandera"}]},{"@type":"WebSite","@id":"https:\/\/www.sanluisrey.edu.co\/new\/#website","url":"https:\/\/www.sanluisrey.edu.co\/new\/","name":"Colegio San Luis Rey","description":"Comunidad Franciscana Provincia de la Santa Fe","potentialAction":[{"@type":"SearchAction","target":{"@type":"EntryPoint","urlTemplate":"https:\/\/www.sanluisrey.edu.co\/new\/?s={search_term_string}"},"query-input":{"@type":"PropertyValueSpecification","valueRequired":true,"valueName":"search_term_string"}}],"inLanguage":"es"},{"@type":"Person","@id":"https:\/\/www.sanluisrey.edu.co\/new\/#\/schema\/person\/95c521ab3dc11c1a9bacf54769a78394","name":"Colegio Franciscano San Luis Rey","image":{"@type":"ImageObject","inLanguage":"es","@id":"https:\/\/secure.gravatar.com\/avatar\/fe07d4fe7d07e705f3dcebbfb00bd721c65e9deca5b80342bbf641330ea86b26?s=96&d=mm&r=g","url":"https:\/\/secure.gravatar.com\/avatar\/fe07d4fe7d07e705f3dcebbfb00bd721c65e9deca5b80342bbf641330ea86b26?s=96&d=mm&r=g","contentUrl":"https:\/\/secure.gravatar.com\/avatar\/fe07d4fe7d07e705f3dcebbfb00bd721c65e9deca5b80342bbf641330ea86b26?s=96&d=mm&r=g","caption":"Colegio Franciscano San Luis Rey"},"sameAs":["https:\/\/www.sanluisrey.edu.co","https:\/\/web.facebook.com\/sanluisreyarmenia\/?_rdc=1&_rdr","https:\/\/www.instagram.com\/colegiofranciscanosanluisrey\/","https:\/\/x.com\/https:\/\/twitter.com\/san_luis_rey","https:\/\/www.youtube.com\/user\/colegiosanluisrey\/"],"url":"https:\/\/www.sanluisrey.edu.co\/new\/author\/adminrey\/"}]}},"jetpack_featured_media_url":"","jetpack_sharing_enabled":true,"_links":{"self":[{"href":"https:\/\/www.sanluisrey.edu.co\/new\/wp-json\/wp\/v2\/posts\/2201","targetHints":{"allow":["GET"]}}],"collection":[{"href":"https:\/\/www.sanluisrey.edu.co\/new\/wp-json\/wp\/v2\/posts"}],"about":[{"href":"https:\/\/www.sanluisrey.edu.co\/new\/wp-json\/wp\/v2\/types\/post"}],"author":[{"embeddable":true,"href":"https:\/\/www.sanluisrey.edu.co\/new\/wp-json\/wp\/v2\/users\/1"}],"replies":[{"embeddable":true,"href":"https:\/\/www.sanluisrey.edu.co\/new\/wp-json\/wp\/v2\/comments?post=2201"}],"version-history":[{"count":4,"href":"https:\/\/www.sanluisrey.edu.co\/new\/wp-json\/wp\/v2\/posts\/2201\/revisions"}],"predecessor-version":[{"id":2208,"href":"https:\/\/www.sanluisrey.edu.co\/new\/wp-json\/wp\/v2\/posts\/2201\/revisions\/2208"}],"wp:attachment":[{"href":"https:\/\/www.sanluisrey.edu.co\/new\/wp-json\/wp\/v2\/media?parent=2201"}],"wp:term":[{"taxonomy":"category","embeddable":true,"href":"https:\/\/www.sanluisrey.edu.co\/new\/wp-json\/wp\/v2\/categories?post=2201"},{"taxonomy":"post_tag","embeddable":true,"href":"https:\/\/www.sanluisrey.edu.co\/new\/wp-json\/wp\/v2\/tags?post=2201"}],"curies":[{"name":"wp","href":"https:\/\/api.w.org\/{rel}","templated":true}]}}