{"id":2266,"date":"2018-11-24T10:54:30","date_gmt":"2018-11-24T15:54:30","guid":{"rendered":"http:\/\/www.visualbit.co\/sanluis\/?p=2266"},"modified":"2020-04-24T10:56:22","modified_gmt":"2020-04-24T15:56:22","slug":"exhaltacion-a-maria-paz-amariles","status":"publish","type":"post","link":"https:\/\/www.sanluisrey.edu.co\/new\/exhaltacion-a-maria-paz-amariles\/","title":{"rendered":"Exhaltaci\u00f3n a Maria Paz Amariles"},"content":{"rendered":"\t\t<div data-elementor-type=\"wp-post\" data-elementor-id=\"2266\" class=\"elementor elementor-2266\">\n\t\t\t\t\t\t<section class=\"elementor-section elementor-top-section elementor-element elementor-element-53463b9 elementor-section-boxed elementor-section-height-default elementor-section-height-default\" data-id=\"53463b9\" data-element_type=\"section\" data-e-type=\"section\">\n\t\t\t\t\t\t<div class=\"elementor-container elementor-column-gap-default\">\n\t\t\t\t\t<div class=\"elementor-column elementor-col-100 elementor-top-column elementor-element elementor-element-8453828\" data-id=\"8453828\" data-element_type=\"column\" data-e-type=\"column\">\n\t\t\t<div class=\"elementor-widget-wrap elementor-element-populated\">\n\t\t\t\t\t\t<div class=\"elementor-element elementor-element-286c39f elementor-widget elementor-widget-heading\" data-id=\"286c39f\" data-element_type=\"widget\" data-e-type=\"widget\" data-widget_type=\"heading.default\">\n\t\t\t\t<div class=\"elementor-widget-container\">\n\t\t\t\t\t<h2 class=\"elementor-heading-title elementor-size-default\">Exhaltaci\u00f3n a Maria Paz Amariles<\/h2>\t\t\t\t<\/div>\n\t\t\t\t<\/div>\n\t\t\t\t\t<\/div>\n\t\t<\/div>\n\t\t\t\t\t<\/div>\n\t\t<\/section>\n\t\t\t\t<section class=\"elementor-section elementor-top-section elementor-element elementor-element-f1da04b elementor-section-boxed elementor-section-height-default elementor-section-height-default\" data-id=\"f1da04b\" data-element_type=\"section\" data-e-type=\"section\">\n\t\t\t\t\t\t<div class=\"elementor-container elementor-column-gap-default\">\n\t\t\t\t\t<div class=\"elementor-column elementor-col-100 elementor-top-column elementor-element elementor-element-421dbb3\" data-id=\"421dbb3\" data-element_type=\"column\" data-e-type=\"column\">\n\t\t\t<div class=\"elementor-widget-wrap elementor-element-populated\">\n\t\t\t\t\t\t<div class=\"elementor-element elementor-element-5ef1cef elementor-widget elementor-widget-image\" data-id=\"5ef1cef\" data-element_type=\"widget\" data-e-type=\"widget\" data-widget_type=\"image.default\">\n\t\t\t\t<div class=\"elementor-widget-container\">\n\t\t\t\t\t\t\t\t\t\t\t\t\t\t\t<img fetchpriority=\"high\" decoding=\"async\" width=\"750\" height=\"497\" src=\"https:\/\/www.sanluisrey.edu.co\/new\/wp-content\/uploads\/2020\/04\/MariaPaz-1024x679.jpg\" class=\"attachment-large size-large wp-image-2270\" alt=\"\" srcset=\"https:\/\/www.sanluisrey.edu.co\/new\/wp-content\/uploads\/2020\/04\/MariaPaz-1024x679.jpg 1024w, https:\/\/www.sanluisrey.edu.co\/new\/wp-content\/uploads\/2020\/04\/MariaPaz-600x398.jpg 600w, https:\/\/www.sanluisrey.edu.co\/new\/wp-content\/uploads\/2020\/04\/MariaPaz-300x199.jpg 300w, https:\/\/www.sanluisrey.edu.co\/new\/wp-content\/uploads\/2020\/04\/MariaPaz-768x509.jpg 768w, https:\/\/www.sanluisrey.edu.co\/new\/wp-content\/uploads\/2020\/04\/MariaPaz-360x240.jpg 360w, https:\/\/www.sanluisrey.edu.co\/new\/wp-content\/uploads\/2020\/04\/MariaPaz.jpg 1221w\" sizes=\"(max-width: 750px) 100vw, 750px\" \/>\t\t\t\t\t\t\t\t\t\t\t\t\t\t\t<\/div>\n\t\t\t\t<\/div>\n\t\t\t\t<div class=\"elementor-element elementor-element-60400da elementor-widget elementor-widget-text-editor\" data-id=\"60400da\" data-element_type=\"widget\" data-e-type=\"widget\" data-widget_type=\"text-editor.default\">\n\t\t\t\t<div class=\"elementor-widget-container\">\n\t\t\t\t\t\t\t\t\t<p><span style=\"color: #333333; font-family: natural; font-size: 17px;\">La alcald\u00eda de Armenia en conjunto con la Secretar\u00eda de Educaci\u00f3n municipal, exaltaron a nuestra estudiante Mar\u00eda Paz Amariles Echeverri por ser la estudiante m\u00e1s destacada acad\u00e9micamente del sector educativo privado obteniendo los mejores resultados de las pruebas ICFES saber 11 de los colegios privados de la regi\u00f3n calendario A. Felicitaciones a Mar\u00eda Paz y su familia por tan importante logro<\/span><\/p>\t\t\t\t\t\t\t\t<\/div>\n\t\t\t\t<\/div>\n\t\t\t\t\t<\/div>\n\t\t<\/div>\n\t\t\t\t\t<\/div>\n\t\t<\/section>\n\t\t\t\t<\/div>\n\t\t","protected":false},"excerpt":{"rendered":"<p>Exhaltaci\u00f3n a Maria Paz Amariles La alcald\u00eda de Armenia en conjunto con la Secretar\u00eda de Educaci\u00f3n municipal, exaltaron a nuestra estudiante Mar\u00eda Paz Amariles Echeverri por ser la estudiante m\u00e1s destacada acad\u00e9micamente del sector educativo privado obteniendo los mejores resultados de las pruebas ICFES saber 11 de los colegios privados [&hellip;]<\/p>\n","protected":false},"author":1,"featured_media":0,"comment_status":"open","ping_status":"open","sticky":false,"template":"","format":"standard","meta":{"_monsterinsights_skip_tracking":false,"_monsterinsights_sitenote_active":false,"_monsterinsights_sitenote_note":"","_monsterinsights_sitenote_category":0,"two_page_speed":[],"_jetpack_memberships_contains_paid_content":false,"footnotes":""},"categories":[7],"tags":[],"class_list":["post-2266","post","type-post","status-publish","format-standard","hentry","category-noticias"],"yoast_head":"<!-- This site is optimized with the Yoast SEO plugin v27.5 - https:\/\/yoast.com\/product\/yoast-seo-wordpress\/ -->\n<title>Exhaltaci\u00f3n a Maria Paz Amariles - Colegio San Luis Rey<\/title>\n<meta name=\"robots\" content=\"index, follow, max-snippet:-1, max-image-preview:large, max-video-preview:-1\" \/>\n<link rel=\"canonical\" href=\"https:\/\/www.sanluisrey.edu.co\/new\/exhaltacion-a-maria-paz-amariles\/\" \/>\n<meta property=\"og:locale\" content=\"es_ES\" \/>\n<meta property=\"og:type\" content=\"article\" \/>\n<meta property=\"og:title\" content=\"Exhaltaci\u00f3n a Maria Paz Amariles - Colegio San Luis Rey\" \/>\n<meta property=\"og:description\" content=\"Exhaltaci\u00f3n a Maria Paz Amariles La alcald\u00eda de Armenia en conjunto con la Secretar\u00eda de Educaci\u00f3n municipal, exaltaron a nuestra estudiante Mar\u00eda Paz Amariles Echeverri por ser la estudiante m\u00e1s destacada acad\u00e9micamente del sector educativo privado obteniendo los mejores resultados de las pruebas ICFES saber 11 de los colegios privados [&hellip;]\" \/>\n<meta property=\"og:url\" content=\"https:\/\/www.sanluisrey.edu.co\/new\/exhaltacion-a-maria-paz-amariles\/\" \/>\n<meta property=\"og:site_name\" content=\"Colegio San Luis Rey\" \/>\n<meta property=\"article:author\" content=\"https:\/\/web.facebook.com\/sanluisreyarmenia\/?_rdc=1&amp;_rdr\" \/>\n<meta property=\"article:published_time\" content=\"2018-11-24T15:54:30+00:00\" \/>\n<meta property=\"article:modified_time\" content=\"2020-04-24T15:56:22+00:00\" \/>\n<meta property=\"og:image\" content=\"http:\/\/www.visualbit.co\/sanluis\/wp-content\/uploads\/2020\/04\/MariaPaz-1024x679.jpg\" \/>\n<meta name=\"author\" content=\"Colegio Franciscano San Luis Rey\" \/>\n<meta name=\"twitter:card\" content=\"summary_large_image\" \/>\n<meta name=\"twitter:creator\" content=\"@https:\/\/twitter.com\/san_luis_rey\" \/>\n<meta name=\"twitter:label1\" content=\"Escrito por\" \/>\n\t<meta name=\"twitter:data1\" content=\"Colegio Franciscano San Luis Rey\" \/>\n<script type=\"application\/ld+json\" class=\"yoast-schema-graph\">{\"@context\":\"https:\\\/\\\/schema.org\",\"@graph\":[{\"@type\":\"Article\",\"@id\":\"https:\\\/\\\/www.sanluisrey.edu.co\\\/new\\\/exhaltacion-a-maria-paz-amariles\\\/#article\",\"isPartOf\":{\"@id\":\"https:\\\/\\\/www.sanluisrey.edu.co\\\/new\\\/exhaltacion-a-maria-paz-amariles\\\/\"},\"author\":{\"name\":\"Colegio Franciscano San Luis Rey\",\"@id\":\"https:\\\/\\\/www.sanluisrey.edu.co\\\/new\\\/#\\\/schema\\\/person\\\/95c521ab3dc11c1a9bacf54769a78394\"},\"headline\":\"Exhaltaci\u00f3n a Maria Paz Amariles\",\"datePublished\":\"2018-11-24T15:54:30+00:00\",\"dateModified\":\"2020-04-24T15:56:22+00:00\",\"mainEntityOfPage\":{\"@id\":\"https:\\\/\\\/www.sanluisrey.edu.co\\\/new\\\/exhaltacion-a-maria-paz-amariles\\\/\"},\"wordCount\":80,\"commentCount\":0,\"image\":{\"@id\":\"https:\\\/\\\/www.sanluisrey.edu.co\\\/new\\\/exhaltacion-a-maria-paz-amariles\\\/#primaryimage\"},\"thumbnailUrl\":\"http:\\\/\\\/www.visualbit.co\\\/sanluis\\\/wp-content\\\/uploads\\\/2020\\\/04\\\/MariaPaz-1024x679.jpg\",\"articleSection\":[\"Noticias\"],\"inLanguage\":\"es\",\"potentialAction\":[{\"@type\":\"CommentAction\",\"name\":\"Comment\",\"target\":[\"https:\\\/\\\/www.sanluisrey.edu.co\\\/new\\\/exhaltacion-a-maria-paz-amariles\\\/#respond\"]}]},{\"@type\":\"WebPage\",\"@id\":\"https:\\\/\\\/www.sanluisrey.edu.co\\\/new\\\/exhaltacion-a-maria-paz-amariles\\\/\",\"url\":\"https:\\\/\\\/www.sanluisrey.edu.co\\\/new\\\/exhaltacion-a-maria-paz-amariles\\\/\",\"name\":\"Exhaltaci\u00f3n a Maria Paz Amariles - Colegio San Luis Rey\",\"isPartOf\":{\"@id\":\"https:\\\/\\\/www.sanluisrey.edu.co\\\/new\\\/#website\"},\"primaryImageOfPage\":{\"@id\":\"https:\\\/\\\/www.sanluisrey.edu.co\\\/new\\\/exhaltacion-a-maria-paz-amariles\\\/#primaryimage\"},\"image\":{\"@id\":\"https:\\\/\\\/www.sanluisrey.edu.co\\\/new\\\/exhaltacion-a-maria-paz-amariles\\\/#primaryimage\"},\"thumbnailUrl\":\"http:\\\/\\\/www.visualbit.co\\\/sanluis\\\/wp-content\\\/uploads\\\/2020\\\/04\\\/MariaPaz-1024x679.jpg\",\"datePublished\":\"2018-11-24T15:54:30+00:00\",\"dateModified\":\"2020-04-24T15:56:22+00:00\",\"author\":{\"@id\":\"https:\\\/\\\/www.sanluisrey.edu.co\\\/new\\\/#\\\/schema\\\/person\\\/95c521ab3dc11c1a9bacf54769a78394\"},\"breadcrumb\":{\"@id\":\"https:\\\/\\\/www.sanluisrey.edu.co\\\/new\\\/exhaltacion-a-maria-paz-amariles\\\/#breadcrumb\"},\"inLanguage\":\"es\",\"potentialAction\":[{\"@type\":\"ReadAction\",\"target\":[\"https:\\\/\\\/www.sanluisrey.edu.co\\\/new\\\/exhaltacion-a-maria-paz-amariles\\\/\"]}]},{\"@type\":\"ImageObject\",\"inLanguage\":\"es\",\"@id\":\"https:\\\/\\\/www.sanluisrey.edu.co\\\/new\\\/exhaltacion-a-maria-paz-amariles\\\/#primaryimage\",\"url\":\"http:\\\/\\\/www.visualbit.co\\\/sanluis\\\/wp-content\\\/uploads\\\/2020\\\/04\\\/MariaPaz-1024x679.jpg\",\"contentUrl\":\"http:\\\/\\\/www.visualbit.co\\\/sanluis\\\/wp-content\\\/uploads\\\/2020\\\/04\\\/MariaPaz-1024x679.jpg\"},{\"@type\":\"BreadcrumbList\",\"@id\":\"https:\\\/\\\/www.sanluisrey.edu.co\\\/new\\\/exhaltacion-a-maria-paz-amariles\\\/#breadcrumb\",\"itemListElement\":[{\"@type\":\"ListItem\",\"position\":1,\"name\":\"Home\",\"item\":\"https:\\\/\\\/www.sanluisrey.edu.co\\\/new\\\/\"},{\"@type\":\"ListItem\",\"position\":2,\"name\":\"Exhaltaci\u00f3n a Maria Paz Amariles\"}]},{\"@type\":\"WebSite\",\"@id\":\"https:\\\/\\\/www.sanluisrey.edu.co\\\/new\\\/#website\",\"url\":\"https:\\\/\\\/www.sanluisrey.edu.co\\\/new\\\/\",\"name\":\"Colegio San Luis Rey\",\"description\":\"Comunidad Franciscana Provincia de la Santa Fe\",\"potentialAction\":[{\"@type\":\"SearchAction\",\"target\":{\"@type\":\"EntryPoint\",\"urlTemplate\":\"https:\\\/\\\/www.sanluisrey.edu.co\\\/new\\\/?s={search_term_string}\"},\"query-input\":{\"@type\":\"PropertyValueSpecification\",\"valueRequired\":true,\"valueName\":\"search_term_string\"}}],\"inLanguage\":\"es\"},{\"@type\":\"Person\",\"@id\":\"https:\\\/\\\/www.sanluisrey.edu.co\\\/new\\\/#\\\/schema\\\/person\\\/95c521ab3dc11c1a9bacf54769a78394\",\"name\":\"Colegio Franciscano San Luis Rey\",\"image\":{\"@type\":\"ImageObject\",\"inLanguage\":\"es\",\"@id\":\"https:\\\/\\\/secure.gravatar.com\\\/avatar\\\/fe07d4fe7d07e705f3dcebbfb00bd721c65e9deca5b80342bbf641330ea86b26?s=96&d=mm&r=g\",\"url\":\"https:\\\/\\\/secure.gravatar.com\\\/avatar\\\/fe07d4fe7d07e705f3dcebbfb00bd721c65e9deca5b80342bbf641330ea86b26?s=96&d=mm&r=g\",\"contentUrl\":\"https:\\\/\\\/secure.gravatar.com\\\/avatar\\\/fe07d4fe7d07e705f3dcebbfb00bd721c65e9deca5b80342bbf641330ea86b26?s=96&d=mm&r=g\",\"caption\":\"Colegio Franciscano San Luis Rey\"},\"sameAs\":[\"https:\\\/\\\/www.sanluisrey.edu.co\",\"https:\\\/\\\/web.facebook.com\\\/sanluisreyarmenia\\\/?_rdc=1&_rdr\",\"https:\\\/\\\/www.instagram.com\\\/colegiofranciscanosanluisrey\\\/\",\"https:\\\/\\\/x.com\\\/https:\\\/\\\/twitter.com\\\/san_luis_rey\",\"https:\\\/\\\/www.youtube.com\\\/user\\\/colegiosanluisrey\\\/\"],\"url\":\"https:\\\/\\\/www.sanluisrey.edu.co\\\/new\\\/author\\\/adminrey\\\/\"}]}<\/script>\n<!-- \/ Yoast SEO plugin. -->","yoast_head_json":{"title":"Exhaltaci\u00f3n a Maria Paz Amariles - Colegio San Luis Rey","robots":{"index":"index","follow":"follow","max-snippet":"max-snippet:-1","max-image-preview":"max-image-preview:large","max-video-preview":"max-video-preview:-1"},"canonical":"https:\/\/www.sanluisrey.edu.co\/new\/exhaltacion-a-maria-paz-amariles\/","og_locale":"es_ES","og_type":"article","og_title":"Exhaltaci\u00f3n a Maria Paz Amariles - Colegio San Luis Rey","og_description":"Exhaltaci\u00f3n a Maria Paz Amariles La alcald\u00eda de Armenia en conjunto con la Secretar\u00eda de Educaci\u00f3n municipal, exaltaron a nuestra estudiante Mar\u00eda Paz Amariles Echeverri por ser la estudiante m\u00e1s destacada acad\u00e9micamente del sector educativo privado obteniendo los mejores resultados de las pruebas ICFES saber 11 de los colegios privados [&hellip;]","og_url":"https:\/\/www.sanluisrey.edu.co\/new\/exhaltacion-a-maria-paz-amariles\/","og_site_name":"Colegio San Luis Rey","article_author":"https:\/\/web.facebook.com\/sanluisreyarmenia\/?_rdc=1&_rdr","article_published_time":"2018-11-24T15:54:30+00:00","article_modified_time":"2020-04-24T15:56:22+00:00","og_image":[{"url":"http:\/\/www.visualbit.co\/sanluis\/wp-content\/uploads\/2020\/04\/MariaPaz-1024x679.jpg","type":"","width":"","height":""}],"author":"Colegio Franciscano San Luis Rey","twitter_card":"summary_large_image","twitter_creator":"@https:\/\/twitter.com\/san_luis_rey","twitter_misc":{"Escrito por":"Colegio Franciscano San Luis Rey"},"schema":{"@context":"https:\/\/schema.org","@graph":[{"@type":"Article","@id":"https:\/\/www.sanluisrey.edu.co\/new\/exhaltacion-a-maria-paz-amariles\/#article","isPartOf":{"@id":"https:\/\/www.sanluisrey.edu.co\/new\/exhaltacion-a-maria-paz-amariles\/"},"author":{"name":"Colegio Franciscano San Luis Rey","@id":"https:\/\/www.sanluisrey.edu.co\/new\/#\/schema\/person\/95c521ab3dc11c1a9bacf54769a78394"},"headline":"Exhaltaci\u00f3n a Maria Paz Amariles","datePublished":"2018-11-24T15:54:30+00:00","dateModified":"2020-04-24T15:56:22+00:00","mainEntityOfPage":{"@id":"https:\/\/www.sanluisrey.edu.co\/new\/exhaltacion-a-maria-paz-amariles\/"},"wordCount":80,"commentCount":0,"image":{"@id":"https:\/\/www.sanluisrey.edu.co\/new\/exhaltacion-a-maria-paz-amariles\/#primaryimage"},"thumbnailUrl":"http:\/\/www.visualbit.co\/sanluis\/wp-content\/uploads\/2020\/04\/MariaPaz-1024x679.jpg","articleSection":["Noticias"],"inLanguage":"es","potentialAction":[{"@type":"CommentAction","name":"Comment","target":["https:\/\/www.sanluisrey.edu.co\/new\/exhaltacion-a-maria-paz-amariles\/#respond"]}]},{"@type":"WebPage","@id":"https:\/\/www.sanluisrey.edu.co\/new\/exhaltacion-a-maria-paz-amariles\/","url":"https:\/\/www.sanluisrey.edu.co\/new\/exhaltacion-a-maria-paz-amariles\/","name":"Exhaltaci\u00f3n a Maria Paz Amariles - Colegio San Luis Rey","isPartOf":{"@id":"https:\/\/www.sanluisrey.edu.co\/new\/#website"},"primaryImageOfPage":{"@id":"https:\/\/www.sanluisrey.edu.co\/new\/exhaltacion-a-maria-paz-amariles\/#primaryimage"},"image":{"@id":"https:\/\/www.sanluisrey.edu.co\/new\/exhaltacion-a-maria-paz-amariles\/#primaryimage"},"thumbnailUrl":"http:\/\/www.visualbit.co\/sanluis\/wp-content\/uploads\/2020\/04\/MariaPaz-1024x679.jpg","datePublished":"2018-11-24T15:54:30+00:00","dateModified":"2020-04-24T15:56:22+00:00","author":{"@id":"https:\/\/www.sanluisrey.edu.co\/new\/#\/schema\/person\/95c521ab3dc11c1a9bacf54769a78394"},"breadcrumb":{"@id":"https:\/\/www.sanluisrey.edu.co\/new\/exhaltacion-a-maria-paz-amariles\/#breadcrumb"},"inLanguage":"es","potentialAction":[{"@type":"ReadAction","target":["https:\/\/www.sanluisrey.edu.co\/new\/exhaltacion-a-maria-paz-amariles\/"]}]},{"@type":"ImageObject","inLanguage":"es","@id":"https:\/\/www.sanluisrey.edu.co\/new\/exhaltacion-a-maria-paz-amariles\/#primaryimage","url":"http:\/\/www.visualbit.co\/sanluis\/wp-content\/uploads\/2020\/04\/MariaPaz-1024x679.jpg","contentUrl":"http:\/\/www.visualbit.co\/sanluis\/wp-content\/uploads\/2020\/04\/MariaPaz-1024x679.jpg"},{"@type":"BreadcrumbList","@id":"https:\/\/www.sanluisrey.edu.co\/new\/exhaltacion-a-maria-paz-amariles\/#breadcrumb","itemListElement":[{"@type":"ListItem","position":1,"name":"Home","item":"https:\/\/www.sanluisrey.edu.co\/new\/"},{"@type":"ListItem","position":2,"name":"Exhaltaci\u00f3n a Maria Paz Amariles"}]},{"@type":"WebSite","@id":"https:\/\/www.sanluisrey.edu.co\/new\/#website","url":"https:\/\/www.sanluisrey.edu.co\/new\/","name":"Colegio San Luis Rey","description":"Comunidad Franciscana Provincia de la Santa Fe","potentialAction":[{"@type":"SearchAction","target":{"@type":"EntryPoint","urlTemplate":"https:\/\/www.sanluisrey.edu.co\/new\/?s={search_term_string}"},"query-input":{"@type":"PropertyValueSpecification","valueRequired":true,"valueName":"search_term_string"}}],"inLanguage":"es"},{"@type":"Person","@id":"https:\/\/www.sanluisrey.edu.co\/new\/#\/schema\/person\/95c521ab3dc11c1a9bacf54769a78394","name":"Colegio Franciscano San Luis Rey","image":{"@type":"ImageObject","inLanguage":"es","@id":"https:\/\/secure.gravatar.com\/avatar\/fe07d4fe7d07e705f3dcebbfb00bd721c65e9deca5b80342bbf641330ea86b26?s=96&d=mm&r=g","url":"https:\/\/secure.gravatar.com\/avatar\/fe07d4fe7d07e705f3dcebbfb00bd721c65e9deca5b80342bbf641330ea86b26?s=96&d=mm&r=g","contentUrl":"https:\/\/secure.gravatar.com\/avatar\/fe07d4fe7d07e705f3dcebbfb00bd721c65e9deca5b80342bbf641330ea86b26?s=96&d=mm&r=g","caption":"Colegio Franciscano San Luis Rey"},"sameAs":["https:\/\/www.sanluisrey.edu.co","https:\/\/web.facebook.com\/sanluisreyarmenia\/?_rdc=1&_rdr","https:\/\/www.instagram.com\/colegiofranciscanosanluisrey\/","https:\/\/x.com\/https:\/\/twitter.com\/san_luis_rey","https:\/\/www.youtube.com\/user\/colegiosanluisrey\/"],"url":"https:\/\/www.sanluisrey.edu.co\/new\/author\/adminrey\/"}]}},"jetpack_featured_media_url":"","jetpack_sharing_enabled":true,"_links":{"self":[{"href":"https:\/\/www.sanluisrey.edu.co\/new\/wp-json\/wp\/v2\/posts\/2266","targetHints":{"allow":["GET"]}}],"collection":[{"href":"https:\/\/www.sanluisrey.edu.co\/new\/wp-json\/wp\/v2\/posts"}],"about":[{"href":"https:\/\/www.sanluisrey.edu.co\/new\/wp-json\/wp\/v2\/types\/post"}],"author":[{"embeddable":true,"href":"https:\/\/www.sanluisrey.edu.co\/new\/wp-json\/wp\/v2\/users\/1"}],"replies":[{"embeddable":true,"href":"https:\/\/www.sanluisrey.edu.co\/new\/wp-json\/wp\/v2\/comments?post=2266"}],"version-history":[{"count":4,"href":"https:\/\/www.sanluisrey.edu.co\/new\/wp-json\/wp\/v2\/posts\/2266\/revisions"}],"predecessor-version":[{"id":2273,"href":"https:\/\/www.sanluisrey.edu.co\/new\/wp-json\/wp\/v2\/posts\/2266\/revisions\/2273"}],"wp:attachment":[{"href":"https:\/\/www.sanluisrey.edu.co\/new\/wp-json\/wp\/v2\/media?parent=2266"}],"wp:term":[{"taxonomy":"category","embeddable":true,"href":"https:\/\/www.sanluisrey.edu.co\/new\/wp-json\/wp\/v2\/categories?post=2266"},{"taxonomy":"post_tag","embeddable":true,"href":"https:\/\/www.sanluisrey.edu.co\/new\/wp-json\/wp\/v2\/tags?post=2266"}],"curies":[{"name":"wp","href":"https:\/\/api.w.org\/{rel}","templated":true}]}}