{"id":2290,"date":"2019-02-24T11:01:44","date_gmt":"2019-02-24T16:01:44","guid":{"rendered":"http:\/\/www.visualbit.co\/sanluis\/?p=2290"},"modified":"2020-04-24T11:05:07","modified_gmt":"2020-04-24T16:05:07","slug":"mensaje-de-bienvenida-de-nuestro-rector","status":"publish","type":"post","link":"https:\/\/www.sanluisrey.edu.co\/new\/mensaje-de-bienvenida-de-nuestro-rector\/","title":{"rendered":"Mensaje de Bienvenida de Nuestro Rector"},"content":{"rendered":"\t\t<div data-elementor-type=\"wp-post\" data-elementor-id=\"2290\" class=\"elementor elementor-2290\">\n\t\t\t\t\t\t<section class=\"elementor-section elementor-top-section elementor-element elementor-element-86fe00a elementor-section-boxed elementor-section-height-default elementor-section-height-default\" data-id=\"86fe00a\" data-element_type=\"section\" data-e-type=\"section\">\n\t\t\t\t\t\t<div class=\"elementor-container elementor-column-gap-default\">\n\t\t\t\t\t<div class=\"elementor-column elementor-col-100 elementor-top-column elementor-element elementor-element-a98dd78\" data-id=\"a98dd78\" data-element_type=\"column\" data-e-type=\"column\">\n\t\t\t<div class=\"elementor-widget-wrap elementor-element-populated\">\n\t\t\t\t\t\t<div class=\"elementor-element elementor-element-43981cd elementor-widget elementor-widget-heading\" data-id=\"43981cd\" data-element_type=\"widget\" data-e-type=\"widget\" data-widget_type=\"heading.default\">\n\t\t\t\t<div class=\"elementor-widget-container\">\n\t\t\t\t\t<h2 class=\"elementor-heading-title elementor-size-default\">Mensaje de Bienvenida de Nuestro Rector<\/h2>\t\t\t\t<\/div>\n\t\t\t\t<\/div>\n\t\t\t\t\t<\/div>\n\t\t<\/div>\n\t\t\t\t\t<\/div>\n\t\t<\/section>\n\t\t\t\t<section class=\"elementor-section elementor-top-section elementor-element elementor-element-bdb0daa elementor-section-boxed elementor-section-height-default elementor-section-height-default\" data-id=\"bdb0daa\" data-element_type=\"section\" data-e-type=\"section\">\n\t\t\t\t\t\t<div class=\"elementor-container elementor-column-gap-default\">\n\t\t\t\t\t<div class=\"elementor-column elementor-col-100 elementor-top-column elementor-element elementor-element-070149f\" data-id=\"070149f\" data-element_type=\"column\" data-e-type=\"column\">\n\t\t\t<div class=\"elementor-widget-wrap elementor-element-populated\">\n\t\t\t\t\t\t<div class=\"elementor-element elementor-element-24c5b15 elementor-widget elementor-widget-image\" data-id=\"24c5b15\" data-element_type=\"widget\" data-e-type=\"widget\" data-widget_type=\"image.default\">\n\t\t\t\t<div class=\"elementor-widget-container\">\n\t\t\t\t\t\t\t\t\t\t\t\t\t\t\t<img fetchpriority=\"high\" decoding=\"async\" width=\"750\" height=\"371\" src=\"https:\/\/www.sanluisrey.edu.co\/new\/wp-content\/uploads\/2020\/04\/BienvendioSanLuis2019-1024x506.jpg\" class=\"attachment-large size-large wp-image-2294\" alt=\"\" srcset=\"https:\/\/www.sanluisrey.edu.co\/new\/wp-content\/uploads\/2020\/04\/BienvendioSanLuis2019-1024x506.jpg 1024w, https:\/\/www.sanluisrey.edu.co\/new\/wp-content\/uploads\/2020\/04\/BienvendioSanLuis2019-600x297.jpg 600w, https:\/\/www.sanluisrey.edu.co\/new\/wp-content\/uploads\/2020\/04\/BienvendioSanLuis2019-300x148.jpg 300w, https:\/\/www.sanluisrey.edu.co\/new\/wp-content\/uploads\/2020\/04\/BienvendioSanLuis2019-768x380.jpg 768w, https:\/\/www.sanluisrey.edu.co\/new\/wp-content\/uploads\/2020\/04\/BienvendioSanLuis2019.jpg 1204w\" sizes=\"(max-width: 750px) 100vw, 750px\" \/>\t\t\t\t\t\t\t\t\t\t\t\t\t\t\t<\/div>\n\t\t\t\t<\/div>\n\t\t\t\t<div class=\"elementor-element elementor-element-8f57326 elementor-widget elementor-widget-text-editor\" data-id=\"8f57326\" data-element_type=\"widget\" data-e-type=\"widget\" data-widget_type=\"text-editor.default\">\n\t\t\t\t<div class=\"elementor-widget-container\">\n\t\t\t\t\t\t\t\t\t<p style=\"margin-bottom: 10px; color: #333333; font-family: natural; font-size: 17px;\">Mensaje de nuestro Rector Fray Hern\u00e1n El\u00edas Pe\u00f1a Quijano.<\/p><p style=\"margin-bottom: 10px; color: #333333; font-family: natural; font-size: 17px;\">Iniciamos un nuevo a\u00f1o escolar que incorpora al proceso de formaci\u00f3n de los ni\u00f1os y ni\u00f1as, jovencitas y j\u00f3venes, un\u00a0<strong>NUEVO \u201cPELDA\u00d1O\u201d<\/strong>\u00a0lleno de expectativas, sue\u00f1os, ilusiones, retos, desaf\u00edos y experiencias que los enriquecen cada vez m\u00e1s.<\/p><p style=\"margin-bottom: 10px; color: #333333; font-family: natural; font-size: 17px;\">El colegio franciscano San Luis Rey de Armenia, quiere contribuir a la consolidaci\u00f3n del\u00a0<strong>SER\u00a0<\/strong>de sus hijos a trav\u00e9s de la formaci\u00f3n en valores y competencias que les permita hacer realidad sus sue\u00f1os en el proyecto de vida que cada uno tiene. Queremos consolidar todo aquello que se aprende en la primera escuela por excelencia, que es y debe ser, el hogar. Padres de familia y colegio debemos estar unidos en un solo prop\u00f3sito, el que sus hijos se formen siendo\u00a0<strong>FELICES<\/strong>\u00a0y en el ma\u00f1ana de sus vidas, llenen de realidades amables y gratas esta sociedad colombiana que tiene depositada en ellos su esperanza por un pa\u00eds mejor.<\/p><p style=\"margin-bottom: 10px; color: #333333; font-family: natural; font-size: 17px;\">Esa\u00a0<strong>UNIDAD<\/strong>\u00a0en pos de una excelente formaci\u00f3n para sus hijos debe estar fundada en una buena, veraz y asertiva C<strong>OMUNICACI\u00d3N\u00a0<\/strong>entre los miembros de nuestra comunidad educativa; debe estar fundada en la coherencia que debe caracterizar a sus formadores, padres de familia y maestros; debe estar fundada en nuestras convicciones que nacen de los valores cristianos y franciscanos.<\/p><p style=\"margin-bottom: 10px; color: #333333; font-family: natural; font-size: 17px;\">Como lo expres\u00e9 en la circular que les envi\u00e9 hace un a\u00f1o, es importante que contribuyamos a la formaci\u00f3n de nuestros estudiantes a trav\u00e9s de la\u00a0<strong>PEDAGOG\u00cdA DE LA CONVICCI\u00d3N<\/strong>, cautiv\u00e1ndolos, atray\u00e9ndolos, enamor\u00e1ndolos hacia la ruta que depara un mundo mejor. Es mejor convencer que imponer. Por eso es necesario que el testimonio, el ejemplo y la coherencia de nosotros los adultos se constituyan en la verdadera autoridad que los cautive.<\/p><p style=\"margin-bottom: 10px; color: #333333; font-family: natural; font-size: 17px;\">Como franciscanos somos llamados a ser\u00a0<strong>HERMANOS,\u00a0<\/strong>porque toda la creaci\u00f3n es hija de un mismo Dios amoroso. Y llamados a ser\u00a0<strong>MENORES<\/strong>, porque debemos servir de manera incondicional, desinteresada y desprovista de toda sed de poder, inclinados a los pies de los disc\u00edpulos, tal como lo hizo el Se\u00f1or Jesucristo.<\/p><p style=\"margin-bottom: 10px; color: #333333; font-family: natural; font-size: 17px;\">Seguiremos trabajando arduamente, apoyados por el Dios en el que creemos, Fuente de Sabidur\u00eda, para fortalecer cada vez m\u00e1s todo aquello que\u00a0<strong>NUESTROS PREDECESORES<\/strong>\u00a0<strong>\u2013<\/strong>\u00a0maestros, directivos docentes, padres de familia, estudiantes y directivas\u00a0<strong>\u2013<\/strong>\u00a0forjaron, logrando que el nombre del colegio San Luis Rey de Armenia est\u00e9 hoy encumbrado como uno de los mejores colegios de la ciudad, la regi\u00f3n y el pa\u00eds. Para todos ellos, los que estuvieron y ya no est\u00e1n, producto del natural\u00a0<strong>RELEVO\u00a0<\/strong>que caracteriza todo grupo humano, mi agradecimiento inmenso en nombre de la Comunidad Franciscana y toda la Comunidad Sanluisista.<\/p><p style=\"margin-bottom: 10px; color: #333333; font-family: natural; font-size: 17px;\">Bienvenidos de nuevo a este maravilloso a\u00f1o, que esperando confiadamente en el Se\u00f1or Dios y Creador, ser\u00e1 tan bueno o mejor que los a\u00f1os anteriores.<\/p>\t\t\t\t\t\t\t\t<\/div>\n\t\t\t\t<\/div>\n\t\t\t\t\t<\/div>\n\t\t<\/div>\n\t\t\t\t\t<\/div>\n\t\t<\/section>\n\t\t\t\t<\/div>\n\t\t","protected":false},"excerpt":{"rendered":"<p>Mensaje de Bienvenida de Nuestro Rector Mensaje de nuestro Rector Fray Hern\u00e1n El\u00edas Pe\u00f1a Quijano. Iniciamos un nuevo a\u00f1o escolar que incorpora al proceso de formaci\u00f3n de los ni\u00f1os y ni\u00f1as, jovencitas y j\u00f3venes, un\u00a0NUEVO \u201cPELDA\u00d1O\u201d\u00a0lleno de expectativas, sue\u00f1os, ilusiones, retos, desaf\u00edos y experiencias que los enriquecen cada vez m\u00e1s. [&hellip;]<\/p>\n","protected":false},"author":1,"featured_media":0,"comment_status":"open","ping_status":"open","sticky":false,"template":"","format":"standard","meta":{"_monsterinsights_skip_tracking":false,"_monsterinsights_sitenote_active":false,"_monsterinsights_sitenote_note":"","_monsterinsights_sitenote_category":0,"two_page_speed":[],"_jetpack_memberships_contains_paid_content":false,"footnotes":""},"categories":[7],"tags":[],"class_list":["post-2290","post","type-post","status-publish","format-standard","hentry","category-noticias"],"yoast_head":"<!-- This site is optimized with the Yoast SEO plugin v27.5 - https:\/\/yoast.com\/product\/yoast-seo-wordpress\/ -->\n<title>Mensaje de Bienvenida de Nuestro Rector - Colegio San Luis Rey<\/title>\n<meta name=\"robots\" content=\"index, follow, max-snippet:-1, max-image-preview:large, max-video-preview:-1\" \/>\n<link rel=\"canonical\" href=\"https:\/\/www.sanluisrey.edu.co\/new\/mensaje-de-bienvenida-de-nuestro-rector\/\" \/>\n<meta property=\"og:locale\" content=\"es_ES\" \/>\n<meta property=\"og:type\" content=\"article\" \/>\n<meta property=\"og:title\" content=\"Mensaje de Bienvenida de Nuestro Rector - Colegio San Luis Rey\" \/>\n<meta property=\"og:description\" content=\"Mensaje de Bienvenida de Nuestro Rector Mensaje de nuestro Rector Fray Hern\u00e1n El\u00edas Pe\u00f1a Quijano. Iniciamos un nuevo a\u00f1o escolar que incorpora al proceso de formaci\u00f3n de los ni\u00f1os y ni\u00f1as, jovencitas y j\u00f3venes, un\u00a0NUEVO \u201cPELDA\u00d1O\u201d\u00a0lleno de expectativas, sue\u00f1os, ilusiones, retos, desaf\u00edos y experiencias que los enriquecen cada vez m\u00e1s. [&hellip;]\" \/>\n<meta property=\"og:url\" content=\"https:\/\/www.sanluisrey.edu.co\/new\/mensaje-de-bienvenida-de-nuestro-rector\/\" \/>\n<meta property=\"og:site_name\" content=\"Colegio San Luis Rey\" \/>\n<meta property=\"article:author\" content=\"https:\/\/web.facebook.com\/sanluisreyarmenia\/?_rdc=1&amp;_rdr\" \/>\n<meta property=\"article:published_time\" content=\"2019-02-24T16:01:44+00:00\" \/>\n<meta property=\"article:modified_time\" content=\"2020-04-24T16:05:07+00:00\" \/>\n<meta property=\"og:image\" content=\"http:\/\/www.visualbit.co\/sanluis\/wp-content\/uploads\/2020\/04\/BienvendioSanLuis2019-1024x506.jpg\" \/>\n<meta name=\"author\" content=\"Colegio Franciscano San Luis Rey\" \/>\n<meta name=\"twitter:card\" content=\"summary_large_image\" \/>\n<meta name=\"twitter:creator\" content=\"@https:\/\/twitter.com\/san_luis_rey\" \/>\n<meta name=\"twitter:label1\" content=\"Escrito por\" \/>\n\t<meta name=\"twitter:data1\" content=\"Colegio Franciscano San Luis Rey\" \/>\n\t<meta name=\"twitter:label2\" content=\"Tiempo de lectura\" \/>\n\t<meta name=\"twitter:data2\" content=\"3 minutos\" \/>\n<script type=\"application\/ld+json\" class=\"yoast-schema-graph\">{\"@context\":\"https:\\\/\\\/schema.org\",\"@graph\":[{\"@type\":\"Article\",\"@id\":\"https:\\\/\\\/www.sanluisrey.edu.co\\\/new\\\/mensaje-de-bienvenida-de-nuestro-rector\\\/#article\",\"isPartOf\":{\"@id\":\"https:\\\/\\\/www.sanluisrey.edu.co\\\/new\\\/mensaje-de-bienvenida-de-nuestro-rector\\\/\"},\"author\":{\"name\":\"Colegio Franciscano San Luis Rey\",\"@id\":\"https:\\\/\\\/www.sanluisrey.edu.co\\\/new\\\/#\\\/schema\\\/person\\\/95c521ab3dc11c1a9bacf54769a78394\"},\"headline\":\"Mensaje de Bienvenida de Nuestro Rector\",\"datePublished\":\"2019-02-24T16:01:44+00:00\",\"dateModified\":\"2020-04-24T16:05:07+00:00\",\"mainEntityOfPage\":{\"@id\":\"https:\\\/\\\/www.sanluisrey.edu.co\\\/new\\\/mensaje-de-bienvenida-de-nuestro-rector\\\/\"},\"wordCount\":509,\"commentCount\":0,\"image\":{\"@id\":\"https:\\\/\\\/www.sanluisrey.edu.co\\\/new\\\/mensaje-de-bienvenida-de-nuestro-rector\\\/#primaryimage\"},\"thumbnailUrl\":\"http:\\\/\\\/www.visualbit.co\\\/sanluis\\\/wp-content\\\/uploads\\\/2020\\\/04\\\/BienvendioSanLuis2019-1024x506.jpg\",\"articleSection\":[\"Noticias\"],\"inLanguage\":\"es\",\"potentialAction\":[{\"@type\":\"CommentAction\",\"name\":\"Comment\",\"target\":[\"https:\\\/\\\/www.sanluisrey.edu.co\\\/new\\\/mensaje-de-bienvenida-de-nuestro-rector\\\/#respond\"]}]},{\"@type\":\"WebPage\",\"@id\":\"https:\\\/\\\/www.sanluisrey.edu.co\\\/new\\\/mensaje-de-bienvenida-de-nuestro-rector\\\/\",\"url\":\"https:\\\/\\\/www.sanluisrey.edu.co\\\/new\\\/mensaje-de-bienvenida-de-nuestro-rector\\\/\",\"name\":\"Mensaje de Bienvenida de Nuestro Rector - Colegio San Luis Rey\",\"isPartOf\":{\"@id\":\"https:\\\/\\\/www.sanluisrey.edu.co\\\/new\\\/#website\"},\"primaryImageOfPage\":{\"@id\":\"https:\\\/\\\/www.sanluisrey.edu.co\\\/new\\\/mensaje-de-bienvenida-de-nuestro-rector\\\/#primaryimage\"},\"image\":{\"@id\":\"https:\\\/\\\/www.sanluisrey.edu.co\\\/new\\\/mensaje-de-bienvenida-de-nuestro-rector\\\/#primaryimage\"},\"thumbnailUrl\":\"http:\\\/\\\/www.visualbit.co\\\/sanluis\\\/wp-content\\\/uploads\\\/2020\\\/04\\\/BienvendioSanLuis2019-1024x506.jpg\",\"datePublished\":\"2019-02-24T16:01:44+00:00\",\"dateModified\":\"2020-04-24T16:05:07+00:00\",\"author\":{\"@id\":\"https:\\\/\\\/www.sanluisrey.edu.co\\\/new\\\/#\\\/schema\\\/person\\\/95c521ab3dc11c1a9bacf54769a78394\"},\"breadcrumb\":{\"@id\":\"https:\\\/\\\/www.sanluisrey.edu.co\\\/new\\\/mensaje-de-bienvenida-de-nuestro-rector\\\/#breadcrumb\"},\"inLanguage\":\"es\",\"potentialAction\":[{\"@type\":\"ReadAction\",\"target\":[\"https:\\\/\\\/www.sanluisrey.edu.co\\\/new\\\/mensaje-de-bienvenida-de-nuestro-rector\\\/\"]}]},{\"@type\":\"ImageObject\",\"inLanguage\":\"es\",\"@id\":\"https:\\\/\\\/www.sanluisrey.edu.co\\\/new\\\/mensaje-de-bienvenida-de-nuestro-rector\\\/#primaryimage\",\"url\":\"http:\\\/\\\/www.visualbit.co\\\/sanluis\\\/wp-content\\\/uploads\\\/2020\\\/04\\\/BienvendioSanLuis2019-1024x506.jpg\",\"contentUrl\":\"http:\\\/\\\/www.visualbit.co\\\/sanluis\\\/wp-content\\\/uploads\\\/2020\\\/04\\\/BienvendioSanLuis2019-1024x506.jpg\"},{\"@type\":\"BreadcrumbList\",\"@id\":\"https:\\\/\\\/www.sanluisrey.edu.co\\\/new\\\/mensaje-de-bienvenida-de-nuestro-rector\\\/#breadcrumb\",\"itemListElement\":[{\"@type\":\"ListItem\",\"position\":1,\"name\":\"Home\",\"item\":\"https:\\\/\\\/www.sanluisrey.edu.co\\\/new\\\/\"},{\"@type\":\"ListItem\",\"position\":2,\"name\":\"Mensaje de Bienvenida de Nuestro Rector\"}]},{\"@type\":\"WebSite\",\"@id\":\"https:\\\/\\\/www.sanluisrey.edu.co\\\/new\\\/#website\",\"url\":\"https:\\\/\\\/www.sanluisrey.edu.co\\\/new\\\/\",\"name\":\"Colegio San Luis Rey\",\"description\":\"Comunidad Franciscana Provincia de la Santa Fe\",\"potentialAction\":[{\"@type\":\"SearchAction\",\"target\":{\"@type\":\"EntryPoint\",\"urlTemplate\":\"https:\\\/\\\/www.sanluisrey.edu.co\\\/new\\\/?s={search_term_string}\"},\"query-input\":{\"@type\":\"PropertyValueSpecification\",\"valueRequired\":true,\"valueName\":\"search_term_string\"}}],\"inLanguage\":\"es\"},{\"@type\":\"Person\",\"@id\":\"https:\\\/\\\/www.sanluisrey.edu.co\\\/new\\\/#\\\/schema\\\/person\\\/95c521ab3dc11c1a9bacf54769a78394\",\"name\":\"Colegio Franciscano San Luis Rey\",\"image\":{\"@type\":\"ImageObject\",\"inLanguage\":\"es\",\"@id\":\"https:\\\/\\\/secure.gravatar.com\\\/avatar\\\/fe07d4fe7d07e705f3dcebbfb00bd721c65e9deca5b80342bbf641330ea86b26?s=96&d=mm&r=g\",\"url\":\"https:\\\/\\\/secure.gravatar.com\\\/avatar\\\/fe07d4fe7d07e705f3dcebbfb00bd721c65e9deca5b80342bbf641330ea86b26?s=96&d=mm&r=g\",\"contentUrl\":\"https:\\\/\\\/secure.gravatar.com\\\/avatar\\\/fe07d4fe7d07e705f3dcebbfb00bd721c65e9deca5b80342bbf641330ea86b26?s=96&d=mm&r=g\",\"caption\":\"Colegio Franciscano San Luis Rey\"},\"sameAs\":[\"https:\\\/\\\/www.sanluisrey.edu.co\",\"https:\\\/\\\/web.facebook.com\\\/sanluisreyarmenia\\\/?_rdc=1&_rdr\",\"https:\\\/\\\/www.instagram.com\\\/colegiofranciscanosanluisrey\\\/\",\"https:\\\/\\\/x.com\\\/https:\\\/\\\/twitter.com\\\/san_luis_rey\",\"https:\\\/\\\/www.youtube.com\\\/user\\\/colegiosanluisrey\\\/\"],\"url\":\"https:\\\/\\\/www.sanluisrey.edu.co\\\/new\\\/author\\\/adminrey\\\/\"}]}<\/script>\n<!-- \/ Yoast SEO plugin. -->","yoast_head_json":{"title":"Mensaje de Bienvenida de Nuestro Rector - Colegio San Luis Rey","robots":{"index":"index","follow":"follow","max-snippet":"max-snippet:-1","max-image-preview":"max-image-preview:large","max-video-preview":"max-video-preview:-1"},"canonical":"https:\/\/www.sanluisrey.edu.co\/new\/mensaje-de-bienvenida-de-nuestro-rector\/","og_locale":"es_ES","og_type":"article","og_title":"Mensaje de Bienvenida de Nuestro Rector - Colegio San Luis Rey","og_description":"Mensaje de Bienvenida de Nuestro Rector Mensaje de nuestro Rector Fray Hern\u00e1n El\u00edas Pe\u00f1a Quijano. Iniciamos un nuevo a\u00f1o escolar que incorpora al proceso de formaci\u00f3n de los ni\u00f1os y ni\u00f1as, jovencitas y j\u00f3venes, un\u00a0NUEVO \u201cPELDA\u00d1O\u201d\u00a0lleno de expectativas, sue\u00f1os, ilusiones, retos, desaf\u00edos y experiencias que los enriquecen cada vez m\u00e1s. [&hellip;]","og_url":"https:\/\/www.sanluisrey.edu.co\/new\/mensaje-de-bienvenida-de-nuestro-rector\/","og_site_name":"Colegio San Luis Rey","article_author":"https:\/\/web.facebook.com\/sanluisreyarmenia\/?_rdc=1&_rdr","article_published_time":"2019-02-24T16:01:44+00:00","article_modified_time":"2020-04-24T16:05:07+00:00","og_image":[{"url":"http:\/\/www.visualbit.co\/sanluis\/wp-content\/uploads\/2020\/04\/BienvendioSanLuis2019-1024x506.jpg","type":"","width":"","height":""}],"author":"Colegio Franciscano San Luis Rey","twitter_card":"summary_large_image","twitter_creator":"@https:\/\/twitter.com\/san_luis_rey","twitter_misc":{"Escrito por":"Colegio Franciscano San Luis Rey","Tiempo de lectura":"3 minutos"},"schema":{"@context":"https:\/\/schema.org","@graph":[{"@type":"Article","@id":"https:\/\/www.sanluisrey.edu.co\/new\/mensaje-de-bienvenida-de-nuestro-rector\/#article","isPartOf":{"@id":"https:\/\/www.sanluisrey.edu.co\/new\/mensaje-de-bienvenida-de-nuestro-rector\/"},"author":{"name":"Colegio Franciscano San Luis Rey","@id":"https:\/\/www.sanluisrey.edu.co\/new\/#\/schema\/person\/95c521ab3dc11c1a9bacf54769a78394"},"headline":"Mensaje de Bienvenida de Nuestro Rector","datePublished":"2019-02-24T16:01:44+00:00","dateModified":"2020-04-24T16:05:07+00:00","mainEntityOfPage":{"@id":"https:\/\/www.sanluisrey.edu.co\/new\/mensaje-de-bienvenida-de-nuestro-rector\/"},"wordCount":509,"commentCount":0,"image":{"@id":"https:\/\/www.sanluisrey.edu.co\/new\/mensaje-de-bienvenida-de-nuestro-rector\/#primaryimage"},"thumbnailUrl":"http:\/\/www.visualbit.co\/sanluis\/wp-content\/uploads\/2020\/04\/BienvendioSanLuis2019-1024x506.jpg","articleSection":["Noticias"],"inLanguage":"es","potentialAction":[{"@type":"CommentAction","name":"Comment","target":["https:\/\/www.sanluisrey.edu.co\/new\/mensaje-de-bienvenida-de-nuestro-rector\/#respond"]}]},{"@type":"WebPage","@id":"https:\/\/www.sanluisrey.edu.co\/new\/mensaje-de-bienvenida-de-nuestro-rector\/","url":"https:\/\/www.sanluisrey.edu.co\/new\/mensaje-de-bienvenida-de-nuestro-rector\/","name":"Mensaje de Bienvenida de Nuestro Rector - Colegio San Luis Rey","isPartOf":{"@id":"https:\/\/www.sanluisrey.edu.co\/new\/#website"},"primaryImageOfPage":{"@id":"https:\/\/www.sanluisrey.edu.co\/new\/mensaje-de-bienvenida-de-nuestro-rector\/#primaryimage"},"image":{"@id":"https:\/\/www.sanluisrey.edu.co\/new\/mensaje-de-bienvenida-de-nuestro-rector\/#primaryimage"},"thumbnailUrl":"http:\/\/www.visualbit.co\/sanluis\/wp-content\/uploads\/2020\/04\/BienvendioSanLuis2019-1024x506.jpg","datePublished":"2019-02-24T16:01:44+00:00","dateModified":"2020-04-24T16:05:07+00:00","author":{"@id":"https:\/\/www.sanluisrey.edu.co\/new\/#\/schema\/person\/95c521ab3dc11c1a9bacf54769a78394"},"breadcrumb":{"@id":"https:\/\/www.sanluisrey.edu.co\/new\/mensaje-de-bienvenida-de-nuestro-rector\/#breadcrumb"},"inLanguage":"es","potentialAction":[{"@type":"ReadAction","target":["https:\/\/www.sanluisrey.edu.co\/new\/mensaje-de-bienvenida-de-nuestro-rector\/"]}]},{"@type":"ImageObject","inLanguage":"es","@id":"https:\/\/www.sanluisrey.edu.co\/new\/mensaje-de-bienvenida-de-nuestro-rector\/#primaryimage","url":"http:\/\/www.visualbit.co\/sanluis\/wp-content\/uploads\/2020\/04\/BienvendioSanLuis2019-1024x506.jpg","contentUrl":"http:\/\/www.visualbit.co\/sanluis\/wp-content\/uploads\/2020\/04\/BienvendioSanLuis2019-1024x506.jpg"},{"@type":"BreadcrumbList","@id":"https:\/\/www.sanluisrey.edu.co\/new\/mensaje-de-bienvenida-de-nuestro-rector\/#breadcrumb","itemListElement":[{"@type":"ListItem","position":1,"name":"Home","item":"https:\/\/www.sanluisrey.edu.co\/new\/"},{"@type":"ListItem","position":2,"name":"Mensaje de Bienvenida de Nuestro Rector"}]},{"@type":"WebSite","@id":"https:\/\/www.sanluisrey.edu.co\/new\/#website","url":"https:\/\/www.sanluisrey.edu.co\/new\/","name":"Colegio San Luis Rey","description":"Comunidad Franciscana Provincia de la Santa Fe","potentialAction":[{"@type":"SearchAction","target":{"@type":"EntryPoint","urlTemplate":"https:\/\/www.sanluisrey.edu.co\/new\/?s={search_term_string}"},"query-input":{"@type":"PropertyValueSpecification","valueRequired":true,"valueName":"search_term_string"}}],"inLanguage":"es"},{"@type":"Person","@id":"https:\/\/www.sanluisrey.edu.co\/new\/#\/schema\/person\/95c521ab3dc11c1a9bacf54769a78394","name":"Colegio Franciscano San Luis Rey","image":{"@type":"ImageObject","inLanguage":"es","@id":"https:\/\/secure.gravatar.com\/avatar\/fe07d4fe7d07e705f3dcebbfb00bd721c65e9deca5b80342bbf641330ea86b26?s=96&d=mm&r=g","url":"https:\/\/secure.gravatar.com\/avatar\/fe07d4fe7d07e705f3dcebbfb00bd721c65e9deca5b80342bbf641330ea86b26?s=96&d=mm&r=g","contentUrl":"https:\/\/secure.gravatar.com\/avatar\/fe07d4fe7d07e705f3dcebbfb00bd721c65e9deca5b80342bbf641330ea86b26?s=96&d=mm&r=g","caption":"Colegio Franciscano San Luis Rey"},"sameAs":["https:\/\/www.sanluisrey.edu.co","https:\/\/web.facebook.com\/sanluisreyarmenia\/?_rdc=1&_rdr","https:\/\/www.instagram.com\/colegiofranciscanosanluisrey\/","https:\/\/x.com\/https:\/\/twitter.com\/san_luis_rey","https:\/\/www.youtube.com\/user\/colegiosanluisrey\/"],"url":"https:\/\/www.sanluisrey.edu.co\/new\/author\/adminrey\/"}]}},"jetpack_featured_media_url":"","jetpack_sharing_enabled":true,"_links":{"self":[{"href":"https:\/\/www.sanluisrey.edu.co\/new\/wp-json\/wp\/v2\/posts\/2290","targetHints":{"allow":["GET"]}}],"collection":[{"href":"https:\/\/www.sanluisrey.edu.co\/new\/wp-json\/wp\/v2\/posts"}],"about":[{"href":"https:\/\/www.sanluisrey.edu.co\/new\/wp-json\/wp\/v2\/types\/post"}],"author":[{"embeddable":true,"href":"https:\/\/www.sanluisrey.edu.co\/new\/wp-json\/wp\/v2\/users\/1"}],"replies":[{"embeddable":true,"href":"https:\/\/www.sanluisrey.edu.co\/new\/wp-json\/wp\/v2\/comments?post=2290"}],"version-history":[{"count":4,"href":"https:\/\/www.sanluisrey.edu.co\/new\/wp-json\/wp\/v2\/posts\/2290\/revisions"}],"predecessor-version":[{"id":2297,"href":"https:\/\/www.sanluisrey.edu.co\/new\/wp-json\/wp\/v2\/posts\/2290\/revisions\/2297"}],"wp:attachment":[{"href":"https:\/\/www.sanluisrey.edu.co\/new\/wp-json\/wp\/v2\/media?parent=2290"}],"wp:term":[{"taxonomy":"category","embeddable":true,"href":"https:\/\/www.sanluisrey.edu.co\/new\/wp-json\/wp\/v2\/categories?post=2290"},{"taxonomy":"post_tag","embeddable":true,"href":"https:\/\/www.sanluisrey.edu.co\/new\/wp-json\/wp\/v2\/tags?post=2290"}],"curies":[{"name":"wp","href":"https:\/\/api.w.org\/{rel}","templated":true}]}}