{"id":2475,"date":"2019-05-24T14:26:14","date_gmt":"2019-05-24T19:26:14","guid":{"rendered":"http:\/\/www.visualbit.co\/sanluis\/?p=2475"},"modified":"2020-04-24T14:27:29","modified_gmt":"2020-04-24T19:27:29","slug":"el-world-cafe","status":"publish","type":"post","link":"https:\/\/www.sanluisrey.edu.co\/new\/el-world-cafe\/","title":{"rendered":"El World Caf\u00e9"},"content":{"rendered":"\t\t<div data-elementor-type=\"wp-post\" data-elementor-id=\"2475\" class=\"elementor elementor-2475\">\n\t\t\t\t\t\t<section class=\"elementor-section elementor-top-section elementor-element elementor-element-9d389c8 elementor-section-boxed elementor-section-height-default elementor-section-height-default\" data-id=\"9d389c8\" data-element_type=\"section\" data-e-type=\"section\">\n\t\t\t\t\t\t<div class=\"elementor-container elementor-column-gap-default\">\n\t\t\t\t\t<div class=\"elementor-column elementor-col-100 elementor-top-column elementor-element elementor-element-3e1cf9e\" data-id=\"3e1cf9e\" data-element_type=\"column\" data-e-type=\"column\">\n\t\t\t<div class=\"elementor-widget-wrap elementor-element-populated\">\n\t\t\t\t\t\t<div class=\"elementor-element elementor-element-ccbca2d elementor-widget elementor-widget-heading\" data-id=\"ccbca2d\" data-element_type=\"widget\" data-e-type=\"widget\" data-widget_type=\"heading.default\">\n\t\t\t\t<div class=\"elementor-widget-container\">\n\t\t\t\t\t<h2 class=\"elementor-heading-title elementor-size-default\">El World Caf\u00e9<\/h2>\t\t\t\t<\/div>\n\t\t\t\t<\/div>\n\t\t\t\t\t<\/div>\n\t\t<\/div>\n\t\t\t\t\t<\/div>\n\t\t<\/section>\n\t\t\t\t<section class=\"elementor-section elementor-top-section elementor-element elementor-element-42ba6f6 elementor-section-boxed elementor-section-height-default elementor-section-height-default\" data-id=\"42ba6f6\" data-element_type=\"section\" data-e-type=\"section\">\n\t\t\t\t\t\t<div class=\"elementor-container elementor-column-gap-default\">\n\t\t\t\t\t<div class=\"elementor-column elementor-col-100 elementor-top-column elementor-element elementor-element-38fa376\" data-id=\"38fa376\" data-element_type=\"column\" data-e-type=\"column\">\n\t\t\t<div class=\"elementor-widget-wrap elementor-element-populated\">\n\t\t\t\t\t\t<div class=\"elementor-element elementor-element-cff048d elementor-widget elementor-widget-image\" data-id=\"cff048d\" data-element_type=\"widget\" data-e-type=\"widget\" data-widget_type=\"image.default\">\n\t\t\t\t<div class=\"elementor-widget-container\">\n\t\t\t\t\t\t\t\t\t\t\t\t\t\t\t<img fetchpriority=\"high\" decoding=\"async\" width=\"750\" height=\"509\" src=\"https:\/\/www.sanluisrey.edu.co\/new\/wp-content\/uploads\/2020\/04\/DSC_0640-1024x695.jpg\" class=\"attachment-large size-large wp-image-2479\" alt=\"\" srcset=\"https:\/\/www.sanluisrey.edu.co\/new\/wp-content\/uploads\/2020\/04\/DSC_0640-1024x695.jpg 1024w, https:\/\/www.sanluisrey.edu.co\/new\/wp-content\/uploads\/2020\/04\/DSC_0640-600x407.jpg 600w, https:\/\/www.sanluisrey.edu.co\/new\/wp-content\/uploads\/2020\/04\/DSC_0640-300x204.jpg 300w, https:\/\/www.sanluisrey.edu.co\/new\/wp-content\/uploads\/2020\/04\/DSC_0640-768x521.jpg 768w, https:\/\/www.sanluisrey.edu.co\/new\/wp-content\/uploads\/2020\/04\/DSC_0640.jpg 1387w\" sizes=\"(max-width: 750px) 100vw, 750px\" \/>\t\t\t\t\t\t\t\t\t\t\t\t\t\t\t<\/div>\n\t\t\t\t<\/div>\n\t\t\t\t<div class=\"elementor-element elementor-element-9987dbc elementor-widget elementor-widget-text-editor\" data-id=\"9987dbc\" data-element_type=\"widget\" data-e-type=\"widget\" data-widget_type=\"text-editor.default\">\n\t\t\t\t<div class=\"elementor-widget-container\">\n\t\t\t\t\t\t\t\t\t<p style=\"margin-bottom: 10px; color: #333333; font-family: natural; font-size: 17px;\"><strong>El World Caf\u00e9 (o Caf\u00e9 del Mundo) tiene consecuencias -inmediatas y pr\u00e1cticas- en la creaci\u00f3n de conocimiento.<\/strong><\/p><p style=\"margin-bottom: 10px; color: #333333; font-family: natural; font-size: 17px; text-align: right;\"><em>\u00abLa vida es como una taza de caf\u00e9. Todo est\u00e1 en c\u00f3mo la preparas, pero sobre todo en c\u00f3mo la tomas\u00bb.<br \/>An\u00f3nimo<\/em><\/p><p style=\"margin-bottom: 10px; color: #333333; font-family: natural; font-size: 17px;\">En esta oportunidad el \u00e1rea de lengua Castellana en la direcci\u00f3n del profesor Jhony Alexander de la Cruz Vanegas, realiz\u00f3 \u201c<strong>El World Caf\u00e9 (o Caf\u00e9 del Mundo)\u201d<\/strong>, el d\u00eda martes\u00a0 28 de Mayo, en el auditorio San Francisco de As\u00eds,\u00a0los protagonistas del evento fueron los \u00a0estudiantes de grado Octavo, \u00a0quienes sustentaron, compartieron sus experiencias, \u00a0realizaron preguntas de siembra y \u00a0cosecha para\u00a0la creaci\u00f3n de conocimiento<strong>.<\/strong><\/p><p style=\"margin-bottom: 10px; color: #333333; font-family: natural; font-size: 17px;\">La m\u00fasica como lenguaje universal es la singular combinaci\u00f3n de la melod\u00eda, ritmo, armon\u00eda y en este evento nuestra m\u00e1s grata compa\u00f1\u00eda, un sentido reconocimiento por su gran talento a los estudiantes: Juana Quintana Guzm\u00e1n y Juan David Restrepo.<\/p><p style=\"margin-bottom: 10px; color: #333333; font-family: natural; font-size: 17px;\">Felicitaciones a los docentes y estudiantes de grado octavo, que desde sus diferentes roles brindaron un di\u00e1logo afectivo, experiencias de lectura como sin\u00f3nimo de \u00a0conocimiento, en la compa\u00f1\u00eda de gratos invitados y el aroma de un buen caf\u00e9.<\/p><p style=\"margin-bottom: 10px; color: #333333; font-family: natural; font-size: 17px;\"><a href=\"https:\/\/www.facebook.com\/sanluisreyarmenia\/photos\/pcb.2711912945490981\/2711912152157727\/?type=3&amp;theater\" target=\"_blank\" rel=\"noopener\" style=\"background-image: initial; background-position: initial; background-size: initial; background-repeat: initial; background-attachment: initial; background-origin: initial; background-clip: initial; color: #428bca;\">Ver fotos en facebook<\/a><\/p><p style=\"margin-bottom: 10px; color: #333333; font-family: natural; font-size: 17px;\"><a href=\"https:\/\/www.facebook.com\/hashtag\/orgullosamentesanluisista?source=feed_text&amp;epa=HASHTAG&amp;__xts__%5B0%5D=68.ARDn3vUenYDJWfJ9SwJS43woLzQ2U1OiAE0j9TpDHfDWVJTeLRBwsNdZTg2DMKBkxmy_F6ZQsfosMYQLRhkF6aAwSLKo8cKKYiv1sqNe31UjxbiE-_KDufNUu1Ba2bRSGS4oxrzjidy1ln7QzwZ2TRnjSs-NrotY_FBRpJfSvye7X7zubDl9OU7_TIxY1I97Ub33ZmHDrg0mw-OuAr924Gp9mxK90JZETGtXRA79J8FuRwkvs-T6mvmz6pfiTlz7YeV-tG09kM6XFUDgjcVrxgR2wDlkv_oclXL2-GqE6Iv_M2U4ffgYcuDkU1UVqjM25xtZiHFHdjoNd7s_tPkya3tl9A&amp;__tn__=%2ANK-R\" style=\"background-image: initial; background-position: initial; background-size: initial; background-repeat: initial; background-attachment: initial; background-origin: initial; background-clip: initial; color: #428bca;\">#Orgullosamentesanluisista<\/a><br \/><a href=\"https:\/\/www.facebook.com\/hashtag\/colegio?source=feed_text&amp;epa=HASHTAG&amp;__xts__%5B0%5D=68.ARDn3vUenYDJWfJ9SwJS43woLzQ2U1OiAE0j9TpDHfDWVJTeLRBwsNdZTg2DMKBkxmy_F6ZQsfosMYQLRhkF6aAwSLKo8cKKYiv1sqNe31UjxbiE-_KDufNUu1Ba2bRSGS4oxrzjidy1ln7QzwZ2TRnjSs-NrotY_FBRpJfSvye7X7zubDl9OU7_TIxY1I97Ub33ZmHDrg0mw-OuAr924Gp9mxK90JZETGtXRA79J8FuRwkvs-T6mvmz6pfiTlz7YeV-tG09kM6XFUDgjcVrxgR2wDlkv_oclXL2-GqE6Iv_M2U4ffgYcuDkU1UVqjM25xtZiHFHdjoNd7s_tPkya3tl9A&amp;__tn__=%2ANK-R\" style=\"background-image: initial; background-position: initial; background-size: initial; background-repeat: initial; background-attachment: initial; background-origin: initial; background-clip: initial; color: #428bca;\">#Colegio<\/a><br \/><a href=\"https:\/\/www.facebook.com\/hashtag\/armenia?source=feed_text&amp;epa=HASHTAG&amp;__xts__%5B0%5D=68.ARDn3vUenYDJWfJ9SwJS43woLzQ2U1OiAE0j9TpDHfDWVJTeLRBwsNdZTg2DMKBkxmy_F6ZQsfosMYQLRhkF6aAwSLKo8cKKYiv1sqNe31UjxbiE-_KDufNUu1Ba2bRSGS4oxrzjidy1ln7QzwZ2TRnjSs-NrotY_FBRpJfSvye7X7zubDl9OU7_TIxY1I97Ub33ZmHDrg0mw-OuAr924Gp9mxK90JZETGtXRA79J8FuRwkvs-T6mvmz6pfiTlz7YeV-tG09kM6XFUDgjcVrxgR2wDlkv_oclXL2-GqE6Iv_M2U4ffgYcuDkU1UVqjM25xtZiHFHdjoNd7s_tPkya3tl9A&amp;__tn__=%2ANK-R\" style=\"background-image: initial; background-position: initial; background-size: initial; background-repeat: initial; background-attachment: initial; background-origin: initial; background-clip: initial; color: #428bca;\">#Armenia<\/a><br \/><a href=\"https:\/\/www.facebook.com\/hashtag\/quindio?source=feed_text&amp;epa=HASHTAG&amp;__xts__%5B0%5D=68.ARDn3vUenYDJWfJ9SwJS43woLzQ2U1OiAE0j9TpDHfDWVJTeLRBwsNdZTg2DMKBkxmy_F6ZQsfosMYQLRhkF6aAwSLKo8cKKYiv1sqNe31UjxbiE-_KDufNUu1Ba2bRSGS4oxrzjidy1ln7QzwZ2TRnjSs-NrotY_FBRpJfSvye7X7zubDl9OU7_TIxY1I97Ub33ZmHDrg0mw-OuAr924Gp9mxK90JZETGtXRA79J8FuRwkvs-T6mvmz6pfiTlz7YeV-tG09kM6XFUDgjcVrxgR2wDlkv_oclXL2-GqE6Iv_M2U4ffgYcuDkU1UVqjM25xtZiHFHdjoNd7s_tPkya3tl9A&amp;__tn__=%2ANK-R\" style=\"background-image: initial; background-position: initial; background-size: initial; background-repeat: initial; background-attachment: initial; background-origin: initial; background-clip: initial; color: #428bca;\">#Quindio<\/a><br \/><a href=\"https:\/\/www.facebook.com\/hashtag\/sanluisesfamilia?source=feed_text&amp;epa=HASHTAG&amp;__xts__%5B0%5D=68.ARDn3vUenYDJWfJ9SwJS43woLzQ2U1OiAE0j9TpDHfDWVJTeLRBwsNdZTg2DMKBkxmy_F6ZQsfosMYQLRhkF6aAwSLKo8cKKYiv1sqNe31UjxbiE-_KDufNUu1Ba2bRSGS4oxrzjidy1ln7QzwZ2TRnjSs-NrotY_FBRpJfSvye7X7zubDl9OU7_TIxY1I97Ub33ZmHDrg0mw-OuAr924Gp9mxK90JZETGtXRA79J8FuRwkvs-T6mvmz6pfiTlz7YeV-tG09kM6XFUDgjcVrxgR2wDlkv_oclXL2-GqE6Iv_M2U4ffgYcuDkU1UVqjM25xtZiHFHdjoNd7s_tPkya3tl9A&amp;__tn__=%2ANK-R\" style=\"background-image: initial; background-position: initial; background-size: initial; background-repeat: initial; background-attachment: initial; background-origin: initial; background-clip: initial; color: #428bca;\">#SanLuisEsFamilia<\/a><\/p>\t\t\t\t\t\t\t\t<\/div>\n\t\t\t\t<\/div>\n\t\t\t\t\t<\/div>\n\t\t<\/div>\n\t\t\t\t\t<\/div>\n\t\t<\/section>\n\t\t\t\t<\/div>\n\t\t","protected":false},"excerpt":{"rendered":"<p>El World Caf\u00e9 El World Caf\u00e9 (o Caf\u00e9 del Mundo) tiene consecuencias -inmediatas y pr\u00e1cticas- en la creaci\u00f3n de conocimiento. \u00abLa vida es como una taza de caf\u00e9. Todo est\u00e1 en c\u00f3mo la preparas, pero sobre todo en c\u00f3mo la tomas\u00bb.An\u00f3nimo En esta oportunidad el \u00e1rea de lengua Castellana en [&hellip;]<\/p>\n","protected":false},"author":1,"featured_media":0,"comment_status":"open","ping_status":"open","sticky":false,"template":"","format":"standard","meta":{"_monsterinsights_skip_tracking":false,"_monsterinsights_sitenote_active":false,"_monsterinsights_sitenote_note":"","_monsterinsights_sitenote_category":0,"two_page_speed":[],"_jetpack_memberships_contains_paid_content":false,"footnotes":""},"categories":[7],"tags":[],"class_list":["post-2475","post","type-post","status-publish","format-standard","hentry","category-noticias"],"yoast_head":"<!-- This site is optimized with the Yoast SEO plugin v27.5 - https:\/\/yoast.com\/product\/yoast-seo-wordpress\/ -->\n<title>El World Caf\u00e9 - Colegio San Luis Rey<\/title>\n<meta name=\"robots\" content=\"index, follow, max-snippet:-1, max-image-preview:large, max-video-preview:-1\" \/>\n<link rel=\"canonical\" href=\"https:\/\/www.sanluisrey.edu.co\/new\/el-world-cafe\/\" \/>\n<meta property=\"og:locale\" content=\"es_ES\" \/>\n<meta property=\"og:type\" content=\"article\" \/>\n<meta property=\"og:title\" content=\"El World Caf\u00e9 - Colegio San Luis Rey\" \/>\n<meta property=\"og:description\" content=\"El World Caf\u00e9 El World Caf\u00e9 (o Caf\u00e9 del Mundo) tiene consecuencias -inmediatas y pr\u00e1cticas- en la creaci\u00f3n de conocimiento. \u00abLa vida es como una taza de caf\u00e9. Todo est\u00e1 en c\u00f3mo la preparas, pero sobre todo en c\u00f3mo la tomas\u00bb.An\u00f3nimo En esta oportunidad el \u00e1rea de lengua Castellana en [&hellip;]\" \/>\n<meta property=\"og:url\" content=\"https:\/\/www.sanluisrey.edu.co\/new\/el-world-cafe\/\" \/>\n<meta property=\"og:site_name\" content=\"Colegio San Luis Rey\" \/>\n<meta property=\"article:author\" content=\"https:\/\/web.facebook.com\/sanluisreyarmenia\/?_rdc=1&amp;_rdr\" \/>\n<meta property=\"article:published_time\" content=\"2019-05-24T19:26:14+00:00\" \/>\n<meta property=\"article:modified_time\" content=\"2020-04-24T19:27:29+00:00\" \/>\n<meta property=\"og:image\" content=\"http:\/\/www.visualbit.co\/sanluis\/wp-content\/uploads\/2020\/04\/DSC_0640-1024x695.jpg\" \/>\n<meta name=\"author\" content=\"Colegio Franciscano San Luis Rey\" \/>\n<meta name=\"twitter:card\" content=\"summary_large_image\" \/>\n<meta name=\"twitter:creator\" content=\"@https:\/\/twitter.com\/san_luis_rey\" \/>\n<meta name=\"twitter:label1\" content=\"Escrito por\" \/>\n\t<meta name=\"twitter:data1\" content=\"Colegio Franciscano San Luis Rey\" \/>\n\t<meta name=\"twitter:label2\" content=\"Tiempo de lectura\" \/>\n\t<meta name=\"twitter:data2\" content=\"1 minuto\" \/>\n<script type=\"application\/ld+json\" class=\"yoast-schema-graph\">{\"@context\":\"https:\\\/\\\/schema.org\",\"@graph\":[{\"@type\":\"Article\",\"@id\":\"https:\\\/\\\/www.sanluisrey.edu.co\\\/new\\\/el-world-cafe\\\/#article\",\"isPartOf\":{\"@id\":\"https:\\\/\\\/www.sanluisrey.edu.co\\\/new\\\/el-world-cafe\\\/\"},\"author\":{\"name\":\"Colegio Franciscano San Luis Rey\",\"@id\":\"https:\\\/\\\/www.sanluisrey.edu.co\\\/new\\\/#\\\/schema\\\/person\\\/95c521ab3dc11c1a9bacf54769a78394\"},\"headline\":\"El World Caf\u00e9\",\"datePublished\":\"2019-05-24T19:26:14+00:00\",\"dateModified\":\"2020-04-24T19:27:29+00:00\",\"mainEntityOfPage\":{\"@id\":\"https:\\\/\\\/www.sanluisrey.edu.co\\\/new\\\/el-world-cafe\\\/\"},\"wordCount\":215,\"commentCount\":0,\"image\":{\"@id\":\"https:\\\/\\\/www.sanluisrey.edu.co\\\/new\\\/el-world-cafe\\\/#primaryimage\"},\"thumbnailUrl\":\"http:\\\/\\\/www.visualbit.co\\\/sanluis\\\/wp-content\\\/uploads\\\/2020\\\/04\\\/DSC_0640-1024x695.jpg\",\"articleSection\":[\"Noticias\"],\"inLanguage\":\"es\",\"potentialAction\":[{\"@type\":\"CommentAction\",\"name\":\"Comment\",\"target\":[\"https:\\\/\\\/www.sanluisrey.edu.co\\\/new\\\/el-world-cafe\\\/#respond\"]}]},{\"@type\":\"WebPage\",\"@id\":\"https:\\\/\\\/www.sanluisrey.edu.co\\\/new\\\/el-world-cafe\\\/\",\"url\":\"https:\\\/\\\/www.sanluisrey.edu.co\\\/new\\\/el-world-cafe\\\/\",\"name\":\"El World Caf\u00e9 - Colegio San Luis Rey\",\"isPartOf\":{\"@id\":\"https:\\\/\\\/www.sanluisrey.edu.co\\\/new\\\/#website\"},\"primaryImageOfPage\":{\"@id\":\"https:\\\/\\\/www.sanluisrey.edu.co\\\/new\\\/el-world-cafe\\\/#primaryimage\"},\"image\":{\"@id\":\"https:\\\/\\\/www.sanluisrey.edu.co\\\/new\\\/el-world-cafe\\\/#primaryimage\"},\"thumbnailUrl\":\"http:\\\/\\\/www.visualbit.co\\\/sanluis\\\/wp-content\\\/uploads\\\/2020\\\/04\\\/DSC_0640-1024x695.jpg\",\"datePublished\":\"2019-05-24T19:26:14+00:00\",\"dateModified\":\"2020-04-24T19:27:29+00:00\",\"author\":{\"@id\":\"https:\\\/\\\/www.sanluisrey.edu.co\\\/new\\\/#\\\/schema\\\/person\\\/95c521ab3dc11c1a9bacf54769a78394\"},\"breadcrumb\":{\"@id\":\"https:\\\/\\\/www.sanluisrey.edu.co\\\/new\\\/el-world-cafe\\\/#breadcrumb\"},\"inLanguage\":\"es\",\"potentialAction\":[{\"@type\":\"ReadAction\",\"target\":[\"https:\\\/\\\/www.sanluisrey.edu.co\\\/new\\\/el-world-cafe\\\/\"]}]},{\"@type\":\"ImageObject\",\"inLanguage\":\"es\",\"@id\":\"https:\\\/\\\/www.sanluisrey.edu.co\\\/new\\\/el-world-cafe\\\/#primaryimage\",\"url\":\"http:\\\/\\\/www.visualbit.co\\\/sanluis\\\/wp-content\\\/uploads\\\/2020\\\/04\\\/DSC_0640-1024x695.jpg\",\"contentUrl\":\"http:\\\/\\\/www.visualbit.co\\\/sanluis\\\/wp-content\\\/uploads\\\/2020\\\/04\\\/DSC_0640-1024x695.jpg\"},{\"@type\":\"BreadcrumbList\",\"@id\":\"https:\\\/\\\/www.sanluisrey.edu.co\\\/new\\\/el-world-cafe\\\/#breadcrumb\",\"itemListElement\":[{\"@type\":\"ListItem\",\"position\":1,\"name\":\"Home\",\"item\":\"https:\\\/\\\/www.sanluisrey.edu.co\\\/new\\\/\"},{\"@type\":\"ListItem\",\"position\":2,\"name\":\"El World Caf\u00e9\"}]},{\"@type\":\"WebSite\",\"@id\":\"https:\\\/\\\/www.sanluisrey.edu.co\\\/new\\\/#website\",\"url\":\"https:\\\/\\\/www.sanluisrey.edu.co\\\/new\\\/\",\"name\":\"Colegio San Luis Rey\",\"description\":\"Comunidad Franciscana Provincia de la Santa Fe\",\"potentialAction\":[{\"@type\":\"SearchAction\",\"target\":{\"@type\":\"EntryPoint\",\"urlTemplate\":\"https:\\\/\\\/www.sanluisrey.edu.co\\\/new\\\/?s={search_term_string}\"},\"query-input\":{\"@type\":\"PropertyValueSpecification\",\"valueRequired\":true,\"valueName\":\"search_term_string\"}}],\"inLanguage\":\"es\"},{\"@type\":\"Person\",\"@id\":\"https:\\\/\\\/www.sanluisrey.edu.co\\\/new\\\/#\\\/schema\\\/person\\\/95c521ab3dc11c1a9bacf54769a78394\",\"name\":\"Colegio Franciscano San Luis Rey\",\"image\":{\"@type\":\"ImageObject\",\"inLanguage\":\"es\",\"@id\":\"https:\\\/\\\/secure.gravatar.com\\\/avatar\\\/fe07d4fe7d07e705f3dcebbfb00bd721c65e9deca5b80342bbf641330ea86b26?s=96&d=mm&r=g\",\"url\":\"https:\\\/\\\/secure.gravatar.com\\\/avatar\\\/fe07d4fe7d07e705f3dcebbfb00bd721c65e9deca5b80342bbf641330ea86b26?s=96&d=mm&r=g\",\"contentUrl\":\"https:\\\/\\\/secure.gravatar.com\\\/avatar\\\/fe07d4fe7d07e705f3dcebbfb00bd721c65e9deca5b80342bbf641330ea86b26?s=96&d=mm&r=g\",\"caption\":\"Colegio Franciscano San Luis Rey\"},\"sameAs\":[\"https:\\\/\\\/www.sanluisrey.edu.co\",\"https:\\\/\\\/web.facebook.com\\\/sanluisreyarmenia\\\/?_rdc=1&_rdr\",\"https:\\\/\\\/www.instagram.com\\\/colegiofranciscanosanluisrey\\\/\",\"https:\\\/\\\/x.com\\\/https:\\\/\\\/twitter.com\\\/san_luis_rey\",\"https:\\\/\\\/www.youtube.com\\\/user\\\/colegiosanluisrey\\\/\"],\"url\":\"https:\\\/\\\/www.sanluisrey.edu.co\\\/new\\\/author\\\/adminrey\\\/\"}]}<\/script>\n<!-- \/ Yoast SEO plugin. -->","yoast_head_json":{"title":"El World Caf\u00e9 - Colegio San Luis Rey","robots":{"index":"index","follow":"follow","max-snippet":"max-snippet:-1","max-image-preview":"max-image-preview:large","max-video-preview":"max-video-preview:-1"},"canonical":"https:\/\/www.sanluisrey.edu.co\/new\/el-world-cafe\/","og_locale":"es_ES","og_type":"article","og_title":"El World Caf\u00e9 - Colegio San Luis Rey","og_description":"El World Caf\u00e9 El World Caf\u00e9 (o Caf\u00e9 del Mundo) tiene consecuencias -inmediatas y pr\u00e1cticas- en la creaci\u00f3n de conocimiento. \u00abLa vida es como una taza de caf\u00e9. Todo est\u00e1 en c\u00f3mo la preparas, pero sobre todo en c\u00f3mo la tomas\u00bb.An\u00f3nimo En esta oportunidad el \u00e1rea de lengua Castellana en [&hellip;]","og_url":"https:\/\/www.sanluisrey.edu.co\/new\/el-world-cafe\/","og_site_name":"Colegio San Luis Rey","article_author":"https:\/\/web.facebook.com\/sanluisreyarmenia\/?_rdc=1&_rdr","article_published_time":"2019-05-24T19:26:14+00:00","article_modified_time":"2020-04-24T19:27:29+00:00","og_image":[{"url":"http:\/\/www.visualbit.co\/sanluis\/wp-content\/uploads\/2020\/04\/DSC_0640-1024x695.jpg","type":"","width":"","height":""}],"author":"Colegio Franciscano San Luis Rey","twitter_card":"summary_large_image","twitter_creator":"@https:\/\/twitter.com\/san_luis_rey","twitter_misc":{"Escrito por":"Colegio Franciscano San Luis Rey","Tiempo de lectura":"1 minuto"},"schema":{"@context":"https:\/\/schema.org","@graph":[{"@type":"Article","@id":"https:\/\/www.sanluisrey.edu.co\/new\/el-world-cafe\/#article","isPartOf":{"@id":"https:\/\/www.sanluisrey.edu.co\/new\/el-world-cafe\/"},"author":{"name":"Colegio Franciscano San Luis Rey","@id":"https:\/\/www.sanluisrey.edu.co\/new\/#\/schema\/person\/95c521ab3dc11c1a9bacf54769a78394"},"headline":"El World Caf\u00e9","datePublished":"2019-05-24T19:26:14+00:00","dateModified":"2020-04-24T19:27:29+00:00","mainEntityOfPage":{"@id":"https:\/\/www.sanluisrey.edu.co\/new\/el-world-cafe\/"},"wordCount":215,"commentCount":0,"image":{"@id":"https:\/\/www.sanluisrey.edu.co\/new\/el-world-cafe\/#primaryimage"},"thumbnailUrl":"http:\/\/www.visualbit.co\/sanluis\/wp-content\/uploads\/2020\/04\/DSC_0640-1024x695.jpg","articleSection":["Noticias"],"inLanguage":"es","potentialAction":[{"@type":"CommentAction","name":"Comment","target":["https:\/\/www.sanluisrey.edu.co\/new\/el-world-cafe\/#respond"]}]},{"@type":"WebPage","@id":"https:\/\/www.sanluisrey.edu.co\/new\/el-world-cafe\/","url":"https:\/\/www.sanluisrey.edu.co\/new\/el-world-cafe\/","name":"El World Caf\u00e9 - Colegio San Luis Rey","isPartOf":{"@id":"https:\/\/www.sanluisrey.edu.co\/new\/#website"},"primaryImageOfPage":{"@id":"https:\/\/www.sanluisrey.edu.co\/new\/el-world-cafe\/#primaryimage"},"image":{"@id":"https:\/\/www.sanluisrey.edu.co\/new\/el-world-cafe\/#primaryimage"},"thumbnailUrl":"http:\/\/www.visualbit.co\/sanluis\/wp-content\/uploads\/2020\/04\/DSC_0640-1024x695.jpg","datePublished":"2019-05-24T19:26:14+00:00","dateModified":"2020-04-24T19:27:29+00:00","author":{"@id":"https:\/\/www.sanluisrey.edu.co\/new\/#\/schema\/person\/95c521ab3dc11c1a9bacf54769a78394"},"breadcrumb":{"@id":"https:\/\/www.sanluisrey.edu.co\/new\/el-world-cafe\/#breadcrumb"},"inLanguage":"es","potentialAction":[{"@type":"ReadAction","target":["https:\/\/www.sanluisrey.edu.co\/new\/el-world-cafe\/"]}]},{"@type":"ImageObject","inLanguage":"es","@id":"https:\/\/www.sanluisrey.edu.co\/new\/el-world-cafe\/#primaryimage","url":"http:\/\/www.visualbit.co\/sanluis\/wp-content\/uploads\/2020\/04\/DSC_0640-1024x695.jpg","contentUrl":"http:\/\/www.visualbit.co\/sanluis\/wp-content\/uploads\/2020\/04\/DSC_0640-1024x695.jpg"},{"@type":"BreadcrumbList","@id":"https:\/\/www.sanluisrey.edu.co\/new\/el-world-cafe\/#breadcrumb","itemListElement":[{"@type":"ListItem","position":1,"name":"Home","item":"https:\/\/www.sanluisrey.edu.co\/new\/"},{"@type":"ListItem","position":2,"name":"El World Caf\u00e9"}]},{"@type":"WebSite","@id":"https:\/\/www.sanluisrey.edu.co\/new\/#website","url":"https:\/\/www.sanluisrey.edu.co\/new\/","name":"Colegio San Luis Rey","description":"Comunidad Franciscana Provincia de la Santa Fe","potentialAction":[{"@type":"SearchAction","target":{"@type":"EntryPoint","urlTemplate":"https:\/\/www.sanluisrey.edu.co\/new\/?s={search_term_string}"},"query-input":{"@type":"PropertyValueSpecification","valueRequired":true,"valueName":"search_term_string"}}],"inLanguage":"es"},{"@type":"Person","@id":"https:\/\/www.sanluisrey.edu.co\/new\/#\/schema\/person\/95c521ab3dc11c1a9bacf54769a78394","name":"Colegio Franciscano San Luis Rey","image":{"@type":"ImageObject","inLanguage":"es","@id":"https:\/\/secure.gravatar.com\/avatar\/fe07d4fe7d07e705f3dcebbfb00bd721c65e9deca5b80342bbf641330ea86b26?s=96&d=mm&r=g","url":"https:\/\/secure.gravatar.com\/avatar\/fe07d4fe7d07e705f3dcebbfb00bd721c65e9deca5b80342bbf641330ea86b26?s=96&d=mm&r=g","contentUrl":"https:\/\/secure.gravatar.com\/avatar\/fe07d4fe7d07e705f3dcebbfb00bd721c65e9deca5b80342bbf641330ea86b26?s=96&d=mm&r=g","caption":"Colegio Franciscano San Luis Rey"},"sameAs":["https:\/\/www.sanluisrey.edu.co","https:\/\/web.facebook.com\/sanluisreyarmenia\/?_rdc=1&_rdr","https:\/\/www.instagram.com\/colegiofranciscanosanluisrey\/","https:\/\/x.com\/https:\/\/twitter.com\/san_luis_rey","https:\/\/www.youtube.com\/user\/colegiosanluisrey\/"],"url":"https:\/\/www.sanluisrey.edu.co\/new\/author\/adminrey\/"}]}},"jetpack_featured_media_url":"","jetpack_sharing_enabled":true,"_links":{"self":[{"href":"https:\/\/www.sanluisrey.edu.co\/new\/wp-json\/wp\/v2\/posts\/2475","targetHints":{"allow":["GET"]}}],"collection":[{"href":"https:\/\/www.sanluisrey.edu.co\/new\/wp-json\/wp\/v2\/posts"}],"about":[{"href":"https:\/\/www.sanluisrey.edu.co\/new\/wp-json\/wp\/v2\/types\/post"}],"author":[{"embeddable":true,"href":"https:\/\/www.sanluisrey.edu.co\/new\/wp-json\/wp\/v2\/users\/1"}],"replies":[{"embeddable":true,"href":"https:\/\/www.sanluisrey.edu.co\/new\/wp-json\/wp\/v2\/comments?post=2475"}],"version-history":[{"count":4,"href":"https:\/\/www.sanluisrey.edu.co\/new\/wp-json\/wp\/v2\/posts\/2475\/revisions"}],"predecessor-version":[{"id":2482,"href":"https:\/\/www.sanluisrey.edu.co\/new\/wp-json\/wp\/v2\/posts\/2475\/revisions\/2482"}],"wp:attachment":[{"href":"https:\/\/www.sanluisrey.edu.co\/new\/wp-json\/wp\/v2\/media?parent=2475"}],"wp:term":[{"taxonomy":"category","embeddable":true,"href":"https:\/\/www.sanluisrey.edu.co\/new\/wp-json\/wp\/v2\/categories?post=2475"},{"taxonomy":"post_tag","embeddable":true,"href":"https:\/\/www.sanluisrey.edu.co\/new\/wp-json\/wp\/v2\/tags?post=2475"}],"curies":[{"name":"wp","href":"https:\/\/api.w.org\/{rel}","templated":true}]}}