{"id":2615,"date":"2019-09-24T15:24:42","date_gmt":"2019-09-24T20:24:42","guid":{"rendered":"http:\/\/www.visualbit.co\/sanluis\/?p=2615"},"modified":"2020-04-24T15:27:18","modified_gmt":"2020-04-24T20:27:18","slug":"xx-feria-universitaria-san-luis-rey","status":"publish","type":"post","link":"https:\/\/www.sanluisrey.edu.co\/new\/xx-feria-universitaria-san-luis-rey\/","title":{"rendered":"XX Feria Universitaria San Luis Rey"},"content":{"rendered":"\t\t<div data-elementor-type=\"wp-post\" data-elementor-id=\"2615\" class=\"elementor elementor-2615\">\n\t\t\t\t\t\t<section class=\"elementor-section elementor-top-section elementor-element elementor-element-f0414f1 elementor-section-boxed elementor-section-height-default elementor-section-height-default\" data-id=\"f0414f1\" data-element_type=\"section\" data-e-type=\"section\">\n\t\t\t\t\t\t<div class=\"elementor-container elementor-column-gap-default\">\n\t\t\t\t\t<div class=\"elementor-column elementor-col-100 elementor-top-column elementor-element elementor-element-a3c3322\" data-id=\"a3c3322\" data-element_type=\"column\" data-e-type=\"column\">\n\t\t\t<div class=\"elementor-widget-wrap elementor-element-populated\">\n\t\t\t\t\t\t<div class=\"elementor-element elementor-element-f678074 elementor-widget elementor-widget-heading\" data-id=\"f678074\" data-element_type=\"widget\" data-e-type=\"widget\" data-widget_type=\"heading.default\">\n\t\t\t\t<div class=\"elementor-widget-container\">\n\t\t\t\t\t<h2 class=\"elementor-heading-title elementor-size-default\">XX Feria Universitaria San Luis Rey<\/h2>\t\t\t\t<\/div>\n\t\t\t\t<\/div>\n\t\t\t\t\t<\/div>\n\t\t<\/div>\n\t\t\t\t\t<\/div>\n\t\t<\/section>\n\t\t\t\t<section class=\"elementor-section elementor-top-section elementor-element elementor-element-2f1b3ef elementor-section-boxed elementor-section-height-default elementor-section-height-default\" data-id=\"2f1b3ef\" data-element_type=\"section\" data-e-type=\"section\">\n\t\t\t\t\t\t<div class=\"elementor-container elementor-column-gap-default\">\n\t\t\t\t\t<div class=\"elementor-column elementor-col-100 elementor-top-column elementor-element elementor-element-5a3cc10\" data-id=\"5a3cc10\" data-element_type=\"column\" data-e-type=\"column\">\n\t\t\t<div class=\"elementor-widget-wrap elementor-element-populated\">\n\t\t\t\t\t\t<div class=\"elementor-element elementor-element-85906ed elementor-widget elementor-widget-image\" data-id=\"85906ed\" data-element_type=\"widget\" data-e-type=\"widget\" data-widget_type=\"image.default\">\n\t\t\t\t<div class=\"elementor-widget-container\">\n\t\t\t\t\t\t\t\t\t\t\t\t\t\t\t<img fetchpriority=\"high\" decoding=\"async\" width=\"750\" height=\"510\" src=\"https:\/\/www.sanluisrey.edu.co\/new\/wp-content\/uploads\/2020\/04\/DSC_0108-1-1024x696.jpg\" class=\"attachment-large size-large wp-image-2619\" alt=\"\" srcset=\"https:\/\/www.sanluisrey.edu.co\/new\/wp-content\/uploads\/2020\/04\/DSC_0108-1-1024x696.jpg 1024w, https:\/\/www.sanluisrey.edu.co\/new\/wp-content\/uploads\/2020\/04\/DSC_0108-1-600x408.jpg 600w, https:\/\/www.sanluisrey.edu.co\/new\/wp-content\/uploads\/2020\/04\/DSC_0108-1-300x204.jpg 300w, https:\/\/www.sanluisrey.edu.co\/new\/wp-content\/uploads\/2020\/04\/DSC_0108-1-768x522.jpg 768w, https:\/\/www.sanluisrey.edu.co\/new\/wp-content\/uploads\/2020\/04\/DSC_0108-1.jpg 1238w\" sizes=\"(max-width: 750px) 100vw, 750px\" \/>\t\t\t\t\t\t\t\t\t\t\t\t\t\t\t<\/div>\n\t\t\t\t<\/div>\n\t\t\t\t<div class=\"elementor-element elementor-element-b596b58 elementor-widget elementor-widget-text-editor\" data-id=\"b596b58\" data-element_type=\"widget\" data-e-type=\"widget\" data-widget_type=\"text-editor.default\">\n\t\t\t\t<div class=\"elementor-widget-container\">\n\t\t\t\t\t\t\t\t\t<p style=\"margin-bottom: 10px; color: #333333; font-family: natural; font-size: 17px;\">Al son de las notas del nuestro Himno Nacional y con un caluroso saludo de bienvenida, nuestro\u00a0<b>Director de Pastoral, fray GERM\u00c1N ARBEL\u00c1EZ\u00a0OSPINA o.f.m,\u00a0<\/b>dio apertura a la\u00a0<strong>XX FERIA UNIVERSITARIA SAN LUIS REY\u00a0\u00a0\u00a0\u00a0\u00a0\u00a0\u00a0\u00a0\u00a0\u00a0\u00a0<\/strong>en las instalaciones de nuestro colegio; as\u00ed mismo, imparti\u00f3 la \u201c<strong>BENDICI\u00d3N DE LAS METAS<\/strong>,\u00a0<strong>SUE\u00d1OS Y PROYECTOS\u201d<\/strong>\u00a0de los estudiantes de \u00faltimo grado del Departamento Del Quind\u00edo.<\/p><p style=\"margin-bottom: 10px; color: #333333; font-family: natural; font-size: 17px;\"><strong>LA FERIA UNIVERSITARIA SAN LUIS REY,<\/strong>\u00a0es un evento acad\u00e9mico que a\u00f1o tras a\u00f1o, congrega a la juventud quindiana de \u00faltimo grado, con el fin de brindarles un espacio para elegir la Universidad o Instituci\u00f3n donde realizar\u00e1n sus estudios superiores y as\u00ed puedan dar continuidad a las metas que tienen en su Proyecto de vida personal y profesional. En este espacio encuentran una amplia oferta de programas acad\u00e9micos, que\u00a0 les permite elegir d\u00f3nde formarse profesionalmente, con una Educaci\u00f3n de calidad que los\u00a0 haga competentes en el campo laboral y les permita ser personas id\u00f3neas que generen progreso en la sociedad donde vivimos y\u00a0 as\u00ed puedan\u00a0 alcanzar su realizaci\u00f3n personal, como parte de una generaci\u00f3n en cambio permanente.\u00a0 De esta forma esta es una excelente oportunidad que favorece a la\u00a0<strong>PROMOCI\u00d3N QUINDIANA 2019,<\/strong>\u00a0\u00a0\u00a0\u00a0\u00a0 en la\u00a0<strong>\u201cTOMA DE DECISIONES\u201d,<\/strong>\u00a0 frente a su futuro profesional.<\/p><p style=\"margin-bottom: 10px; color: #333333; font-family: natural; font-size: 17px;\">En esta Feria se hicieron presentes, como es tradicional en estos 20 a\u00f1os que llevamos realiz\u00e1ndola, m\u00e1s de 70 Universidades e instituciones acad\u00e9micas de todo el pa\u00eds y del exterior, constituy\u00e9ndose en la mayor\u00a0<strong>FERIA UNIVERSITARIA DE LA REGI\u00d3N.<\/strong><\/p><p style=\"margin-bottom: 10px; color: #333333; font-family: natural; font-size: 17px;\"><a href=\"https:\/\/www.sanluisrey.edu.co\/colecciones\/?item=15&amp;post=24\" target=\"_blank\" rel=\"noopener\" style=\"background-image: initial; background-position: initial; background-size: initial; background-repeat: initial; background-attachment: initial; background-origin: initial; background-clip: initial; color: #428bca;\">Ver galer\u00eda de fotos.<\/a><\/p>\t\t\t\t\t\t\t\t<\/div>\n\t\t\t\t<\/div>\n\t\t\t\t\t<\/div>\n\t\t<\/div>\n\t\t\t\t\t<\/div>\n\t\t<\/section>\n\t\t\t\t<\/div>\n\t\t","protected":false},"excerpt":{"rendered":"<p>XX Feria Universitaria San Luis Rey Al son de las notas del nuestro Himno Nacional y con un caluroso saludo de bienvenida, nuestro\u00a0Director de Pastoral, fray GERM\u00c1N ARBEL\u00c1EZ\u00a0OSPINA o.f.m,\u00a0dio apertura a la\u00a0XX FERIA UNIVERSITARIA SAN LUIS REY\u00a0\u00a0\u00a0\u00a0\u00a0\u00a0\u00a0\u00a0\u00a0\u00a0\u00a0en las instalaciones de nuestro colegio; as\u00ed mismo, imparti\u00f3 la \u201cBENDICI\u00d3N DE LAS METAS,\u00a0SUE\u00d1OS [&hellip;]<\/p>\n","protected":false},"author":1,"featured_media":0,"comment_status":"open","ping_status":"open","sticky":false,"template":"","format":"standard","meta":{"_monsterinsights_skip_tracking":false,"_monsterinsights_sitenote_active":false,"_monsterinsights_sitenote_note":"","_monsterinsights_sitenote_category":0,"two_page_speed":[],"_jetpack_memberships_contains_paid_content":false,"footnotes":""},"categories":[7],"tags":[],"class_list":["post-2615","post","type-post","status-publish","format-standard","hentry","category-noticias"],"yoast_head":"<!-- This site is optimized with the Yoast SEO plugin v27.5 - https:\/\/yoast.com\/product\/yoast-seo-wordpress\/ -->\n<title>XX Feria Universitaria San Luis Rey - Colegio San Luis Rey<\/title>\n<meta name=\"robots\" content=\"index, follow, max-snippet:-1, max-image-preview:large, max-video-preview:-1\" \/>\n<link rel=\"canonical\" href=\"https:\/\/www.sanluisrey.edu.co\/new\/xx-feria-universitaria-san-luis-rey\/\" \/>\n<meta property=\"og:locale\" content=\"es_ES\" \/>\n<meta property=\"og:type\" content=\"article\" \/>\n<meta property=\"og:title\" content=\"XX Feria Universitaria San Luis Rey - Colegio San Luis Rey\" \/>\n<meta property=\"og:description\" content=\"XX Feria Universitaria San Luis Rey Al son de las notas del nuestro Himno Nacional y con un caluroso saludo de bienvenida, nuestro\u00a0Director de Pastoral, fray GERM\u00c1N ARBEL\u00c1EZ\u00a0OSPINA o.f.m,\u00a0dio apertura a la\u00a0XX FERIA UNIVERSITARIA SAN LUIS REY\u00a0\u00a0\u00a0\u00a0\u00a0\u00a0\u00a0\u00a0\u00a0\u00a0\u00a0en las instalaciones de nuestro colegio; as\u00ed mismo, imparti\u00f3 la \u201cBENDICI\u00d3N DE LAS METAS,\u00a0SUE\u00d1OS [&hellip;]\" \/>\n<meta property=\"og:url\" content=\"https:\/\/www.sanluisrey.edu.co\/new\/xx-feria-universitaria-san-luis-rey\/\" \/>\n<meta property=\"og:site_name\" content=\"Colegio San Luis Rey\" \/>\n<meta property=\"article:author\" content=\"https:\/\/web.facebook.com\/sanluisreyarmenia\/?_rdc=1&amp;_rdr\" \/>\n<meta property=\"article:published_time\" content=\"2019-09-24T20:24:42+00:00\" \/>\n<meta property=\"article:modified_time\" content=\"2020-04-24T20:27:18+00:00\" \/>\n<meta property=\"og:image\" content=\"http:\/\/www.visualbit.co\/sanluis\/wp-content\/uploads\/2020\/04\/DSC_0108-1-1024x696.jpg\" \/>\n<meta name=\"author\" content=\"Colegio Franciscano San Luis Rey\" \/>\n<meta name=\"twitter:card\" content=\"summary_large_image\" \/>\n<meta name=\"twitter:creator\" content=\"@https:\/\/twitter.com\/san_luis_rey\" \/>\n<meta name=\"twitter:label1\" content=\"Escrito por\" \/>\n\t<meta name=\"twitter:data1\" content=\"Colegio Franciscano San Luis Rey\" \/>\n\t<meta name=\"twitter:label2\" content=\"Tiempo de lectura\" \/>\n\t<meta name=\"twitter:data2\" content=\"1 minuto\" \/>\n<script type=\"application\/ld+json\" class=\"yoast-schema-graph\">{\"@context\":\"https:\\\/\\\/schema.org\",\"@graph\":[{\"@type\":\"Article\",\"@id\":\"https:\\\/\\\/www.sanluisrey.edu.co\\\/new\\\/xx-feria-universitaria-san-luis-rey\\\/#article\",\"isPartOf\":{\"@id\":\"https:\\\/\\\/www.sanluisrey.edu.co\\\/new\\\/xx-feria-universitaria-san-luis-rey\\\/\"},\"author\":{\"name\":\"Colegio Franciscano San Luis Rey\",\"@id\":\"https:\\\/\\\/www.sanluisrey.edu.co\\\/new\\\/#\\\/schema\\\/person\\\/95c521ab3dc11c1a9bacf54769a78394\"},\"headline\":\"XX Feria Universitaria San Luis Rey\",\"datePublished\":\"2019-09-24T20:24:42+00:00\",\"dateModified\":\"2020-04-24T20:27:18+00:00\",\"mainEntityOfPage\":{\"@id\":\"https:\\\/\\\/www.sanluisrey.edu.co\\\/new\\\/xx-feria-universitaria-san-luis-rey\\\/\"},\"wordCount\":283,\"commentCount\":0,\"image\":{\"@id\":\"https:\\\/\\\/www.sanluisrey.edu.co\\\/new\\\/xx-feria-universitaria-san-luis-rey\\\/#primaryimage\"},\"thumbnailUrl\":\"http:\\\/\\\/www.visualbit.co\\\/sanluis\\\/wp-content\\\/uploads\\\/2020\\\/04\\\/DSC_0108-1-1024x696.jpg\",\"articleSection\":[\"Noticias\"],\"inLanguage\":\"es\",\"potentialAction\":[{\"@type\":\"CommentAction\",\"name\":\"Comment\",\"target\":[\"https:\\\/\\\/www.sanluisrey.edu.co\\\/new\\\/xx-feria-universitaria-san-luis-rey\\\/#respond\"]}]},{\"@type\":\"WebPage\",\"@id\":\"https:\\\/\\\/www.sanluisrey.edu.co\\\/new\\\/xx-feria-universitaria-san-luis-rey\\\/\",\"url\":\"https:\\\/\\\/www.sanluisrey.edu.co\\\/new\\\/xx-feria-universitaria-san-luis-rey\\\/\",\"name\":\"XX Feria Universitaria San Luis Rey - Colegio San Luis Rey\",\"isPartOf\":{\"@id\":\"https:\\\/\\\/www.sanluisrey.edu.co\\\/new\\\/#website\"},\"primaryImageOfPage\":{\"@id\":\"https:\\\/\\\/www.sanluisrey.edu.co\\\/new\\\/xx-feria-universitaria-san-luis-rey\\\/#primaryimage\"},\"image\":{\"@id\":\"https:\\\/\\\/www.sanluisrey.edu.co\\\/new\\\/xx-feria-universitaria-san-luis-rey\\\/#primaryimage\"},\"thumbnailUrl\":\"http:\\\/\\\/www.visualbit.co\\\/sanluis\\\/wp-content\\\/uploads\\\/2020\\\/04\\\/DSC_0108-1-1024x696.jpg\",\"datePublished\":\"2019-09-24T20:24:42+00:00\",\"dateModified\":\"2020-04-24T20:27:18+00:00\",\"author\":{\"@id\":\"https:\\\/\\\/www.sanluisrey.edu.co\\\/new\\\/#\\\/schema\\\/person\\\/95c521ab3dc11c1a9bacf54769a78394\"},\"breadcrumb\":{\"@id\":\"https:\\\/\\\/www.sanluisrey.edu.co\\\/new\\\/xx-feria-universitaria-san-luis-rey\\\/#breadcrumb\"},\"inLanguage\":\"es\",\"potentialAction\":[{\"@type\":\"ReadAction\",\"target\":[\"https:\\\/\\\/www.sanluisrey.edu.co\\\/new\\\/xx-feria-universitaria-san-luis-rey\\\/\"]}]},{\"@type\":\"ImageObject\",\"inLanguage\":\"es\",\"@id\":\"https:\\\/\\\/www.sanluisrey.edu.co\\\/new\\\/xx-feria-universitaria-san-luis-rey\\\/#primaryimage\",\"url\":\"http:\\\/\\\/www.visualbit.co\\\/sanluis\\\/wp-content\\\/uploads\\\/2020\\\/04\\\/DSC_0108-1-1024x696.jpg\",\"contentUrl\":\"http:\\\/\\\/www.visualbit.co\\\/sanluis\\\/wp-content\\\/uploads\\\/2020\\\/04\\\/DSC_0108-1-1024x696.jpg\"},{\"@type\":\"BreadcrumbList\",\"@id\":\"https:\\\/\\\/www.sanluisrey.edu.co\\\/new\\\/xx-feria-universitaria-san-luis-rey\\\/#breadcrumb\",\"itemListElement\":[{\"@type\":\"ListItem\",\"position\":1,\"name\":\"Home\",\"item\":\"https:\\\/\\\/www.sanluisrey.edu.co\\\/new\\\/\"},{\"@type\":\"ListItem\",\"position\":2,\"name\":\"XX Feria Universitaria San Luis Rey\"}]},{\"@type\":\"WebSite\",\"@id\":\"https:\\\/\\\/www.sanluisrey.edu.co\\\/new\\\/#website\",\"url\":\"https:\\\/\\\/www.sanluisrey.edu.co\\\/new\\\/\",\"name\":\"Colegio San Luis Rey\",\"description\":\"Comunidad Franciscana Provincia de la Santa Fe\",\"potentialAction\":[{\"@type\":\"SearchAction\",\"target\":{\"@type\":\"EntryPoint\",\"urlTemplate\":\"https:\\\/\\\/www.sanluisrey.edu.co\\\/new\\\/?s={search_term_string}\"},\"query-input\":{\"@type\":\"PropertyValueSpecification\",\"valueRequired\":true,\"valueName\":\"search_term_string\"}}],\"inLanguage\":\"es\"},{\"@type\":\"Person\",\"@id\":\"https:\\\/\\\/www.sanluisrey.edu.co\\\/new\\\/#\\\/schema\\\/person\\\/95c521ab3dc11c1a9bacf54769a78394\",\"name\":\"Colegio Franciscano San Luis Rey\",\"image\":{\"@type\":\"ImageObject\",\"inLanguage\":\"es\",\"@id\":\"https:\\\/\\\/secure.gravatar.com\\\/avatar\\\/fe07d4fe7d07e705f3dcebbfb00bd721c65e9deca5b80342bbf641330ea86b26?s=96&d=mm&r=g\",\"url\":\"https:\\\/\\\/secure.gravatar.com\\\/avatar\\\/fe07d4fe7d07e705f3dcebbfb00bd721c65e9deca5b80342bbf641330ea86b26?s=96&d=mm&r=g\",\"contentUrl\":\"https:\\\/\\\/secure.gravatar.com\\\/avatar\\\/fe07d4fe7d07e705f3dcebbfb00bd721c65e9deca5b80342bbf641330ea86b26?s=96&d=mm&r=g\",\"caption\":\"Colegio Franciscano San Luis Rey\"},\"sameAs\":[\"https:\\\/\\\/www.sanluisrey.edu.co\",\"https:\\\/\\\/web.facebook.com\\\/sanluisreyarmenia\\\/?_rdc=1&_rdr\",\"https:\\\/\\\/www.instagram.com\\\/colegiofranciscanosanluisrey\\\/\",\"https:\\\/\\\/x.com\\\/https:\\\/\\\/twitter.com\\\/san_luis_rey\",\"https:\\\/\\\/www.youtube.com\\\/user\\\/colegiosanluisrey\\\/\"],\"url\":\"https:\\\/\\\/www.sanluisrey.edu.co\\\/new\\\/author\\\/adminrey\\\/\"}]}<\/script>\n<!-- \/ Yoast SEO plugin. -->","yoast_head_json":{"title":"XX Feria Universitaria San Luis Rey - Colegio San Luis Rey","robots":{"index":"index","follow":"follow","max-snippet":"max-snippet:-1","max-image-preview":"max-image-preview:large","max-video-preview":"max-video-preview:-1"},"canonical":"https:\/\/www.sanluisrey.edu.co\/new\/xx-feria-universitaria-san-luis-rey\/","og_locale":"es_ES","og_type":"article","og_title":"XX Feria Universitaria San Luis Rey - Colegio San Luis Rey","og_description":"XX Feria Universitaria San Luis Rey Al son de las notas del nuestro Himno Nacional y con un caluroso saludo de bienvenida, nuestro\u00a0Director de Pastoral, fray GERM\u00c1N ARBEL\u00c1EZ\u00a0OSPINA o.f.m,\u00a0dio apertura a la\u00a0XX FERIA UNIVERSITARIA SAN LUIS REY\u00a0\u00a0\u00a0\u00a0\u00a0\u00a0\u00a0\u00a0\u00a0\u00a0\u00a0en las instalaciones de nuestro colegio; as\u00ed mismo, imparti\u00f3 la \u201cBENDICI\u00d3N DE LAS METAS,\u00a0SUE\u00d1OS [&hellip;]","og_url":"https:\/\/www.sanluisrey.edu.co\/new\/xx-feria-universitaria-san-luis-rey\/","og_site_name":"Colegio San Luis Rey","article_author":"https:\/\/web.facebook.com\/sanluisreyarmenia\/?_rdc=1&_rdr","article_published_time":"2019-09-24T20:24:42+00:00","article_modified_time":"2020-04-24T20:27:18+00:00","og_image":[{"url":"http:\/\/www.visualbit.co\/sanluis\/wp-content\/uploads\/2020\/04\/DSC_0108-1-1024x696.jpg","type":"","width":"","height":""}],"author":"Colegio Franciscano San Luis Rey","twitter_card":"summary_large_image","twitter_creator":"@https:\/\/twitter.com\/san_luis_rey","twitter_misc":{"Escrito por":"Colegio Franciscano San Luis Rey","Tiempo de lectura":"1 minuto"},"schema":{"@context":"https:\/\/schema.org","@graph":[{"@type":"Article","@id":"https:\/\/www.sanluisrey.edu.co\/new\/xx-feria-universitaria-san-luis-rey\/#article","isPartOf":{"@id":"https:\/\/www.sanluisrey.edu.co\/new\/xx-feria-universitaria-san-luis-rey\/"},"author":{"name":"Colegio Franciscano San Luis Rey","@id":"https:\/\/www.sanluisrey.edu.co\/new\/#\/schema\/person\/95c521ab3dc11c1a9bacf54769a78394"},"headline":"XX Feria Universitaria San Luis Rey","datePublished":"2019-09-24T20:24:42+00:00","dateModified":"2020-04-24T20:27:18+00:00","mainEntityOfPage":{"@id":"https:\/\/www.sanluisrey.edu.co\/new\/xx-feria-universitaria-san-luis-rey\/"},"wordCount":283,"commentCount":0,"image":{"@id":"https:\/\/www.sanluisrey.edu.co\/new\/xx-feria-universitaria-san-luis-rey\/#primaryimage"},"thumbnailUrl":"http:\/\/www.visualbit.co\/sanluis\/wp-content\/uploads\/2020\/04\/DSC_0108-1-1024x696.jpg","articleSection":["Noticias"],"inLanguage":"es","potentialAction":[{"@type":"CommentAction","name":"Comment","target":["https:\/\/www.sanluisrey.edu.co\/new\/xx-feria-universitaria-san-luis-rey\/#respond"]}]},{"@type":"WebPage","@id":"https:\/\/www.sanluisrey.edu.co\/new\/xx-feria-universitaria-san-luis-rey\/","url":"https:\/\/www.sanluisrey.edu.co\/new\/xx-feria-universitaria-san-luis-rey\/","name":"XX Feria Universitaria San Luis Rey - Colegio San Luis Rey","isPartOf":{"@id":"https:\/\/www.sanluisrey.edu.co\/new\/#website"},"primaryImageOfPage":{"@id":"https:\/\/www.sanluisrey.edu.co\/new\/xx-feria-universitaria-san-luis-rey\/#primaryimage"},"image":{"@id":"https:\/\/www.sanluisrey.edu.co\/new\/xx-feria-universitaria-san-luis-rey\/#primaryimage"},"thumbnailUrl":"http:\/\/www.visualbit.co\/sanluis\/wp-content\/uploads\/2020\/04\/DSC_0108-1-1024x696.jpg","datePublished":"2019-09-24T20:24:42+00:00","dateModified":"2020-04-24T20:27:18+00:00","author":{"@id":"https:\/\/www.sanluisrey.edu.co\/new\/#\/schema\/person\/95c521ab3dc11c1a9bacf54769a78394"},"breadcrumb":{"@id":"https:\/\/www.sanluisrey.edu.co\/new\/xx-feria-universitaria-san-luis-rey\/#breadcrumb"},"inLanguage":"es","potentialAction":[{"@type":"ReadAction","target":["https:\/\/www.sanluisrey.edu.co\/new\/xx-feria-universitaria-san-luis-rey\/"]}]},{"@type":"ImageObject","inLanguage":"es","@id":"https:\/\/www.sanluisrey.edu.co\/new\/xx-feria-universitaria-san-luis-rey\/#primaryimage","url":"http:\/\/www.visualbit.co\/sanluis\/wp-content\/uploads\/2020\/04\/DSC_0108-1-1024x696.jpg","contentUrl":"http:\/\/www.visualbit.co\/sanluis\/wp-content\/uploads\/2020\/04\/DSC_0108-1-1024x696.jpg"},{"@type":"BreadcrumbList","@id":"https:\/\/www.sanluisrey.edu.co\/new\/xx-feria-universitaria-san-luis-rey\/#breadcrumb","itemListElement":[{"@type":"ListItem","position":1,"name":"Home","item":"https:\/\/www.sanluisrey.edu.co\/new\/"},{"@type":"ListItem","position":2,"name":"XX Feria Universitaria San Luis Rey"}]},{"@type":"WebSite","@id":"https:\/\/www.sanluisrey.edu.co\/new\/#website","url":"https:\/\/www.sanluisrey.edu.co\/new\/","name":"Colegio San Luis Rey","description":"Comunidad Franciscana Provincia de la Santa Fe","potentialAction":[{"@type":"SearchAction","target":{"@type":"EntryPoint","urlTemplate":"https:\/\/www.sanluisrey.edu.co\/new\/?s={search_term_string}"},"query-input":{"@type":"PropertyValueSpecification","valueRequired":true,"valueName":"search_term_string"}}],"inLanguage":"es"},{"@type":"Person","@id":"https:\/\/www.sanluisrey.edu.co\/new\/#\/schema\/person\/95c521ab3dc11c1a9bacf54769a78394","name":"Colegio Franciscano San Luis Rey","image":{"@type":"ImageObject","inLanguage":"es","@id":"https:\/\/secure.gravatar.com\/avatar\/fe07d4fe7d07e705f3dcebbfb00bd721c65e9deca5b80342bbf641330ea86b26?s=96&d=mm&r=g","url":"https:\/\/secure.gravatar.com\/avatar\/fe07d4fe7d07e705f3dcebbfb00bd721c65e9deca5b80342bbf641330ea86b26?s=96&d=mm&r=g","contentUrl":"https:\/\/secure.gravatar.com\/avatar\/fe07d4fe7d07e705f3dcebbfb00bd721c65e9deca5b80342bbf641330ea86b26?s=96&d=mm&r=g","caption":"Colegio Franciscano San Luis Rey"},"sameAs":["https:\/\/www.sanluisrey.edu.co","https:\/\/web.facebook.com\/sanluisreyarmenia\/?_rdc=1&_rdr","https:\/\/www.instagram.com\/colegiofranciscanosanluisrey\/","https:\/\/x.com\/https:\/\/twitter.com\/san_luis_rey","https:\/\/www.youtube.com\/user\/colegiosanluisrey\/"],"url":"https:\/\/www.sanluisrey.edu.co\/new\/author\/adminrey\/"}]}},"jetpack_featured_media_url":"","jetpack_sharing_enabled":true,"_links":{"self":[{"href":"https:\/\/www.sanluisrey.edu.co\/new\/wp-json\/wp\/v2\/posts\/2615","targetHints":{"allow":["GET"]}}],"collection":[{"href":"https:\/\/www.sanluisrey.edu.co\/new\/wp-json\/wp\/v2\/posts"}],"about":[{"href":"https:\/\/www.sanluisrey.edu.co\/new\/wp-json\/wp\/v2\/types\/post"}],"author":[{"embeddable":true,"href":"https:\/\/www.sanluisrey.edu.co\/new\/wp-json\/wp\/v2\/users\/1"}],"replies":[{"embeddable":true,"href":"https:\/\/www.sanluisrey.edu.co\/new\/wp-json\/wp\/v2\/comments?post=2615"}],"version-history":[{"count":4,"href":"https:\/\/www.sanluisrey.edu.co\/new\/wp-json\/wp\/v2\/posts\/2615\/revisions"}],"predecessor-version":[{"id":2622,"href":"https:\/\/www.sanluisrey.edu.co\/new\/wp-json\/wp\/v2\/posts\/2615\/revisions\/2622"}],"wp:attachment":[{"href":"https:\/\/www.sanluisrey.edu.co\/new\/wp-json\/wp\/v2\/media?parent=2615"}],"wp:term":[{"taxonomy":"category","embeddable":true,"href":"https:\/\/www.sanluisrey.edu.co\/new\/wp-json\/wp\/v2\/categories?post=2615"},{"taxonomy":"post_tag","embeddable":true,"href":"https:\/\/www.sanluisrey.edu.co\/new\/wp-json\/wp\/v2\/tags?post=2615"}],"curies":[{"name":"wp","href":"https:\/\/api.w.org\/{rel}","templated":true}]}}