{"id":500,"date":"2020-03-29T23:40:44","date_gmt":"2020-03-30T04:40:44","guid":{"rendered":"http:\/\/www.visualbit.co\/sanluis\/?p=500"},"modified":"2020-03-29T23:43:12","modified_gmt":"2020-03-30T04:43:12","slug":"programacion-plan-de-contingencia-covid-19","status":"publish","type":"post","link":"https:\/\/www.sanluisrey.edu.co\/new\/programacion-plan-de-contingencia-covid-19\/","title":{"rendered":"Programaci\u00f3n plan de Contingencia COVID-19"},"content":{"rendered":"\n<p>PROGRAMACI\u00d3N PLAN DE CONTINGENCIA ACTIVIDADES ACAD\u00c9MICAS POR MEDIO DE LA PLATAFORMA VIRTUAL DEL COLEGIO FRANCISCANO SAN LUIS REY.<\/p>\n\n\n\n<figure class=\"wp-block-image size-large\"><img fetchpriority=\"high\" decoding=\"async\" width=\"898\" height=\"636\" src=\"http:\/\/www.visualbit.co\/sanluis\/wp-content\/uploads\/2019\/12\/ComunicadoCONACED002.jpg\" alt=\"\" class=\"wp-image-492\" srcset=\"https:\/\/www.sanluisrey.edu.co\/new\/wp-content\/uploads\/2019\/12\/ComunicadoCONACED002.jpg 898w, https:\/\/www.sanluisrey.edu.co\/new\/wp-content\/uploads\/2019\/12\/ComunicadoCONACED002-230x164.jpg 230w, https:\/\/www.sanluisrey.edu.co\/new\/wp-content\/uploads\/2019\/12\/ComunicadoCONACED002-600x425.jpg 600w, https:\/\/www.sanluisrey.edu.co\/new\/wp-content\/uploads\/2019\/12\/ComunicadoCONACED002-300x212.jpg 300w, https:\/\/www.sanluisrey.edu.co\/new\/wp-content\/uploads\/2019\/12\/ComunicadoCONACED002-768x544.jpg 768w\" sizes=\"(max-width: 898px) 100vw, 898px\" \/><\/figure>\n\n\n\n<p>Cordial saludo de Paz y Bien<\/p>\n\n\n\n<p>Una vez hemos le\u00eddo la CIRCULAR EXTERNA, emitida por CONACED NACIONAL y producto de la DECLARATORIA DE EMERGENCIA del Ministerio de salud, (Resoluci\u00f3n 385 de 2020), la alocuci\u00f3n presidencial del 15 de marzo de 2020 con circular de la misma fecha y las disposiciones se\u00f1aladas por el MEN y la MESA NACIONAL DE EDUCACI\u00d3N PRIVADA, tenemos claro que:<\/p>\n\n\n\n<ol class=\"wp-block-list\"><li>Debemos ajustar el calendario escolar y utilizar las TIC, as\u00ed como las gu\u00edas y metodolog\u00edas desarrolladas por cada colegio, para NO REALIZAR CLASES PRESENCIALES. Del 16 al 27 de marzo, los docentes y directivos docentes adelantar\u00e1n actividades de desarrollo institucional, es decir, ser\u00e1 un tiempo dedicado a la preparaci\u00f3n de actividades mediadas por las TIC o plataformas virtuales, herramientas y gu\u00edas con el fin de APOYAR LOS PROCESOS DE AUTOFORMACI\u00d3N de los estudiantes y para que los padres de familia puedan disponer de herramientas para favorecer el AUTOAPRENDIZAJE de  los  estudiantes en casa.<\/li><li>Es prudente culminar este primer per\u00edodo acad\u00e9mico; nos recomiendan ser FLEXIBLES. Dentro de la autonom\u00eda escolar conferida por la ley general de educaci\u00f3n, le es PERMITIDO A LOS COLEGIOS LA FLEXIBILIDAD EN SUS PROCESOS y acogiendo la contingencia actual, PROGRAMAR ACCIONES ESTRAT\u00c9GICAS para dar cumplimiento al programa acad\u00e9mico.<\/li><li>Queda claro que estas dos semanas, del 16 al 27 de marzo, los estudiantes NO EST\u00c1N DE VACACIONES, sino que las clases contin\u00faan de manera NO PRESENCIAL, con la tutor\u00eda de los docentes y directivos docentes, previos horarios y haciendo uso de los cursos de nuestra plataforma virtual http:\/\/virtual.sanluisrey.edu.co\/ que anexamos a este comunicado. (contenidos, m\u00e9todo, programaci\u00f3n)<\/li><li>Las vacaciones escolares de mitad de a\u00f1o, (20 d\u00edas), que en nuestro cronograma estaban del 12 DE JUNIO AL 05 DE JULIO, han sido trasladadas para el LUNES 30 DE MARZO AL DOMINGO 19 DE ABRIL. EL LUNES 20 DE ABRIL, ingresar\u00e1n estudiantes y<br>\ndocentes de sus vacaciones intermedias. Despu\u00e9s de esta fecha se definir\u00e1n nuevos lineamientos teniendo en cuenta las condiciones en las que se encuentra el pa\u00eds respecto al COVID-19.<\/li><\/ol>\n\n\n\n<p>Para los grados Pre Jard\u00edn y Jard\u00edn se enviar\u00e1 el trabajo por medio de los correos de los padres de familia que reposa en la base de datos de la instituci\u00f3n.<\/p>\n\n\n\n<p>De igual forma, solicitamos que el d\u00eda de ma\u00f1ana MARTES 17 DE MARZO, en el horario de 9:00 a.m. a 12:00 m, los padres de familia se acerquen al colegio con el prop\u00f3sito de recoger material.<\/p>\n\n\n\n<p>Recuerde entonces que, para acceder a nuestra estrategia virtual, deber\u00e1:<\/p>\n\n\n\n<ol class=\"wp-block-list\"><li>Verificar los nuevos horarios de clases virtuales dispuestos por el colegio.<\/li><li>Conectarse a la plataforma http:\/\/virtual.sanluisrey.edu.co\/<\/li><li>Entrar a los cursos virtuales seg\u00fan horario establecido, verificar, y comenzar a realizar las actividades propuestas por los docentes.<\/li><li>Para las clases por videoconferencia, los estudiantes ser\u00e1n notificados el d\u00eda anterior con el c\u00f3digo de la clase y las instrucciones respectivas en el curso del docente.<\/li><li>Para aclarar cualquier duda, podr\u00e1n comunicarse con los docentes por medio de la mensajer\u00eda en plataforma.<\/li><\/ol>\n","protected":false},"excerpt":{"rendered":"<p>Una vez hemos le\u00eddo la CIRCULAR EXTERNA, emitida por CONACED NACIONAL y producto de la DECLARATORIA DE EMERGENCIA del Ministerio de salud, (Resoluci\u00f3n 385 de 2020), la alocuci\u00f3n presidencial del 15 de marzo de 2020 con circular de la misma fecha y las disposiciones se\u00f1aladas por el MEN y la MESA NACIONAL DE EDUCACI\u00d3N PRIVADA, tenemos claro que:<\/p>\n","protected":false},"author":1,"featured_media":492,"comment_status":"open","ping_status":"open","sticky":false,"template":"","format":"standard","meta":{"_monsterinsights_skip_tracking":false,"_monsterinsights_sitenote_active":false,"_monsterinsights_sitenote_note":"","_monsterinsights_sitenote_category":0,"two_page_speed":[],"_jetpack_memberships_contains_paid_content":false,"footnotes":""},"categories":[6],"tags":[],"class_list":["post-500","post","type-post","status-publish","format-standard","has-post-thumbnail","hentry","category-informacion"],"yoast_head":"<!-- This site is optimized with the Yoast SEO plugin v27.5 - https:\/\/yoast.com\/product\/yoast-seo-wordpress\/ -->\n<title>Programaci\u00f3n plan de Contingencia COVID-19 - Colegio San Luis Rey<\/title>\n<meta name=\"robots\" content=\"index, follow, max-snippet:-1, max-image-preview:large, max-video-preview:-1\" \/>\n<link rel=\"canonical\" href=\"https:\/\/www.sanluisrey.edu.co\/new\/programacion-plan-de-contingencia-covid-19\/\" \/>\n<meta property=\"og:locale\" content=\"es_ES\" \/>\n<meta property=\"og:type\" content=\"article\" \/>\n<meta property=\"og:title\" content=\"Programaci\u00f3n plan de Contingencia COVID-19 - Colegio San Luis Rey\" \/>\n<meta property=\"og:description\" content=\"Una vez hemos le\u00eddo la CIRCULAR EXTERNA, emitida por CONACED NACIONAL y producto de la DECLARATORIA DE EMERGENCIA del Ministerio de salud, (Resoluci\u00f3n 385 de 2020), la alocuci\u00f3n presidencial del 15 de marzo de 2020 con circular de la misma fecha y las disposiciones se\u00f1aladas por el MEN y la MESA NACIONAL DE EDUCACI\u00d3N PRIVADA, tenemos claro que:\" \/>\n<meta property=\"og:url\" content=\"https:\/\/www.sanluisrey.edu.co\/new\/programacion-plan-de-contingencia-covid-19\/\" \/>\n<meta property=\"og:site_name\" content=\"Colegio San Luis Rey\" \/>\n<meta property=\"article:author\" content=\"https:\/\/web.facebook.com\/sanluisreyarmenia\/?_rdc=1&amp;_rdr\" \/>\n<meta property=\"article:published_time\" content=\"2020-03-30T04:40:44+00:00\" \/>\n<meta property=\"article:modified_time\" content=\"2020-03-30T04:43:12+00:00\" \/>\n<meta property=\"og:image\" content=\"https:\/\/www.sanluisrey.edu.co\/new\/wp-content\/uploads\/2019\/12\/ComunicadoCONACED002.jpg\" \/>\n\t<meta property=\"og:image:width\" content=\"898\" \/>\n\t<meta property=\"og:image:height\" content=\"636\" \/>\n\t<meta property=\"og:image:type\" content=\"image\/jpeg\" \/>\n<meta name=\"author\" content=\"Colegio Franciscano San Luis Rey\" \/>\n<meta name=\"twitter:card\" content=\"summary_large_image\" \/>\n<meta name=\"twitter:creator\" content=\"@https:\/\/twitter.com\/san_luis_rey\" \/>\n<meta name=\"twitter:label1\" content=\"Escrito por\" \/>\n\t<meta name=\"twitter:data1\" content=\"Colegio Franciscano San Luis Rey\" \/>\n\t<meta name=\"twitter:label2\" content=\"Tiempo de lectura\" \/>\n\t<meta name=\"twitter:data2\" content=\"3 minutos\" \/>\n<script type=\"application\/ld+json\" class=\"yoast-schema-graph\">{\"@context\":\"https:\\\/\\\/schema.org\",\"@graph\":[{\"@type\":\"Article\",\"@id\":\"https:\\\/\\\/www.sanluisrey.edu.co\\\/new\\\/programacion-plan-de-contingencia-covid-19\\\/#article\",\"isPartOf\":{\"@id\":\"https:\\\/\\\/www.sanluisrey.edu.co\\\/new\\\/programacion-plan-de-contingencia-covid-19\\\/\"},\"author\":{\"name\":\"Colegio Franciscano San Luis Rey\",\"@id\":\"https:\\\/\\\/www.sanluisrey.edu.co\\\/new\\\/#\\\/schema\\\/person\\\/95c521ab3dc11c1a9bacf54769a78394\"},\"headline\":\"Programaci\u00f3n plan de Contingencia COVID-19\",\"datePublished\":\"2020-03-30T04:40:44+00:00\",\"dateModified\":\"2020-03-30T04:43:12+00:00\",\"mainEntityOfPage\":{\"@id\":\"https:\\\/\\\/www.sanluisrey.edu.co\\\/new\\\/programacion-plan-de-contingencia-covid-19\\\/\"},\"wordCount\":547,\"commentCount\":0,\"image\":{\"@id\":\"https:\\\/\\\/www.sanluisrey.edu.co\\\/new\\\/programacion-plan-de-contingencia-covid-19\\\/#primaryimage\"},\"thumbnailUrl\":\"https:\\\/\\\/www.sanluisrey.edu.co\\\/new\\\/wp-content\\\/uploads\\\/2019\\\/12\\\/ComunicadoCONACED002.jpg\",\"articleSection\":[\"Informaci\u00f3n de inter\u00e9s\"],\"inLanguage\":\"es\",\"potentialAction\":[{\"@type\":\"CommentAction\",\"name\":\"Comment\",\"target\":[\"https:\\\/\\\/www.sanluisrey.edu.co\\\/new\\\/programacion-plan-de-contingencia-covid-19\\\/#respond\"]}]},{\"@type\":\"WebPage\",\"@id\":\"https:\\\/\\\/www.sanluisrey.edu.co\\\/new\\\/programacion-plan-de-contingencia-covid-19\\\/\",\"url\":\"https:\\\/\\\/www.sanluisrey.edu.co\\\/new\\\/programacion-plan-de-contingencia-covid-19\\\/\",\"name\":\"Programaci\u00f3n plan de Contingencia COVID-19 - Colegio San Luis Rey\",\"isPartOf\":{\"@id\":\"https:\\\/\\\/www.sanluisrey.edu.co\\\/new\\\/#website\"},\"primaryImageOfPage\":{\"@id\":\"https:\\\/\\\/www.sanluisrey.edu.co\\\/new\\\/programacion-plan-de-contingencia-covid-19\\\/#primaryimage\"},\"image\":{\"@id\":\"https:\\\/\\\/www.sanluisrey.edu.co\\\/new\\\/programacion-plan-de-contingencia-covid-19\\\/#primaryimage\"},\"thumbnailUrl\":\"https:\\\/\\\/www.sanluisrey.edu.co\\\/new\\\/wp-content\\\/uploads\\\/2019\\\/12\\\/ComunicadoCONACED002.jpg\",\"datePublished\":\"2020-03-30T04:40:44+00:00\",\"dateModified\":\"2020-03-30T04:43:12+00:00\",\"author\":{\"@id\":\"https:\\\/\\\/www.sanluisrey.edu.co\\\/new\\\/#\\\/schema\\\/person\\\/95c521ab3dc11c1a9bacf54769a78394\"},\"breadcrumb\":{\"@id\":\"https:\\\/\\\/www.sanluisrey.edu.co\\\/new\\\/programacion-plan-de-contingencia-covid-19\\\/#breadcrumb\"},\"inLanguage\":\"es\",\"potentialAction\":[{\"@type\":\"ReadAction\",\"target\":[\"https:\\\/\\\/www.sanluisrey.edu.co\\\/new\\\/programacion-plan-de-contingencia-covid-19\\\/\"]}]},{\"@type\":\"ImageObject\",\"inLanguage\":\"es\",\"@id\":\"https:\\\/\\\/www.sanluisrey.edu.co\\\/new\\\/programacion-plan-de-contingencia-covid-19\\\/#primaryimage\",\"url\":\"https:\\\/\\\/www.sanluisrey.edu.co\\\/new\\\/wp-content\\\/uploads\\\/2019\\\/12\\\/ComunicadoCONACED002.jpg\",\"contentUrl\":\"https:\\\/\\\/www.sanluisrey.edu.co\\\/new\\\/wp-content\\\/uploads\\\/2019\\\/12\\\/ComunicadoCONACED002.jpg\",\"width\":898,\"height\":636},{\"@type\":\"BreadcrumbList\",\"@id\":\"https:\\\/\\\/www.sanluisrey.edu.co\\\/new\\\/programacion-plan-de-contingencia-covid-19\\\/#breadcrumb\",\"itemListElement\":[{\"@type\":\"ListItem\",\"position\":1,\"name\":\"Home\",\"item\":\"https:\\\/\\\/www.sanluisrey.edu.co\\\/new\\\/\"},{\"@type\":\"ListItem\",\"position\":2,\"name\":\"Programaci\u00f3n plan de Contingencia COVID-19\"}]},{\"@type\":\"WebSite\",\"@id\":\"https:\\\/\\\/www.sanluisrey.edu.co\\\/new\\\/#website\",\"url\":\"https:\\\/\\\/www.sanluisrey.edu.co\\\/new\\\/\",\"name\":\"Colegio San Luis Rey\",\"description\":\"Comunidad Franciscana Provincia de la Santa Fe\",\"potentialAction\":[{\"@type\":\"SearchAction\",\"target\":{\"@type\":\"EntryPoint\",\"urlTemplate\":\"https:\\\/\\\/www.sanluisrey.edu.co\\\/new\\\/?s={search_term_string}\"},\"query-input\":{\"@type\":\"PropertyValueSpecification\",\"valueRequired\":true,\"valueName\":\"search_term_string\"}}],\"inLanguage\":\"es\"},{\"@type\":\"Person\",\"@id\":\"https:\\\/\\\/www.sanluisrey.edu.co\\\/new\\\/#\\\/schema\\\/person\\\/95c521ab3dc11c1a9bacf54769a78394\",\"name\":\"Colegio Franciscano San Luis Rey\",\"image\":{\"@type\":\"ImageObject\",\"inLanguage\":\"es\",\"@id\":\"https:\\\/\\\/secure.gravatar.com\\\/avatar\\\/fe07d4fe7d07e705f3dcebbfb00bd721c65e9deca5b80342bbf641330ea86b26?s=96&d=mm&r=g\",\"url\":\"https:\\\/\\\/secure.gravatar.com\\\/avatar\\\/fe07d4fe7d07e705f3dcebbfb00bd721c65e9deca5b80342bbf641330ea86b26?s=96&d=mm&r=g\",\"contentUrl\":\"https:\\\/\\\/secure.gravatar.com\\\/avatar\\\/fe07d4fe7d07e705f3dcebbfb00bd721c65e9deca5b80342bbf641330ea86b26?s=96&d=mm&r=g\",\"caption\":\"Colegio Franciscano San Luis Rey\"},\"sameAs\":[\"https:\\\/\\\/www.sanluisrey.edu.co\",\"https:\\\/\\\/web.facebook.com\\\/sanluisreyarmenia\\\/?_rdc=1&_rdr\",\"https:\\\/\\\/www.instagram.com\\\/colegiofranciscanosanluisrey\\\/\",\"https:\\\/\\\/x.com\\\/https:\\\/\\\/twitter.com\\\/san_luis_rey\",\"https:\\\/\\\/www.youtube.com\\\/user\\\/colegiosanluisrey\\\/\"],\"url\":\"https:\\\/\\\/www.sanluisrey.edu.co\\\/new\\\/author\\\/adminrey\\\/\"}]}<\/script>\n<!-- \/ Yoast SEO plugin. -->","yoast_head_json":{"title":"Programaci\u00f3n plan de Contingencia COVID-19 - Colegio San Luis Rey","robots":{"index":"index","follow":"follow","max-snippet":"max-snippet:-1","max-image-preview":"max-image-preview:large","max-video-preview":"max-video-preview:-1"},"canonical":"https:\/\/www.sanluisrey.edu.co\/new\/programacion-plan-de-contingencia-covid-19\/","og_locale":"es_ES","og_type":"article","og_title":"Programaci\u00f3n plan de Contingencia COVID-19 - Colegio San Luis Rey","og_description":"Una vez hemos le\u00eddo la CIRCULAR EXTERNA, emitida por CONACED NACIONAL y producto de la DECLARATORIA DE EMERGENCIA del Ministerio de salud, (Resoluci\u00f3n 385 de 2020), la alocuci\u00f3n presidencial del 15 de marzo de 2020 con circular de la misma fecha y las disposiciones se\u00f1aladas por el MEN y la MESA NACIONAL DE EDUCACI\u00d3N PRIVADA, tenemos claro que:","og_url":"https:\/\/www.sanluisrey.edu.co\/new\/programacion-plan-de-contingencia-covid-19\/","og_site_name":"Colegio San Luis Rey","article_author":"https:\/\/web.facebook.com\/sanluisreyarmenia\/?_rdc=1&_rdr","article_published_time":"2020-03-30T04:40:44+00:00","article_modified_time":"2020-03-30T04:43:12+00:00","og_image":[{"width":898,"height":636,"url":"https:\/\/www.sanluisrey.edu.co\/new\/wp-content\/uploads\/2019\/12\/ComunicadoCONACED002.jpg","type":"image\/jpeg"}],"author":"Colegio Franciscano San Luis Rey","twitter_card":"summary_large_image","twitter_creator":"@https:\/\/twitter.com\/san_luis_rey","twitter_misc":{"Escrito por":"Colegio Franciscano San Luis Rey","Tiempo de lectura":"3 minutos"},"schema":{"@context":"https:\/\/schema.org","@graph":[{"@type":"Article","@id":"https:\/\/www.sanluisrey.edu.co\/new\/programacion-plan-de-contingencia-covid-19\/#article","isPartOf":{"@id":"https:\/\/www.sanluisrey.edu.co\/new\/programacion-plan-de-contingencia-covid-19\/"},"author":{"name":"Colegio Franciscano San Luis Rey","@id":"https:\/\/www.sanluisrey.edu.co\/new\/#\/schema\/person\/95c521ab3dc11c1a9bacf54769a78394"},"headline":"Programaci\u00f3n plan de Contingencia COVID-19","datePublished":"2020-03-30T04:40:44+00:00","dateModified":"2020-03-30T04:43:12+00:00","mainEntityOfPage":{"@id":"https:\/\/www.sanluisrey.edu.co\/new\/programacion-plan-de-contingencia-covid-19\/"},"wordCount":547,"commentCount":0,"image":{"@id":"https:\/\/www.sanluisrey.edu.co\/new\/programacion-plan-de-contingencia-covid-19\/#primaryimage"},"thumbnailUrl":"https:\/\/www.sanluisrey.edu.co\/new\/wp-content\/uploads\/2019\/12\/ComunicadoCONACED002.jpg","articleSection":["Informaci\u00f3n de inter\u00e9s"],"inLanguage":"es","potentialAction":[{"@type":"CommentAction","name":"Comment","target":["https:\/\/www.sanluisrey.edu.co\/new\/programacion-plan-de-contingencia-covid-19\/#respond"]}]},{"@type":"WebPage","@id":"https:\/\/www.sanluisrey.edu.co\/new\/programacion-plan-de-contingencia-covid-19\/","url":"https:\/\/www.sanluisrey.edu.co\/new\/programacion-plan-de-contingencia-covid-19\/","name":"Programaci\u00f3n plan de Contingencia COVID-19 - Colegio San Luis Rey","isPartOf":{"@id":"https:\/\/www.sanluisrey.edu.co\/new\/#website"},"primaryImageOfPage":{"@id":"https:\/\/www.sanluisrey.edu.co\/new\/programacion-plan-de-contingencia-covid-19\/#primaryimage"},"image":{"@id":"https:\/\/www.sanluisrey.edu.co\/new\/programacion-plan-de-contingencia-covid-19\/#primaryimage"},"thumbnailUrl":"https:\/\/www.sanluisrey.edu.co\/new\/wp-content\/uploads\/2019\/12\/ComunicadoCONACED002.jpg","datePublished":"2020-03-30T04:40:44+00:00","dateModified":"2020-03-30T04:43:12+00:00","author":{"@id":"https:\/\/www.sanluisrey.edu.co\/new\/#\/schema\/person\/95c521ab3dc11c1a9bacf54769a78394"},"breadcrumb":{"@id":"https:\/\/www.sanluisrey.edu.co\/new\/programacion-plan-de-contingencia-covid-19\/#breadcrumb"},"inLanguage":"es","potentialAction":[{"@type":"ReadAction","target":["https:\/\/www.sanluisrey.edu.co\/new\/programacion-plan-de-contingencia-covid-19\/"]}]},{"@type":"ImageObject","inLanguage":"es","@id":"https:\/\/www.sanluisrey.edu.co\/new\/programacion-plan-de-contingencia-covid-19\/#primaryimage","url":"https:\/\/www.sanluisrey.edu.co\/new\/wp-content\/uploads\/2019\/12\/ComunicadoCONACED002.jpg","contentUrl":"https:\/\/www.sanluisrey.edu.co\/new\/wp-content\/uploads\/2019\/12\/ComunicadoCONACED002.jpg","width":898,"height":636},{"@type":"BreadcrumbList","@id":"https:\/\/www.sanluisrey.edu.co\/new\/programacion-plan-de-contingencia-covid-19\/#breadcrumb","itemListElement":[{"@type":"ListItem","position":1,"name":"Home","item":"https:\/\/www.sanluisrey.edu.co\/new\/"},{"@type":"ListItem","position":2,"name":"Programaci\u00f3n plan de Contingencia COVID-19"}]},{"@type":"WebSite","@id":"https:\/\/www.sanluisrey.edu.co\/new\/#website","url":"https:\/\/www.sanluisrey.edu.co\/new\/","name":"Colegio San Luis Rey","description":"Comunidad Franciscana Provincia de la Santa Fe","potentialAction":[{"@type":"SearchAction","target":{"@type":"EntryPoint","urlTemplate":"https:\/\/www.sanluisrey.edu.co\/new\/?s={search_term_string}"},"query-input":{"@type":"PropertyValueSpecification","valueRequired":true,"valueName":"search_term_string"}}],"inLanguage":"es"},{"@type":"Person","@id":"https:\/\/www.sanluisrey.edu.co\/new\/#\/schema\/person\/95c521ab3dc11c1a9bacf54769a78394","name":"Colegio Franciscano San Luis Rey","image":{"@type":"ImageObject","inLanguage":"es","@id":"https:\/\/secure.gravatar.com\/avatar\/fe07d4fe7d07e705f3dcebbfb00bd721c65e9deca5b80342bbf641330ea86b26?s=96&d=mm&r=g","url":"https:\/\/secure.gravatar.com\/avatar\/fe07d4fe7d07e705f3dcebbfb00bd721c65e9deca5b80342bbf641330ea86b26?s=96&d=mm&r=g","contentUrl":"https:\/\/secure.gravatar.com\/avatar\/fe07d4fe7d07e705f3dcebbfb00bd721c65e9deca5b80342bbf641330ea86b26?s=96&d=mm&r=g","caption":"Colegio Franciscano San Luis Rey"},"sameAs":["https:\/\/www.sanluisrey.edu.co","https:\/\/web.facebook.com\/sanluisreyarmenia\/?_rdc=1&_rdr","https:\/\/www.instagram.com\/colegiofranciscanosanluisrey\/","https:\/\/x.com\/https:\/\/twitter.com\/san_luis_rey","https:\/\/www.youtube.com\/user\/colegiosanluisrey\/"],"url":"https:\/\/www.sanluisrey.edu.co\/new\/author\/adminrey\/"}]}},"jetpack_featured_media_url":"https:\/\/www.sanluisrey.edu.co\/new\/wp-content\/uploads\/2019\/12\/ComunicadoCONACED002.jpg","jetpack_sharing_enabled":true,"_links":{"self":[{"href":"https:\/\/www.sanluisrey.edu.co\/new\/wp-json\/wp\/v2\/posts\/500","targetHints":{"allow":["GET"]}}],"collection":[{"href":"https:\/\/www.sanluisrey.edu.co\/new\/wp-json\/wp\/v2\/posts"}],"about":[{"href":"https:\/\/www.sanluisrey.edu.co\/new\/wp-json\/wp\/v2\/types\/post"}],"author":[{"embeddable":true,"href":"https:\/\/www.sanluisrey.edu.co\/new\/wp-json\/wp\/v2\/users\/1"}],"replies":[{"embeddable":true,"href":"https:\/\/www.sanluisrey.edu.co\/new\/wp-json\/wp\/v2\/comments?post=500"}],"version-history":[{"count":2,"href":"https:\/\/www.sanluisrey.edu.co\/new\/wp-json\/wp\/v2\/posts\/500\/revisions"}],"predecessor-version":[{"id":502,"href":"https:\/\/www.sanluisrey.edu.co\/new\/wp-json\/wp\/v2\/posts\/500\/revisions\/502"}],"wp:featuredmedia":[{"embeddable":true,"href":"https:\/\/www.sanluisrey.edu.co\/new\/wp-json\/wp\/v2\/media\/492"}],"wp:attachment":[{"href":"https:\/\/www.sanluisrey.edu.co\/new\/wp-json\/wp\/v2\/media?parent=500"}],"wp:term":[{"taxonomy":"category","embeddable":true,"href":"https:\/\/www.sanluisrey.edu.co\/new\/wp-json\/wp\/v2\/categories?post=500"},{"taxonomy":"post_tag","embeddable":true,"href":"https:\/\/www.sanluisrey.edu.co\/new\/wp-json\/wp\/v2\/tags?post=500"}],"curies":[{"name":"wp","href":"https:\/\/api.w.org\/{rel}","templated":true}]}}