{"id":5823,"date":"2020-09-17T12:12:53","date_gmt":"2020-09-17T17:12:53","guid":{"rendered":"https:\/\/www.sanluisrey.edu.co\/new\/?p=5823"},"modified":"2020-09-17T12:18:50","modified_gmt":"2020-09-17T17:18:50","slug":"xxi-feria-universitaria-san-luis-rey","status":"publish","type":"post","link":"https:\/\/www.sanluisrey.edu.co\/new\/xxi-feria-universitaria-san-luis-rey\/","title":{"rendered":"XXI Feria Universitaria San Luis Rey"},"content":{"rendered":"\t\t<div data-elementor-type=\"wp-post\" data-elementor-id=\"5823\" class=\"elementor elementor-5823\">\n\t\t\t\t\t\t<section class=\"elementor-section elementor-top-section elementor-element elementor-element-ee95e4c elementor-section-boxed elementor-section-height-default elementor-section-height-default\" data-id=\"ee95e4c\" data-element_type=\"section\" data-e-type=\"section\">\n\t\t\t\t\t\t<div class=\"elementor-container elementor-column-gap-default\">\n\t\t\t\t\t<div class=\"elementor-column elementor-col-100 elementor-top-column elementor-element elementor-element-38b6e863\" data-id=\"38b6e863\" data-element_type=\"column\" data-e-type=\"column\">\n\t\t\t<div class=\"elementor-widget-wrap elementor-element-populated\">\n\t\t\t\t\t\t<div class=\"elementor-element elementor-element-51cc3497 elementor-widget elementor-widget-text-editor\" data-id=\"51cc3497\" data-element_type=\"widget\" data-e-type=\"widget\" data-widget_type=\"text-editor.default\">\n\t\t\t\t<div class=\"elementor-widget-container\">\n\t\t\t\t\t\t\t\t\t<p><\/p>\n<p>La <strong>XXI FERIA UNIVERSITARIA SLR<\/strong>, modalidad virtual, se desarrollar\u00e1 el d\u00eda viernes 18 de septiembre, en el horario de 7:00 a.m. \u2013 3:00 p.m. con la participaci\u00f3n de&nbsp; las Universidades de MANIZALES, CALI, PEREIRA, MEDELL\u00cdN y BOGOT\u00c1.<\/p>\n<p><\/p>\n<p><\/p>\n<p>El grupo de Universidades de la ciudad de Armenia est\u00e1&nbsp; programado para el d\u00eda viernes 25 de septiembre de 1:00-300 p.m.&nbsp;<\/p>\n<p><\/p>\n<p><\/p>\n<p>Este evento tiene como prop\u00f3sito que los estudiantes de d\u00e9cimo y und\u00e9cimo grado tengan informaci\u00f3n directa con &nbsp;algunas universidades del pa\u00eds para que conozcan su oferta acad\u00e9mica y&nbsp; puedan elegir d\u00f3nde realizar sus estudios superiores. <\/p>\n<p><\/p>\n<p><\/p>\n<p>Agradecemos la participaci\u00f3n en este importante evento.<\/p>\n<p><\/p>\t\t\t\t\t\t\t\t<\/div>\n\t\t\t\t<\/div>\n\t\t\t\t\t<\/div>\n\t\t<\/div>\n\t\t\t\t\t<\/div>\n\t\t<\/section>\n\t\t\t\t<\/div>\n\t\t","protected":false},"excerpt":{"rendered":"<p>La XXI FERIA UNIVERSITARIA SLR, modalidad virtual, se desarrollar\u00e1 el d\u00eda viernes 18 de septiembre, en el horario de 7:00 a.m. \u2013 3:00 p.m. con la participaci\u00f3n de&nbsp; las Universidades de MANIZALES, CALI, PEREIRA, MEDELL\u00cdN y BOGOT\u00c1. El grupo de Universidades de la ciudad de Armenia est\u00e1&nbsp; programado para el [&hellip;]<\/p>\n","protected":false},"author":1,"featured_media":5815,"comment_status":"open","ping_status":"open","sticky":false,"template":"","format":"standard","meta":{"_monsterinsights_skip_tracking":false,"_monsterinsights_sitenote_active":false,"_monsterinsights_sitenote_note":"","_monsterinsights_sitenote_category":0,"two_page_speed":[],"_jetpack_memberships_contains_paid_content":false,"footnotes":""},"categories":[7],"tags":[],"class_list":["post-5823","post","type-post","status-publish","format-standard","has-post-thumbnail","hentry","category-noticias"],"yoast_head":"<!-- This site is optimized with the Yoast SEO plugin v27.5 - https:\/\/yoast.com\/product\/yoast-seo-wordpress\/ -->\n<title>XXI Feria Universitaria San Luis Rey - Colegio San Luis Rey<\/title>\n<meta name=\"robots\" content=\"index, follow, max-snippet:-1, max-image-preview:large, max-video-preview:-1\" \/>\n<link rel=\"canonical\" href=\"https:\/\/www.sanluisrey.edu.co\/new\/xxi-feria-universitaria-san-luis-rey\/\" \/>\n<meta property=\"og:locale\" content=\"es_ES\" \/>\n<meta property=\"og:type\" content=\"article\" \/>\n<meta property=\"og:title\" content=\"XXI Feria Universitaria San Luis Rey - Colegio San Luis Rey\" \/>\n<meta property=\"og:description\" content=\"La XXI FERIA UNIVERSITARIA SLR, modalidad virtual, se desarrollar\u00e1 el d\u00eda viernes 18 de septiembre, en el horario de 7:00 a.m. \u2013 3:00 p.m. con la participaci\u00f3n de&nbsp; las Universidades de MANIZALES, CALI, PEREIRA, MEDELL\u00cdN y BOGOT\u00c1. El grupo de Universidades de la ciudad de Armenia est\u00e1&nbsp; programado para el [&hellip;]\" \/>\n<meta property=\"og:url\" content=\"https:\/\/www.sanluisrey.edu.co\/new\/xxi-feria-universitaria-san-luis-rey\/\" \/>\n<meta property=\"og:site_name\" content=\"Colegio San Luis Rey\" \/>\n<meta property=\"article:author\" content=\"https:\/\/web.facebook.com\/sanluisreyarmenia\/?_rdc=1&amp;_rdr\" \/>\n<meta property=\"article:published_time\" content=\"2020-09-17T17:12:53+00:00\" \/>\n<meta property=\"article:modified_time\" content=\"2020-09-17T17:18:50+00:00\" \/>\n<meta property=\"og:image\" content=\"https:\/\/www.sanluisrey.edu.co\/new\/wp-content\/uploads\/2020\/09\/FeriaUniversitariaBaner.png\" \/>\n\t<meta property=\"og:image:width\" content=\"1900\" \/>\n\t<meta property=\"og:image:height\" content=\"500\" \/>\n\t<meta property=\"og:image:type\" content=\"image\/png\" \/>\n<meta name=\"author\" content=\"Colegio Franciscano San Luis Rey\" \/>\n<meta name=\"twitter:card\" content=\"summary_large_image\" \/>\n<meta name=\"twitter:creator\" content=\"@https:\/\/twitter.com\/san_luis_rey\" \/>\n<meta name=\"twitter:label1\" content=\"Escrito por\" \/>\n\t<meta name=\"twitter:data1\" content=\"Colegio Franciscano San Luis Rey\" \/>\n\t<meta name=\"twitter:label2\" content=\"Tiempo de lectura\" \/>\n\t<meta name=\"twitter:data2\" content=\"1 minuto\" \/>\n<script type=\"application\/ld+json\" class=\"yoast-schema-graph\">{\"@context\":\"https:\\\/\\\/schema.org\",\"@graph\":[{\"@type\":\"Article\",\"@id\":\"https:\\\/\\\/www.sanluisrey.edu.co\\\/new\\\/xxi-feria-universitaria-san-luis-rey\\\/#article\",\"isPartOf\":{\"@id\":\"https:\\\/\\\/www.sanluisrey.edu.co\\\/new\\\/xxi-feria-universitaria-san-luis-rey\\\/\"},\"author\":{\"name\":\"Colegio Franciscano San Luis Rey\",\"@id\":\"https:\\\/\\\/www.sanluisrey.edu.co\\\/new\\\/#\\\/schema\\\/person\\\/95c521ab3dc11c1a9bacf54769a78394\"},\"headline\":\"XXI Feria Universitaria San Luis Rey\",\"datePublished\":\"2020-09-17T17:12:53+00:00\",\"dateModified\":\"2020-09-17T17:18:50+00:00\",\"mainEntityOfPage\":{\"@id\":\"https:\\\/\\\/www.sanluisrey.edu.co\\\/new\\\/xxi-feria-universitaria-san-luis-rey\\\/\"},\"wordCount\":121,\"commentCount\":0,\"image\":{\"@id\":\"https:\\\/\\\/www.sanluisrey.edu.co\\\/new\\\/xxi-feria-universitaria-san-luis-rey\\\/#primaryimage\"},\"thumbnailUrl\":\"https:\\\/\\\/www.sanluisrey.edu.co\\\/new\\\/wp-content\\\/uploads\\\/2020\\\/09\\\/FeriaUniversitariaBaner.png\",\"articleSection\":[\"Noticias\"],\"inLanguage\":\"es\",\"potentialAction\":[{\"@type\":\"CommentAction\",\"name\":\"Comment\",\"target\":[\"https:\\\/\\\/www.sanluisrey.edu.co\\\/new\\\/xxi-feria-universitaria-san-luis-rey\\\/#respond\"]}]},{\"@type\":\"WebPage\",\"@id\":\"https:\\\/\\\/www.sanluisrey.edu.co\\\/new\\\/xxi-feria-universitaria-san-luis-rey\\\/\",\"url\":\"https:\\\/\\\/www.sanluisrey.edu.co\\\/new\\\/xxi-feria-universitaria-san-luis-rey\\\/\",\"name\":\"XXI Feria Universitaria San Luis Rey - Colegio San Luis Rey\",\"isPartOf\":{\"@id\":\"https:\\\/\\\/www.sanluisrey.edu.co\\\/new\\\/#website\"},\"primaryImageOfPage\":{\"@id\":\"https:\\\/\\\/www.sanluisrey.edu.co\\\/new\\\/xxi-feria-universitaria-san-luis-rey\\\/#primaryimage\"},\"image\":{\"@id\":\"https:\\\/\\\/www.sanluisrey.edu.co\\\/new\\\/xxi-feria-universitaria-san-luis-rey\\\/#primaryimage\"},\"thumbnailUrl\":\"https:\\\/\\\/www.sanluisrey.edu.co\\\/new\\\/wp-content\\\/uploads\\\/2020\\\/09\\\/FeriaUniversitariaBaner.png\",\"datePublished\":\"2020-09-17T17:12:53+00:00\",\"dateModified\":\"2020-09-17T17:18:50+00:00\",\"author\":{\"@id\":\"https:\\\/\\\/www.sanluisrey.edu.co\\\/new\\\/#\\\/schema\\\/person\\\/95c521ab3dc11c1a9bacf54769a78394\"},\"breadcrumb\":{\"@id\":\"https:\\\/\\\/www.sanluisrey.edu.co\\\/new\\\/xxi-feria-universitaria-san-luis-rey\\\/#breadcrumb\"},\"inLanguage\":\"es\",\"potentialAction\":[{\"@type\":\"ReadAction\",\"target\":[\"https:\\\/\\\/www.sanluisrey.edu.co\\\/new\\\/xxi-feria-universitaria-san-luis-rey\\\/\"]}]},{\"@type\":\"ImageObject\",\"inLanguage\":\"es\",\"@id\":\"https:\\\/\\\/www.sanluisrey.edu.co\\\/new\\\/xxi-feria-universitaria-san-luis-rey\\\/#primaryimage\",\"url\":\"https:\\\/\\\/www.sanluisrey.edu.co\\\/new\\\/wp-content\\\/uploads\\\/2020\\\/09\\\/FeriaUniversitariaBaner.png\",\"contentUrl\":\"https:\\\/\\\/www.sanluisrey.edu.co\\\/new\\\/wp-content\\\/uploads\\\/2020\\\/09\\\/FeriaUniversitariaBaner.png\",\"width\":1900,\"height\":500},{\"@type\":\"BreadcrumbList\",\"@id\":\"https:\\\/\\\/www.sanluisrey.edu.co\\\/new\\\/xxi-feria-universitaria-san-luis-rey\\\/#breadcrumb\",\"itemListElement\":[{\"@type\":\"ListItem\",\"position\":1,\"name\":\"Home\",\"item\":\"https:\\\/\\\/www.sanluisrey.edu.co\\\/new\\\/\"},{\"@type\":\"ListItem\",\"position\":2,\"name\":\"XXI Feria Universitaria San Luis Rey\"}]},{\"@type\":\"WebSite\",\"@id\":\"https:\\\/\\\/www.sanluisrey.edu.co\\\/new\\\/#website\",\"url\":\"https:\\\/\\\/www.sanluisrey.edu.co\\\/new\\\/\",\"name\":\"Colegio San Luis Rey\",\"description\":\"Comunidad Franciscana Provincia de la Santa Fe\",\"potentialAction\":[{\"@type\":\"SearchAction\",\"target\":{\"@type\":\"EntryPoint\",\"urlTemplate\":\"https:\\\/\\\/www.sanluisrey.edu.co\\\/new\\\/?s={search_term_string}\"},\"query-input\":{\"@type\":\"PropertyValueSpecification\",\"valueRequired\":true,\"valueName\":\"search_term_string\"}}],\"inLanguage\":\"es\"},{\"@type\":\"Person\",\"@id\":\"https:\\\/\\\/www.sanluisrey.edu.co\\\/new\\\/#\\\/schema\\\/person\\\/95c521ab3dc11c1a9bacf54769a78394\",\"name\":\"Colegio Franciscano San Luis Rey\",\"image\":{\"@type\":\"ImageObject\",\"inLanguage\":\"es\",\"@id\":\"https:\\\/\\\/secure.gravatar.com\\\/avatar\\\/fe07d4fe7d07e705f3dcebbfb00bd721c65e9deca5b80342bbf641330ea86b26?s=96&d=mm&r=g\",\"url\":\"https:\\\/\\\/secure.gravatar.com\\\/avatar\\\/fe07d4fe7d07e705f3dcebbfb00bd721c65e9deca5b80342bbf641330ea86b26?s=96&d=mm&r=g\",\"contentUrl\":\"https:\\\/\\\/secure.gravatar.com\\\/avatar\\\/fe07d4fe7d07e705f3dcebbfb00bd721c65e9deca5b80342bbf641330ea86b26?s=96&d=mm&r=g\",\"caption\":\"Colegio Franciscano San Luis Rey\"},\"sameAs\":[\"https:\\\/\\\/www.sanluisrey.edu.co\",\"https:\\\/\\\/web.facebook.com\\\/sanluisreyarmenia\\\/?_rdc=1&_rdr\",\"https:\\\/\\\/www.instagram.com\\\/colegiofranciscanosanluisrey\\\/\",\"https:\\\/\\\/x.com\\\/https:\\\/\\\/twitter.com\\\/san_luis_rey\",\"https:\\\/\\\/www.youtube.com\\\/user\\\/colegiosanluisrey\\\/\"],\"url\":\"https:\\\/\\\/www.sanluisrey.edu.co\\\/new\\\/author\\\/adminrey\\\/\"}]}<\/script>\n<!-- \/ Yoast SEO plugin. -->","yoast_head_json":{"title":"XXI Feria Universitaria San Luis Rey - Colegio San Luis Rey","robots":{"index":"index","follow":"follow","max-snippet":"max-snippet:-1","max-image-preview":"max-image-preview:large","max-video-preview":"max-video-preview:-1"},"canonical":"https:\/\/www.sanluisrey.edu.co\/new\/xxi-feria-universitaria-san-luis-rey\/","og_locale":"es_ES","og_type":"article","og_title":"XXI Feria Universitaria San Luis Rey - Colegio San Luis Rey","og_description":"La XXI FERIA UNIVERSITARIA SLR, modalidad virtual, se desarrollar\u00e1 el d\u00eda viernes 18 de septiembre, en el horario de 7:00 a.m. \u2013 3:00 p.m. con la participaci\u00f3n de&nbsp; las Universidades de MANIZALES, CALI, PEREIRA, MEDELL\u00cdN y BOGOT\u00c1. El grupo de Universidades de la ciudad de Armenia est\u00e1&nbsp; programado para el [&hellip;]","og_url":"https:\/\/www.sanluisrey.edu.co\/new\/xxi-feria-universitaria-san-luis-rey\/","og_site_name":"Colegio San Luis Rey","article_author":"https:\/\/web.facebook.com\/sanluisreyarmenia\/?_rdc=1&_rdr","article_published_time":"2020-09-17T17:12:53+00:00","article_modified_time":"2020-09-17T17:18:50+00:00","og_image":[{"width":1900,"height":500,"url":"https:\/\/www.sanluisrey.edu.co\/new\/wp-content\/uploads\/2020\/09\/FeriaUniversitariaBaner.png","type":"image\/png"}],"author":"Colegio Franciscano San Luis Rey","twitter_card":"summary_large_image","twitter_creator":"@https:\/\/twitter.com\/san_luis_rey","twitter_misc":{"Escrito por":"Colegio Franciscano San Luis Rey","Tiempo de lectura":"1 minuto"},"schema":{"@context":"https:\/\/schema.org","@graph":[{"@type":"Article","@id":"https:\/\/www.sanluisrey.edu.co\/new\/xxi-feria-universitaria-san-luis-rey\/#article","isPartOf":{"@id":"https:\/\/www.sanluisrey.edu.co\/new\/xxi-feria-universitaria-san-luis-rey\/"},"author":{"name":"Colegio Franciscano San Luis Rey","@id":"https:\/\/www.sanluisrey.edu.co\/new\/#\/schema\/person\/95c521ab3dc11c1a9bacf54769a78394"},"headline":"XXI Feria Universitaria San Luis Rey","datePublished":"2020-09-17T17:12:53+00:00","dateModified":"2020-09-17T17:18:50+00:00","mainEntityOfPage":{"@id":"https:\/\/www.sanluisrey.edu.co\/new\/xxi-feria-universitaria-san-luis-rey\/"},"wordCount":121,"commentCount":0,"image":{"@id":"https:\/\/www.sanluisrey.edu.co\/new\/xxi-feria-universitaria-san-luis-rey\/#primaryimage"},"thumbnailUrl":"https:\/\/www.sanluisrey.edu.co\/new\/wp-content\/uploads\/2020\/09\/FeriaUniversitariaBaner.png","articleSection":["Noticias"],"inLanguage":"es","potentialAction":[{"@type":"CommentAction","name":"Comment","target":["https:\/\/www.sanluisrey.edu.co\/new\/xxi-feria-universitaria-san-luis-rey\/#respond"]}]},{"@type":"WebPage","@id":"https:\/\/www.sanluisrey.edu.co\/new\/xxi-feria-universitaria-san-luis-rey\/","url":"https:\/\/www.sanluisrey.edu.co\/new\/xxi-feria-universitaria-san-luis-rey\/","name":"XXI Feria Universitaria San Luis Rey - Colegio San Luis Rey","isPartOf":{"@id":"https:\/\/www.sanluisrey.edu.co\/new\/#website"},"primaryImageOfPage":{"@id":"https:\/\/www.sanluisrey.edu.co\/new\/xxi-feria-universitaria-san-luis-rey\/#primaryimage"},"image":{"@id":"https:\/\/www.sanluisrey.edu.co\/new\/xxi-feria-universitaria-san-luis-rey\/#primaryimage"},"thumbnailUrl":"https:\/\/www.sanluisrey.edu.co\/new\/wp-content\/uploads\/2020\/09\/FeriaUniversitariaBaner.png","datePublished":"2020-09-17T17:12:53+00:00","dateModified":"2020-09-17T17:18:50+00:00","author":{"@id":"https:\/\/www.sanluisrey.edu.co\/new\/#\/schema\/person\/95c521ab3dc11c1a9bacf54769a78394"},"breadcrumb":{"@id":"https:\/\/www.sanluisrey.edu.co\/new\/xxi-feria-universitaria-san-luis-rey\/#breadcrumb"},"inLanguage":"es","potentialAction":[{"@type":"ReadAction","target":["https:\/\/www.sanluisrey.edu.co\/new\/xxi-feria-universitaria-san-luis-rey\/"]}]},{"@type":"ImageObject","inLanguage":"es","@id":"https:\/\/www.sanluisrey.edu.co\/new\/xxi-feria-universitaria-san-luis-rey\/#primaryimage","url":"https:\/\/www.sanluisrey.edu.co\/new\/wp-content\/uploads\/2020\/09\/FeriaUniversitariaBaner.png","contentUrl":"https:\/\/www.sanluisrey.edu.co\/new\/wp-content\/uploads\/2020\/09\/FeriaUniversitariaBaner.png","width":1900,"height":500},{"@type":"BreadcrumbList","@id":"https:\/\/www.sanluisrey.edu.co\/new\/xxi-feria-universitaria-san-luis-rey\/#breadcrumb","itemListElement":[{"@type":"ListItem","position":1,"name":"Home","item":"https:\/\/www.sanluisrey.edu.co\/new\/"},{"@type":"ListItem","position":2,"name":"XXI Feria Universitaria San Luis Rey"}]},{"@type":"WebSite","@id":"https:\/\/www.sanluisrey.edu.co\/new\/#website","url":"https:\/\/www.sanluisrey.edu.co\/new\/","name":"Colegio San Luis Rey","description":"Comunidad Franciscana Provincia de la Santa Fe","potentialAction":[{"@type":"SearchAction","target":{"@type":"EntryPoint","urlTemplate":"https:\/\/www.sanluisrey.edu.co\/new\/?s={search_term_string}"},"query-input":{"@type":"PropertyValueSpecification","valueRequired":true,"valueName":"search_term_string"}}],"inLanguage":"es"},{"@type":"Person","@id":"https:\/\/www.sanluisrey.edu.co\/new\/#\/schema\/person\/95c521ab3dc11c1a9bacf54769a78394","name":"Colegio Franciscano San Luis Rey","image":{"@type":"ImageObject","inLanguage":"es","@id":"https:\/\/secure.gravatar.com\/avatar\/fe07d4fe7d07e705f3dcebbfb00bd721c65e9deca5b80342bbf641330ea86b26?s=96&d=mm&r=g","url":"https:\/\/secure.gravatar.com\/avatar\/fe07d4fe7d07e705f3dcebbfb00bd721c65e9deca5b80342bbf641330ea86b26?s=96&d=mm&r=g","contentUrl":"https:\/\/secure.gravatar.com\/avatar\/fe07d4fe7d07e705f3dcebbfb00bd721c65e9deca5b80342bbf641330ea86b26?s=96&d=mm&r=g","caption":"Colegio Franciscano San Luis Rey"},"sameAs":["https:\/\/www.sanluisrey.edu.co","https:\/\/web.facebook.com\/sanluisreyarmenia\/?_rdc=1&_rdr","https:\/\/www.instagram.com\/colegiofranciscanosanluisrey\/","https:\/\/x.com\/https:\/\/twitter.com\/san_luis_rey","https:\/\/www.youtube.com\/user\/colegiosanluisrey\/"],"url":"https:\/\/www.sanluisrey.edu.co\/new\/author\/adminrey\/"}]}},"jetpack_featured_media_url":"https:\/\/www.sanluisrey.edu.co\/new\/wp-content\/uploads\/2020\/09\/FeriaUniversitariaBaner.png","jetpack_sharing_enabled":true,"_links":{"self":[{"href":"https:\/\/www.sanluisrey.edu.co\/new\/wp-json\/wp\/v2\/posts\/5823","targetHints":{"allow":["GET"]}}],"collection":[{"href":"https:\/\/www.sanluisrey.edu.co\/new\/wp-json\/wp\/v2\/posts"}],"about":[{"href":"https:\/\/www.sanluisrey.edu.co\/new\/wp-json\/wp\/v2\/types\/post"}],"author":[{"embeddable":true,"href":"https:\/\/www.sanluisrey.edu.co\/new\/wp-json\/wp\/v2\/users\/1"}],"replies":[{"embeddable":true,"href":"https:\/\/www.sanluisrey.edu.co\/new\/wp-json\/wp\/v2\/comments?post=5823"}],"version-history":[{"count":3,"href":"https:\/\/www.sanluisrey.edu.co\/new\/wp-json\/wp\/v2\/posts\/5823\/revisions"}],"predecessor-version":[{"id":5827,"href":"https:\/\/www.sanluisrey.edu.co\/new\/wp-json\/wp\/v2\/posts\/5823\/revisions\/5827"}],"wp:featuredmedia":[{"embeddable":true,"href":"https:\/\/www.sanluisrey.edu.co\/new\/wp-json\/wp\/v2\/media\/5815"}],"wp:attachment":[{"href":"https:\/\/www.sanluisrey.edu.co\/new\/wp-json\/wp\/v2\/media?parent=5823"}],"wp:term":[{"taxonomy":"category","embeddable":true,"href":"https:\/\/www.sanluisrey.edu.co\/new\/wp-json\/wp\/v2\/categories?post=5823"},{"taxonomy":"post_tag","embeddable":true,"href":"https:\/\/www.sanluisrey.edu.co\/new\/wp-json\/wp\/v2\/tags?post=5823"}],"curies":[{"name":"wp","href":"https:\/\/api.w.org\/{rel}","templated":true}]}}