{"id":6589,"date":"2021-03-26T15:00:11","date_gmt":"2021-03-26T20:00:11","guid":{"rendered":"https:\/\/www.sanluisrey.edu.co\/new\/?p=6589"},"modified":"2021-03-26T15:00:12","modified_gmt":"2021-03-26T20:00:12","slug":"sensible-fallecimiento","status":"publish","type":"post","link":"https:\/\/www.sanluisrey.edu.co\/new\/sensible-fallecimiento\/","title":{"rendered":"Sensible Fallecimiento"},"content":{"rendered":"\n<p>Con gran pesar de hermano en la fe y amigo de la infancia, comunico a la Comunidad educativa de este colegio, sobre el fallecimiento de <strong>FRAY JOS\u00c9 ARTURO ROJAS MART\u00cdNEZ<\/strong> <strong>O.F.M.<\/strong> acontecido antier mi\u00e9rcoles a las 08:40 pm en la ciudad de Villavicencio donde prestaba actualmente su servicio.<\/p>\n\n\n\n<p>Fray Jos\u00e9 Arturo estuvo vinculado a este colegio San Luis Rey de Armenia como Director de la pastoral en el a\u00f1o de 1996 y posteriormente como rector en el per\u00edodo comprendido entre el a\u00f1o 2002 y 2008.<\/p>\n\n\n\n<p>Le pedimos a Dios nuestro Se\u00f1or fortaleza para sus hermanos y dem\u00e1s familiares, residentes en la ciudad de Ibagu\u00e9, quienes viven el inmenso dolor de la muerte tan inesperada y prematura de su ser querido.<\/p>\n\n\n\n<p>Igualmente aprovecho la ocasi\u00f3n para informar sobre el fallecimiento de <strong>FRAY LUIS EDUARDO MEDINA, O.F.M. <\/strong>ocurrido el 20 de enero del presente a\u00f1o.&nbsp; Fray Luis Eduardo fue el fundador y primer rector de este colegio.<\/p>\n\n\n\n<p>Ambos hermanos fallecieron debido a complicaciones por covid-19.<\/p>\n\n\n\n<p>Igualmente pedimos a Dios nuestro Se\u00f1or que en su infinita misericordia participe de la Gloria Eterna a estos frailes tan apreciados en el \u00e1mbito San Luisista de la ciudad de Armenia.<\/p>\n\n\n\n<p>Armenia 26 de marzo de 2021,<\/p>\n\n\n\n<p>Fray Hern\u00e1n El\u00edas Pe\u00f1a Quijano. O.F.M.<\/p>\n\n\n\n<p><strong>RECTOR<\/strong><\/p>\n","protected":false},"excerpt":{"rendered":"<p>Con gran pesar de hermano en la fe y amigo de la infancia, comunico a la Comunidad educativa de este colegio, sobre el fallecimiento de FRAY JOS\u00c9 ARTURO ROJAS MART\u00cdNEZ O.F.M. acontecido antier mi\u00e9rcoles a las 08:40 pm en la ciudad de Villavicencio donde prestaba actualmente su servicio. Fray Jos\u00e9 [&hellip;]<\/p>\n","protected":false},"author":1,"featured_media":6560,"comment_status":"closed","ping_status":"closed","sticky":false,"template":"","format":"standard","meta":{"_monsterinsights_skip_tracking":false,"_monsterinsights_sitenote_active":false,"_monsterinsights_sitenote_note":"","_monsterinsights_sitenote_category":0,"two_page_speed":[],"_jetpack_memberships_contains_paid_content":false,"footnotes":""},"categories":[7],"tags":[],"class_list":["post-6589","post","type-post","status-publish","format-standard","has-post-thumbnail","hentry","category-noticias"],"yoast_head":"<!-- This site is optimized with the Yoast SEO plugin v27.4 - https:\/\/yoast.com\/product\/yoast-seo-wordpress\/ -->\n<title>Sensible Fallecimiento - Colegio San Luis Rey<\/title>\n<meta name=\"robots\" content=\"index, follow, max-snippet:-1, max-image-preview:large, max-video-preview:-1\" \/>\n<link rel=\"canonical\" href=\"https:\/\/www.sanluisrey.edu.co\/new\/sensible-fallecimiento\/\" \/>\n<meta property=\"og:locale\" content=\"es_ES\" \/>\n<meta property=\"og:type\" content=\"article\" \/>\n<meta property=\"og:title\" content=\"Sensible Fallecimiento - Colegio San Luis Rey\" \/>\n<meta property=\"og:description\" content=\"Con gran pesar de hermano en la fe y amigo de la infancia, comunico a la Comunidad educativa de este colegio, sobre el fallecimiento de FRAY JOS\u00c9 ARTURO ROJAS MART\u00cdNEZ O.F.M. acontecido antier mi\u00e9rcoles a las 08:40 pm en la ciudad de Villavicencio donde prestaba actualmente su servicio. Fray Jos\u00e9 [&hellip;]\" \/>\n<meta property=\"og:url\" content=\"https:\/\/www.sanluisrey.edu.co\/new\/sensible-fallecimiento\/\" \/>\n<meta property=\"og:site_name\" content=\"Colegio San Luis Rey\" \/>\n<meta property=\"article:author\" content=\"https:\/\/web.facebook.com\/sanluisreyarmenia\/?_rdc=1&amp;_rdr\" \/>\n<meta property=\"article:published_time\" content=\"2021-03-26T20:00:11+00:00\" \/>\n<meta property=\"article:modified_time\" content=\"2021-03-26T20:00:12+00:00\" \/>\n<meta property=\"og:image\" content=\"https:\/\/www.sanluisrey.edu.co\/new\/wp-content\/uploads\/2021\/03\/arturoRojas.jpeg\" \/>\n\t<meta property=\"og:image:width\" content=\"1080\" \/>\n\t<meta property=\"og:image:height\" content=\"1080\" \/>\n\t<meta property=\"og:image:type\" content=\"image\/jpeg\" \/>\n<meta name=\"author\" content=\"Colegio Franciscano San Luis Rey\" \/>\n<meta name=\"twitter:card\" content=\"summary_large_image\" \/>\n<meta name=\"twitter:creator\" content=\"@https:\/\/twitter.com\/san_luis_rey\" \/>\n<meta name=\"twitter:label1\" content=\"Escrito por\" \/>\n\t<meta name=\"twitter:data1\" content=\"Colegio Franciscano San Luis Rey\" \/>\n\t<meta name=\"twitter:label2\" content=\"Tiempo de lectura\" \/>\n\t<meta name=\"twitter:data2\" content=\"1 minuto\" \/>\n<script type=\"application\/ld+json\" class=\"yoast-schema-graph\">{\"@context\":\"https:\\\/\\\/schema.org\",\"@graph\":[{\"@type\":\"Article\",\"@id\":\"https:\\\/\\\/www.sanluisrey.edu.co\\\/new\\\/sensible-fallecimiento\\\/#article\",\"isPartOf\":{\"@id\":\"https:\\\/\\\/www.sanluisrey.edu.co\\\/new\\\/sensible-fallecimiento\\\/\"},\"author\":{\"name\":\"Colegio Franciscano San Luis Rey\",\"@id\":\"https:\\\/\\\/www.sanluisrey.edu.co\\\/new\\\/#\\\/schema\\\/person\\\/95c521ab3dc11c1a9bacf54769a78394\"},\"headline\":\"Sensible Fallecimiento\",\"datePublished\":\"2021-03-26T20:00:11+00:00\",\"dateModified\":\"2021-03-26T20:00:12+00:00\",\"mainEntityOfPage\":{\"@id\":\"https:\\\/\\\/www.sanluisrey.edu.co\\\/new\\\/sensible-fallecimiento\\\/\"},\"wordCount\":222,\"image\":{\"@id\":\"https:\\\/\\\/www.sanluisrey.edu.co\\\/new\\\/sensible-fallecimiento\\\/#primaryimage\"},\"thumbnailUrl\":\"https:\\\/\\\/www.sanluisrey.edu.co\\\/new\\\/wp-content\\\/uploads\\\/2021\\\/03\\\/arturoRojas.jpeg\",\"articleSection\":[\"Noticias\"],\"inLanguage\":\"es\"},{\"@type\":\"WebPage\",\"@id\":\"https:\\\/\\\/www.sanluisrey.edu.co\\\/new\\\/sensible-fallecimiento\\\/\",\"url\":\"https:\\\/\\\/www.sanluisrey.edu.co\\\/new\\\/sensible-fallecimiento\\\/\",\"name\":\"Sensible Fallecimiento - Colegio San Luis Rey\",\"isPartOf\":{\"@id\":\"https:\\\/\\\/www.sanluisrey.edu.co\\\/new\\\/#website\"},\"primaryImageOfPage\":{\"@id\":\"https:\\\/\\\/www.sanluisrey.edu.co\\\/new\\\/sensible-fallecimiento\\\/#primaryimage\"},\"image\":{\"@id\":\"https:\\\/\\\/www.sanluisrey.edu.co\\\/new\\\/sensible-fallecimiento\\\/#primaryimage\"},\"thumbnailUrl\":\"https:\\\/\\\/www.sanluisrey.edu.co\\\/new\\\/wp-content\\\/uploads\\\/2021\\\/03\\\/arturoRojas.jpeg\",\"datePublished\":\"2021-03-26T20:00:11+00:00\",\"dateModified\":\"2021-03-26T20:00:12+00:00\",\"author\":{\"@id\":\"https:\\\/\\\/www.sanluisrey.edu.co\\\/new\\\/#\\\/schema\\\/person\\\/95c521ab3dc11c1a9bacf54769a78394\"},\"breadcrumb\":{\"@id\":\"https:\\\/\\\/www.sanluisrey.edu.co\\\/new\\\/sensible-fallecimiento\\\/#breadcrumb\"},\"inLanguage\":\"es\",\"potentialAction\":[{\"@type\":\"ReadAction\",\"target\":[\"https:\\\/\\\/www.sanluisrey.edu.co\\\/new\\\/sensible-fallecimiento\\\/\"]}]},{\"@type\":\"ImageObject\",\"inLanguage\":\"es\",\"@id\":\"https:\\\/\\\/www.sanluisrey.edu.co\\\/new\\\/sensible-fallecimiento\\\/#primaryimage\",\"url\":\"https:\\\/\\\/www.sanluisrey.edu.co\\\/new\\\/wp-content\\\/uploads\\\/2021\\\/03\\\/arturoRojas.jpeg\",\"contentUrl\":\"https:\\\/\\\/www.sanluisrey.edu.co\\\/new\\\/wp-content\\\/uploads\\\/2021\\\/03\\\/arturoRojas.jpeg\",\"width\":1080,\"height\":1080},{\"@type\":\"BreadcrumbList\",\"@id\":\"https:\\\/\\\/www.sanluisrey.edu.co\\\/new\\\/sensible-fallecimiento\\\/#breadcrumb\",\"itemListElement\":[{\"@type\":\"ListItem\",\"position\":1,\"name\":\"Home\",\"item\":\"https:\\\/\\\/www.sanluisrey.edu.co\\\/new\\\/\"},{\"@type\":\"ListItem\",\"position\":2,\"name\":\"Sensible Fallecimiento\"}]},{\"@type\":\"WebSite\",\"@id\":\"https:\\\/\\\/www.sanluisrey.edu.co\\\/new\\\/#website\",\"url\":\"https:\\\/\\\/www.sanluisrey.edu.co\\\/new\\\/\",\"name\":\"Colegio San Luis Rey\",\"description\":\"Comunidad Franciscana Provincia de la Santa Fe\",\"potentialAction\":[{\"@type\":\"SearchAction\",\"target\":{\"@type\":\"EntryPoint\",\"urlTemplate\":\"https:\\\/\\\/www.sanluisrey.edu.co\\\/new\\\/?s={search_term_string}\"},\"query-input\":{\"@type\":\"PropertyValueSpecification\",\"valueRequired\":true,\"valueName\":\"search_term_string\"}}],\"inLanguage\":\"es\"},{\"@type\":\"Person\",\"@id\":\"https:\\\/\\\/www.sanluisrey.edu.co\\\/new\\\/#\\\/schema\\\/person\\\/95c521ab3dc11c1a9bacf54769a78394\",\"name\":\"Colegio Franciscano San Luis Rey\",\"image\":{\"@type\":\"ImageObject\",\"inLanguage\":\"es\",\"@id\":\"https:\\\/\\\/secure.gravatar.com\\\/avatar\\\/fe07d4fe7d07e705f3dcebbfb00bd721c65e9deca5b80342bbf641330ea86b26?s=96&d=mm&r=g\",\"url\":\"https:\\\/\\\/secure.gravatar.com\\\/avatar\\\/fe07d4fe7d07e705f3dcebbfb00bd721c65e9deca5b80342bbf641330ea86b26?s=96&d=mm&r=g\",\"contentUrl\":\"https:\\\/\\\/secure.gravatar.com\\\/avatar\\\/fe07d4fe7d07e705f3dcebbfb00bd721c65e9deca5b80342bbf641330ea86b26?s=96&d=mm&r=g\",\"caption\":\"Colegio Franciscano San Luis Rey\"},\"sameAs\":[\"https:\\\/\\\/www.sanluisrey.edu.co\",\"https:\\\/\\\/web.facebook.com\\\/sanluisreyarmenia\\\/?_rdc=1&_rdr\",\"https:\\\/\\\/www.instagram.com\\\/colegiofranciscanosanluisrey\\\/\",\"https:\\\/\\\/x.com\\\/https:\\\/\\\/twitter.com\\\/san_luis_rey\",\"https:\\\/\\\/www.youtube.com\\\/user\\\/colegiosanluisrey\\\/\"],\"url\":\"https:\\\/\\\/www.sanluisrey.edu.co\\\/new\\\/author\\\/adminrey\\\/\"}]}<\/script>\n<!-- \/ Yoast SEO plugin. -->","yoast_head_json":{"title":"Sensible Fallecimiento - Colegio San Luis Rey","robots":{"index":"index","follow":"follow","max-snippet":"max-snippet:-1","max-image-preview":"max-image-preview:large","max-video-preview":"max-video-preview:-1"},"canonical":"https:\/\/www.sanluisrey.edu.co\/new\/sensible-fallecimiento\/","og_locale":"es_ES","og_type":"article","og_title":"Sensible Fallecimiento - Colegio San Luis Rey","og_description":"Con gran pesar de hermano en la fe y amigo de la infancia, comunico a la Comunidad educativa de este colegio, sobre el fallecimiento de FRAY JOS\u00c9 ARTURO ROJAS MART\u00cdNEZ O.F.M. acontecido antier mi\u00e9rcoles a las 08:40 pm en la ciudad de Villavicencio donde prestaba actualmente su servicio. Fray Jos\u00e9 [&hellip;]","og_url":"https:\/\/www.sanluisrey.edu.co\/new\/sensible-fallecimiento\/","og_site_name":"Colegio San Luis Rey","article_author":"https:\/\/web.facebook.com\/sanluisreyarmenia\/?_rdc=1&_rdr","article_published_time":"2021-03-26T20:00:11+00:00","article_modified_time":"2021-03-26T20:00:12+00:00","og_image":[{"width":1080,"height":1080,"url":"https:\/\/www.sanluisrey.edu.co\/new\/wp-content\/uploads\/2021\/03\/arturoRojas.jpeg","type":"image\/jpeg"}],"author":"Colegio Franciscano San Luis Rey","twitter_card":"summary_large_image","twitter_creator":"@https:\/\/twitter.com\/san_luis_rey","twitter_misc":{"Escrito por":"Colegio Franciscano San Luis Rey","Tiempo de lectura":"1 minuto"},"schema":{"@context":"https:\/\/schema.org","@graph":[{"@type":"Article","@id":"https:\/\/www.sanluisrey.edu.co\/new\/sensible-fallecimiento\/#article","isPartOf":{"@id":"https:\/\/www.sanluisrey.edu.co\/new\/sensible-fallecimiento\/"},"author":{"name":"Colegio Franciscano San Luis Rey","@id":"https:\/\/www.sanluisrey.edu.co\/new\/#\/schema\/person\/95c521ab3dc11c1a9bacf54769a78394"},"headline":"Sensible Fallecimiento","datePublished":"2021-03-26T20:00:11+00:00","dateModified":"2021-03-26T20:00:12+00:00","mainEntityOfPage":{"@id":"https:\/\/www.sanluisrey.edu.co\/new\/sensible-fallecimiento\/"},"wordCount":222,"image":{"@id":"https:\/\/www.sanluisrey.edu.co\/new\/sensible-fallecimiento\/#primaryimage"},"thumbnailUrl":"https:\/\/www.sanluisrey.edu.co\/new\/wp-content\/uploads\/2021\/03\/arturoRojas.jpeg","articleSection":["Noticias"],"inLanguage":"es"},{"@type":"WebPage","@id":"https:\/\/www.sanluisrey.edu.co\/new\/sensible-fallecimiento\/","url":"https:\/\/www.sanluisrey.edu.co\/new\/sensible-fallecimiento\/","name":"Sensible Fallecimiento - Colegio San Luis Rey","isPartOf":{"@id":"https:\/\/www.sanluisrey.edu.co\/new\/#website"},"primaryImageOfPage":{"@id":"https:\/\/www.sanluisrey.edu.co\/new\/sensible-fallecimiento\/#primaryimage"},"image":{"@id":"https:\/\/www.sanluisrey.edu.co\/new\/sensible-fallecimiento\/#primaryimage"},"thumbnailUrl":"https:\/\/www.sanluisrey.edu.co\/new\/wp-content\/uploads\/2021\/03\/arturoRojas.jpeg","datePublished":"2021-03-26T20:00:11+00:00","dateModified":"2021-03-26T20:00:12+00:00","author":{"@id":"https:\/\/www.sanluisrey.edu.co\/new\/#\/schema\/person\/95c521ab3dc11c1a9bacf54769a78394"},"breadcrumb":{"@id":"https:\/\/www.sanluisrey.edu.co\/new\/sensible-fallecimiento\/#breadcrumb"},"inLanguage":"es","potentialAction":[{"@type":"ReadAction","target":["https:\/\/www.sanluisrey.edu.co\/new\/sensible-fallecimiento\/"]}]},{"@type":"ImageObject","inLanguage":"es","@id":"https:\/\/www.sanluisrey.edu.co\/new\/sensible-fallecimiento\/#primaryimage","url":"https:\/\/www.sanluisrey.edu.co\/new\/wp-content\/uploads\/2021\/03\/arturoRojas.jpeg","contentUrl":"https:\/\/www.sanluisrey.edu.co\/new\/wp-content\/uploads\/2021\/03\/arturoRojas.jpeg","width":1080,"height":1080},{"@type":"BreadcrumbList","@id":"https:\/\/www.sanluisrey.edu.co\/new\/sensible-fallecimiento\/#breadcrumb","itemListElement":[{"@type":"ListItem","position":1,"name":"Home","item":"https:\/\/www.sanluisrey.edu.co\/new\/"},{"@type":"ListItem","position":2,"name":"Sensible Fallecimiento"}]},{"@type":"WebSite","@id":"https:\/\/www.sanluisrey.edu.co\/new\/#website","url":"https:\/\/www.sanluisrey.edu.co\/new\/","name":"Colegio San Luis Rey","description":"Comunidad Franciscana Provincia de la Santa Fe","potentialAction":[{"@type":"SearchAction","target":{"@type":"EntryPoint","urlTemplate":"https:\/\/www.sanluisrey.edu.co\/new\/?s={search_term_string}"},"query-input":{"@type":"PropertyValueSpecification","valueRequired":true,"valueName":"search_term_string"}}],"inLanguage":"es"},{"@type":"Person","@id":"https:\/\/www.sanluisrey.edu.co\/new\/#\/schema\/person\/95c521ab3dc11c1a9bacf54769a78394","name":"Colegio Franciscano San Luis Rey","image":{"@type":"ImageObject","inLanguage":"es","@id":"https:\/\/secure.gravatar.com\/avatar\/fe07d4fe7d07e705f3dcebbfb00bd721c65e9deca5b80342bbf641330ea86b26?s=96&d=mm&r=g","url":"https:\/\/secure.gravatar.com\/avatar\/fe07d4fe7d07e705f3dcebbfb00bd721c65e9deca5b80342bbf641330ea86b26?s=96&d=mm&r=g","contentUrl":"https:\/\/secure.gravatar.com\/avatar\/fe07d4fe7d07e705f3dcebbfb00bd721c65e9deca5b80342bbf641330ea86b26?s=96&d=mm&r=g","caption":"Colegio Franciscano San Luis Rey"},"sameAs":["https:\/\/www.sanluisrey.edu.co","https:\/\/web.facebook.com\/sanluisreyarmenia\/?_rdc=1&_rdr","https:\/\/www.instagram.com\/colegiofranciscanosanluisrey\/","https:\/\/x.com\/https:\/\/twitter.com\/san_luis_rey","https:\/\/www.youtube.com\/user\/colegiosanluisrey\/"],"url":"https:\/\/www.sanluisrey.edu.co\/new\/author\/adminrey\/"}]}},"jetpack_featured_media_url":"https:\/\/www.sanluisrey.edu.co\/new\/wp-content\/uploads\/2021\/03\/arturoRojas.jpeg","jetpack_sharing_enabled":true,"_links":{"self":[{"href":"https:\/\/www.sanluisrey.edu.co\/new\/wp-json\/wp\/v2\/posts\/6589","targetHints":{"allow":["GET"]}}],"collection":[{"href":"https:\/\/www.sanluisrey.edu.co\/new\/wp-json\/wp\/v2\/posts"}],"about":[{"href":"https:\/\/www.sanluisrey.edu.co\/new\/wp-json\/wp\/v2\/types\/post"}],"author":[{"embeddable":true,"href":"https:\/\/www.sanluisrey.edu.co\/new\/wp-json\/wp\/v2\/users\/1"}],"replies":[{"embeddable":true,"href":"https:\/\/www.sanluisrey.edu.co\/new\/wp-json\/wp\/v2\/comments?post=6589"}],"version-history":[{"count":2,"href":"https:\/\/www.sanluisrey.edu.co\/new\/wp-json\/wp\/v2\/posts\/6589\/revisions"}],"predecessor-version":[{"id":6591,"href":"https:\/\/www.sanluisrey.edu.co\/new\/wp-json\/wp\/v2\/posts\/6589\/revisions\/6591"}],"wp:featuredmedia":[{"embeddable":true,"href":"https:\/\/www.sanluisrey.edu.co\/new\/wp-json\/wp\/v2\/media\/6560"}],"wp:attachment":[{"href":"https:\/\/www.sanluisrey.edu.co\/new\/wp-json\/wp\/v2\/media?parent=6589"}],"wp:term":[{"taxonomy":"category","embeddable":true,"href":"https:\/\/www.sanluisrey.edu.co\/new\/wp-json\/wp\/v2\/categories?post=6589"},{"taxonomy":"post_tag","embeddable":true,"href":"https:\/\/www.sanluisrey.edu.co\/new\/wp-json\/wp\/v2\/tags?post=6589"}],"curies":[{"name":"wp","href":"https:\/\/api.w.org\/{rel}","templated":true}]}}