{"id":6654,"date":"2021-04-09T12:38:43","date_gmt":"2021-04-09T17:38:43","guid":{"rendered":"https:\/\/www.sanluisrey.edu.co\/new\/?p=6654"},"modified":"2021-04-09T12:44:49","modified_gmt":"2021-04-09T17:44:49","slug":"comunicado-de-rectoria-presencialidad-alternancia","status":"publish","type":"post","link":"https:\/\/www.sanluisrey.edu.co\/new\/comunicado-de-rectoria-presencialidad-alternancia\/","title":{"rendered":"Comunicado de Rector\u00eda Presencialidad &#8211; Alternancia"},"content":{"rendered":"\n<p>&nbsp;Armenia, jueves 08 de abril de 2021.<\/p>\n\n\n\n<p><strong>CONSEJO DE PADRES. <\/strong>Colegio Franciscano San Luis Rey Armenia.<\/p>\n\n\n\n<p>Reciba mi fraterno saludo de hermano menor Franciscano PAZ y BIEN. Doy respuesta a su solicitud consignada en la<span class=\"has-inline-color has-header-gradient-color\"><strong><a href=\"https:\/\/sanluisrey.edu.co\/Web2021\/Circulares2021\/1-CartaConsejoPadresAlternancia.pdf\" target=\"_blank\" rel=\"noreferrer noopener nofollow\"> <\/a><\/strong><\/span><strong><span class=\"has-inline-color has-header-gradient-color\"><a href=\"https:\/\/sanluisrey.edu.co\/Web2021\/Circulares2021\/1-CartaConsejoPadresAlternancia.pdf\" target=\"_blank\" rel=\"noreferrer noopener nofollow\">carta de fecha abril 08 de 2021 (Click para ver la carta)<\/a><\/span><\/strong><\/p>\n\n\n\n<p>Luego de observar los resultados del<strong> <a href=\"https:\/\/sanluisrey.edu.co\/Web2021\/Circulares2021\/2-SondeoRealizadoConsejodePadres.pdf\" target=\"_blank\" rel=\"noreferrer noopener\">sondeo realizado por ustedes a los padres de familia<\/a><\/strong><a href=\"https:\/\/sanluisrey.edu.co\/Web2021\/Circulares2021\/2-SondeoRealizadoConsejodePadres.pdf\" target=\"_blank\" rel=\"noreferrer noopener\"> (<strong>Click para ver el sondeo)<\/strong> ,<\/a> grupo por grupo y a partir de la reuni\u00f3n realizada con los coordinadores del colegio para dialogar sobre esta solicitud, me permito informarles oficialmente la decisi\u00f3n por parte de la direcci\u00f3n del colegio, as\u00ed:<\/p>\n\n\n\n<p>&nbsp;<strong>DECISI\u00d3N:<\/strong><\/p>\n\n\n\n<p>La decisi\u00f3n aqu\u00ed consignada es para los estudiantes que han optado para este segundo periodo acad\u00e9mico por la <strong>PRESENCIALIDAD PLENA <\/strong>(COORDINACI\u00d3N #1: preescolar, 1\u00b0 y 2\u00b0 de primaria), y por la <strong>ALTERNANCIA <\/strong>(COORDINACI\u00d3N #2: 3\u00b0 a 5\u00b0 de primaria; COORDINACI\u00d3N #3: 6\u00b0 a 8\u00b0 grado y COORDINACI\u00d3N #4: 9\u00b0 a 11\u00b0 grado).<\/p>\n\n\n\n<p>No son destinatarios de esta decisi\u00f3n los estudiantes que contin\u00faan en la virtualidad plena para este segundo periodo acad\u00e9mico.<\/p>\n\n\n\n<p><strong>1. COORDINACI\u00d3N #1 (Preescolar, 1\u00b0 y 2\u00b0 de primaria): <\/strong>reingresar\u00e1n de forma presencial plena a partir del d\u00eda <strong>LUNES 12 DE ABRIL DE 2021<\/strong>, en horario habitual. <strong>NOTA: <\/strong>Los estudiantes de los grupos <strong>1A, 2A y 2B <\/strong>de primaria, cuyo sondeo opto por regresar presencialmente el d\u00eda <strong>LUNES 19 DE ABRIL DE 2021<\/strong>, tendr\u00e1n la opci\u00f3n de: asistir al colegio a partir del lunes <strong>12 DE ABRIL DE 2021 <\/strong>o quedarse en su casa asistiendo a clases virtualmente. Los padres de familia de estos tres grupos deber\u00e1n notificar su opci\u00f3n a la respectiva directora de grupo, hasta el <strong>VIERNES 09 DE ABRIL DE 2021 A LAS 4:00 PM.<\/strong><\/p>\n\n\n\n<p><strong>2. COORDINACI\u00d3N #2, #3 y #4: <\/strong>Reingresar\u00e1n presencialmente de acuerdo a la programaci\u00f3n de alternancia para cada estudiante, el d\u00eda <strong>LUNES 19 DE ABRIL DE 2021 <\/strong>en horario habitual.<\/p>\n\n\n\n<p>En la semana comprendida entre el lunes 12 de abril de 2021 y el viernes 16 de abril de 2021, todos los estudiantes de estas tres coordinaciones tendr\u00e1n sus clases virtuales, en horario habitual, desde sus casas.<\/p>\n\n\n\n<p>Agradeciendo al Consejo de Padres su preocupaci\u00f3n e inter\u00e9s de velar por la salud de sus hijos, hijas, maestros y familias,<\/p>\n\n\n\n<p>Fraternalmente,<\/p>\n\n\n\n<p><strong>Fray Hern\u00e1n El\u00edas Pe\u00f1a Quijano, O.F.M RECTOR<\/strong><\/p>\n","protected":false},"excerpt":{"rendered":"<p>&nbsp;Armenia, jueves 08 de abril de 2021. CONSEJO DE PADRES. Colegio Franciscano San Luis Rey Armenia. Reciba mi fraterno saludo de hermano menor Franciscano PAZ y BIEN. Doy respuesta a su solicitud consignada en la carta de fecha abril 08 de 2021 (Click para ver la carta) Luego de observar [&hellip;]<\/p>\n","protected":false},"author":1,"featured_media":6653,"comment_status":"closed","ping_status":"closed","sticky":false,"template":"","format":"standard","meta":{"_monsterinsights_skip_tracking":false,"_monsterinsights_sitenote_active":false,"_monsterinsights_sitenote_note":"","_monsterinsights_sitenote_category":0,"two_page_speed":[],"_jetpack_memberships_contains_paid_content":false,"footnotes":""},"categories":[9,7],"tags":[],"class_list":["post-6654","post","type-post","status-publish","format-standard","has-post-thumbnail","hentry","category-circulares","category-noticias"],"yoast_head":"<!-- This site is optimized with the Yoast SEO plugin v27.4 - https:\/\/yoast.com\/product\/yoast-seo-wordpress\/ -->\n<title>Comunicado de Rector\u00eda Presencialidad - Alternancia - Colegio San Luis Rey<\/title>\n<meta name=\"robots\" content=\"index, follow, max-snippet:-1, max-image-preview:large, max-video-preview:-1\" \/>\n<link rel=\"canonical\" href=\"https:\/\/www.sanluisrey.edu.co\/new\/comunicado-de-rectoria-presencialidad-alternancia\/\" \/>\n<meta property=\"og:locale\" content=\"es_ES\" \/>\n<meta property=\"og:type\" content=\"article\" \/>\n<meta property=\"og:title\" content=\"Comunicado de Rector\u00eda Presencialidad - Alternancia - Colegio San Luis Rey\" \/>\n<meta property=\"og:description\" content=\"&nbsp;Armenia, jueves 08 de abril de 2021. CONSEJO DE PADRES. Colegio Franciscano San Luis Rey Armenia. Reciba mi fraterno saludo de hermano menor Franciscano PAZ y BIEN. Doy respuesta a su solicitud consignada en la carta de fecha abril 08 de 2021 (Click para ver la carta) Luego de observar [&hellip;]\" \/>\n<meta property=\"og:url\" content=\"https:\/\/www.sanluisrey.edu.co\/new\/comunicado-de-rectoria-presencialidad-alternancia\/\" \/>\n<meta property=\"og:site_name\" content=\"Colegio San Luis Rey\" \/>\n<meta property=\"article:author\" content=\"https:\/\/web.facebook.com\/sanluisreyarmenia\/?_rdc=1&amp;_rdr\" \/>\n<meta property=\"article:published_time\" content=\"2021-04-09T17:38:43+00:00\" \/>\n<meta property=\"article:modified_time\" content=\"2021-04-09T17:44:49+00:00\" \/>\n<meta property=\"og:image\" content=\"https:\/\/www.sanluisrey.edu.co\/new\/wp-content\/uploads\/2021\/04\/ComunicadoPresencialidad-Alternancia.png\" \/>\n\t<meta property=\"og:image:width\" content=\"1900\" \/>\n\t<meta property=\"og:image:height\" content=\"500\" \/>\n\t<meta property=\"og:image:type\" content=\"image\/png\" \/>\n<meta name=\"author\" content=\"Colegio Franciscano San Luis Rey\" \/>\n<meta name=\"twitter:card\" content=\"summary_large_image\" \/>\n<meta name=\"twitter:creator\" content=\"@https:\/\/twitter.com\/san_luis_rey\" \/>\n<meta name=\"twitter:label1\" content=\"Escrito por\" \/>\n\t<meta name=\"twitter:data1\" content=\"Colegio Franciscano San Luis Rey\" \/>\n\t<meta name=\"twitter:label2\" content=\"Tiempo de lectura\" \/>\n\t<meta name=\"twitter:data2\" content=\"2 minutos\" \/>\n<script type=\"application\/ld+json\" class=\"yoast-schema-graph\">{\"@context\":\"https:\\\/\\\/schema.org\",\"@graph\":[{\"@type\":\"Article\",\"@id\":\"https:\\\/\\\/www.sanluisrey.edu.co\\\/new\\\/comunicado-de-rectoria-presencialidad-alternancia\\\/#article\",\"isPartOf\":{\"@id\":\"https:\\\/\\\/www.sanluisrey.edu.co\\\/new\\\/comunicado-de-rectoria-presencialidad-alternancia\\\/\"},\"author\":{\"name\":\"Colegio Franciscano San Luis Rey\",\"@id\":\"https:\\\/\\\/www.sanluisrey.edu.co\\\/new\\\/#\\\/schema\\\/person\\\/95c521ab3dc11c1a9bacf54769a78394\"},\"headline\":\"Comunicado de Rector\u00eda Presencialidad &#8211; Alternancia\",\"datePublished\":\"2021-04-09T17:38:43+00:00\",\"dateModified\":\"2021-04-09T17:44:49+00:00\",\"mainEntityOfPage\":{\"@id\":\"https:\\\/\\\/www.sanluisrey.edu.co\\\/new\\\/comunicado-de-rectoria-presencialidad-alternancia\\\/\"},\"wordCount\":379,\"image\":{\"@id\":\"https:\\\/\\\/www.sanluisrey.edu.co\\\/new\\\/comunicado-de-rectoria-presencialidad-alternancia\\\/#primaryimage\"},\"thumbnailUrl\":\"https:\\\/\\\/www.sanluisrey.edu.co\\\/new\\\/wp-content\\\/uploads\\\/2021\\\/04\\\/ComunicadoPresencialidad-Alternancia.png\",\"articleSection\":[\"Circulares\",\"Noticias\"],\"inLanguage\":\"es\"},{\"@type\":\"WebPage\",\"@id\":\"https:\\\/\\\/www.sanluisrey.edu.co\\\/new\\\/comunicado-de-rectoria-presencialidad-alternancia\\\/\",\"url\":\"https:\\\/\\\/www.sanluisrey.edu.co\\\/new\\\/comunicado-de-rectoria-presencialidad-alternancia\\\/\",\"name\":\"Comunicado de Rector\u00eda Presencialidad - Alternancia - Colegio San Luis Rey\",\"isPartOf\":{\"@id\":\"https:\\\/\\\/www.sanluisrey.edu.co\\\/new\\\/#website\"},\"primaryImageOfPage\":{\"@id\":\"https:\\\/\\\/www.sanluisrey.edu.co\\\/new\\\/comunicado-de-rectoria-presencialidad-alternancia\\\/#primaryimage\"},\"image\":{\"@id\":\"https:\\\/\\\/www.sanluisrey.edu.co\\\/new\\\/comunicado-de-rectoria-presencialidad-alternancia\\\/#primaryimage\"},\"thumbnailUrl\":\"https:\\\/\\\/www.sanluisrey.edu.co\\\/new\\\/wp-content\\\/uploads\\\/2021\\\/04\\\/ComunicadoPresencialidad-Alternancia.png\",\"datePublished\":\"2021-04-09T17:38:43+00:00\",\"dateModified\":\"2021-04-09T17:44:49+00:00\",\"author\":{\"@id\":\"https:\\\/\\\/www.sanluisrey.edu.co\\\/new\\\/#\\\/schema\\\/person\\\/95c521ab3dc11c1a9bacf54769a78394\"},\"breadcrumb\":{\"@id\":\"https:\\\/\\\/www.sanluisrey.edu.co\\\/new\\\/comunicado-de-rectoria-presencialidad-alternancia\\\/#breadcrumb\"},\"inLanguage\":\"es\",\"potentialAction\":[{\"@type\":\"ReadAction\",\"target\":[\"https:\\\/\\\/www.sanluisrey.edu.co\\\/new\\\/comunicado-de-rectoria-presencialidad-alternancia\\\/\"]}]},{\"@type\":\"ImageObject\",\"inLanguage\":\"es\",\"@id\":\"https:\\\/\\\/www.sanluisrey.edu.co\\\/new\\\/comunicado-de-rectoria-presencialidad-alternancia\\\/#primaryimage\",\"url\":\"https:\\\/\\\/www.sanluisrey.edu.co\\\/new\\\/wp-content\\\/uploads\\\/2021\\\/04\\\/ComunicadoPresencialidad-Alternancia.png\",\"contentUrl\":\"https:\\\/\\\/www.sanluisrey.edu.co\\\/new\\\/wp-content\\\/uploads\\\/2021\\\/04\\\/ComunicadoPresencialidad-Alternancia.png\",\"width\":1900,\"height\":500},{\"@type\":\"BreadcrumbList\",\"@id\":\"https:\\\/\\\/www.sanluisrey.edu.co\\\/new\\\/comunicado-de-rectoria-presencialidad-alternancia\\\/#breadcrumb\",\"itemListElement\":[{\"@type\":\"ListItem\",\"position\":1,\"name\":\"Home\",\"item\":\"https:\\\/\\\/www.sanluisrey.edu.co\\\/new\\\/\"},{\"@type\":\"ListItem\",\"position\":2,\"name\":\"Comunicado de Rector\u00eda Presencialidad &#8211; Alternancia\"}]},{\"@type\":\"WebSite\",\"@id\":\"https:\\\/\\\/www.sanluisrey.edu.co\\\/new\\\/#website\",\"url\":\"https:\\\/\\\/www.sanluisrey.edu.co\\\/new\\\/\",\"name\":\"Colegio San Luis Rey\",\"description\":\"Comunidad Franciscana Provincia de la Santa Fe\",\"potentialAction\":[{\"@type\":\"SearchAction\",\"target\":{\"@type\":\"EntryPoint\",\"urlTemplate\":\"https:\\\/\\\/www.sanluisrey.edu.co\\\/new\\\/?s={search_term_string}\"},\"query-input\":{\"@type\":\"PropertyValueSpecification\",\"valueRequired\":true,\"valueName\":\"search_term_string\"}}],\"inLanguage\":\"es\"},{\"@type\":\"Person\",\"@id\":\"https:\\\/\\\/www.sanluisrey.edu.co\\\/new\\\/#\\\/schema\\\/person\\\/95c521ab3dc11c1a9bacf54769a78394\",\"name\":\"Colegio Franciscano San Luis Rey\",\"image\":{\"@type\":\"ImageObject\",\"inLanguage\":\"es\",\"@id\":\"https:\\\/\\\/secure.gravatar.com\\\/avatar\\\/fe07d4fe7d07e705f3dcebbfb00bd721c65e9deca5b80342bbf641330ea86b26?s=96&d=mm&r=g\",\"url\":\"https:\\\/\\\/secure.gravatar.com\\\/avatar\\\/fe07d4fe7d07e705f3dcebbfb00bd721c65e9deca5b80342bbf641330ea86b26?s=96&d=mm&r=g\",\"contentUrl\":\"https:\\\/\\\/secure.gravatar.com\\\/avatar\\\/fe07d4fe7d07e705f3dcebbfb00bd721c65e9deca5b80342bbf641330ea86b26?s=96&d=mm&r=g\",\"caption\":\"Colegio Franciscano San Luis Rey\"},\"sameAs\":[\"https:\\\/\\\/www.sanluisrey.edu.co\",\"https:\\\/\\\/web.facebook.com\\\/sanluisreyarmenia\\\/?_rdc=1&_rdr\",\"https:\\\/\\\/www.instagram.com\\\/colegiofranciscanosanluisrey\\\/\",\"https:\\\/\\\/x.com\\\/https:\\\/\\\/twitter.com\\\/san_luis_rey\",\"https:\\\/\\\/www.youtube.com\\\/user\\\/colegiosanluisrey\\\/\"],\"url\":\"https:\\\/\\\/www.sanluisrey.edu.co\\\/new\\\/author\\\/adminrey\\\/\"}]}<\/script>\n<!-- \/ Yoast SEO plugin. -->","yoast_head_json":{"title":"Comunicado de Rector\u00eda Presencialidad - Alternancia - Colegio San Luis Rey","robots":{"index":"index","follow":"follow","max-snippet":"max-snippet:-1","max-image-preview":"max-image-preview:large","max-video-preview":"max-video-preview:-1"},"canonical":"https:\/\/www.sanluisrey.edu.co\/new\/comunicado-de-rectoria-presencialidad-alternancia\/","og_locale":"es_ES","og_type":"article","og_title":"Comunicado de Rector\u00eda Presencialidad - Alternancia - Colegio San Luis Rey","og_description":"&nbsp;Armenia, jueves 08 de abril de 2021. CONSEJO DE PADRES. Colegio Franciscano San Luis Rey Armenia. Reciba mi fraterno saludo de hermano menor Franciscano PAZ y BIEN. Doy respuesta a su solicitud consignada en la carta de fecha abril 08 de 2021 (Click para ver la carta) Luego de observar [&hellip;]","og_url":"https:\/\/www.sanluisrey.edu.co\/new\/comunicado-de-rectoria-presencialidad-alternancia\/","og_site_name":"Colegio San Luis Rey","article_author":"https:\/\/web.facebook.com\/sanluisreyarmenia\/?_rdc=1&_rdr","article_published_time":"2021-04-09T17:38:43+00:00","article_modified_time":"2021-04-09T17:44:49+00:00","og_image":[{"width":1900,"height":500,"url":"https:\/\/www.sanluisrey.edu.co\/new\/wp-content\/uploads\/2021\/04\/ComunicadoPresencialidad-Alternancia.png","type":"image\/png"}],"author":"Colegio Franciscano San Luis Rey","twitter_card":"summary_large_image","twitter_creator":"@https:\/\/twitter.com\/san_luis_rey","twitter_misc":{"Escrito por":"Colegio Franciscano San Luis Rey","Tiempo de lectura":"2 minutos"},"schema":{"@context":"https:\/\/schema.org","@graph":[{"@type":"Article","@id":"https:\/\/www.sanluisrey.edu.co\/new\/comunicado-de-rectoria-presencialidad-alternancia\/#article","isPartOf":{"@id":"https:\/\/www.sanluisrey.edu.co\/new\/comunicado-de-rectoria-presencialidad-alternancia\/"},"author":{"name":"Colegio Franciscano San Luis Rey","@id":"https:\/\/www.sanluisrey.edu.co\/new\/#\/schema\/person\/95c521ab3dc11c1a9bacf54769a78394"},"headline":"Comunicado de Rector\u00eda Presencialidad &#8211; Alternancia","datePublished":"2021-04-09T17:38:43+00:00","dateModified":"2021-04-09T17:44:49+00:00","mainEntityOfPage":{"@id":"https:\/\/www.sanluisrey.edu.co\/new\/comunicado-de-rectoria-presencialidad-alternancia\/"},"wordCount":379,"image":{"@id":"https:\/\/www.sanluisrey.edu.co\/new\/comunicado-de-rectoria-presencialidad-alternancia\/#primaryimage"},"thumbnailUrl":"https:\/\/www.sanluisrey.edu.co\/new\/wp-content\/uploads\/2021\/04\/ComunicadoPresencialidad-Alternancia.png","articleSection":["Circulares","Noticias"],"inLanguage":"es"},{"@type":"WebPage","@id":"https:\/\/www.sanluisrey.edu.co\/new\/comunicado-de-rectoria-presencialidad-alternancia\/","url":"https:\/\/www.sanluisrey.edu.co\/new\/comunicado-de-rectoria-presencialidad-alternancia\/","name":"Comunicado de Rector\u00eda Presencialidad - Alternancia - Colegio San Luis Rey","isPartOf":{"@id":"https:\/\/www.sanluisrey.edu.co\/new\/#website"},"primaryImageOfPage":{"@id":"https:\/\/www.sanluisrey.edu.co\/new\/comunicado-de-rectoria-presencialidad-alternancia\/#primaryimage"},"image":{"@id":"https:\/\/www.sanluisrey.edu.co\/new\/comunicado-de-rectoria-presencialidad-alternancia\/#primaryimage"},"thumbnailUrl":"https:\/\/www.sanluisrey.edu.co\/new\/wp-content\/uploads\/2021\/04\/ComunicadoPresencialidad-Alternancia.png","datePublished":"2021-04-09T17:38:43+00:00","dateModified":"2021-04-09T17:44:49+00:00","author":{"@id":"https:\/\/www.sanluisrey.edu.co\/new\/#\/schema\/person\/95c521ab3dc11c1a9bacf54769a78394"},"breadcrumb":{"@id":"https:\/\/www.sanluisrey.edu.co\/new\/comunicado-de-rectoria-presencialidad-alternancia\/#breadcrumb"},"inLanguage":"es","potentialAction":[{"@type":"ReadAction","target":["https:\/\/www.sanluisrey.edu.co\/new\/comunicado-de-rectoria-presencialidad-alternancia\/"]}]},{"@type":"ImageObject","inLanguage":"es","@id":"https:\/\/www.sanluisrey.edu.co\/new\/comunicado-de-rectoria-presencialidad-alternancia\/#primaryimage","url":"https:\/\/www.sanluisrey.edu.co\/new\/wp-content\/uploads\/2021\/04\/ComunicadoPresencialidad-Alternancia.png","contentUrl":"https:\/\/www.sanluisrey.edu.co\/new\/wp-content\/uploads\/2021\/04\/ComunicadoPresencialidad-Alternancia.png","width":1900,"height":500},{"@type":"BreadcrumbList","@id":"https:\/\/www.sanluisrey.edu.co\/new\/comunicado-de-rectoria-presencialidad-alternancia\/#breadcrumb","itemListElement":[{"@type":"ListItem","position":1,"name":"Home","item":"https:\/\/www.sanluisrey.edu.co\/new\/"},{"@type":"ListItem","position":2,"name":"Comunicado de Rector\u00eda Presencialidad &#8211; Alternancia"}]},{"@type":"WebSite","@id":"https:\/\/www.sanluisrey.edu.co\/new\/#website","url":"https:\/\/www.sanluisrey.edu.co\/new\/","name":"Colegio San Luis Rey","description":"Comunidad Franciscana Provincia de la Santa Fe","potentialAction":[{"@type":"SearchAction","target":{"@type":"EntryPoint","urlTemplate":"https:\/\/www.sanluisrey.edu.co\/new\/?s={search_term_string}"},"query-input":{"@type":"PropertyValueSpecification","valueRequired":true,"valueName":"search_term_string"}}],"inLanguage":"es"},{"@type":"Person","@id":"https:\/\/www.sanluisrey.edu.co\/new\/#\/schema\/person\/95c521ab3dc11c1a9bacf54769a78394","name":"Colegio Franciscano San Luis Rey","image":{"@type":"ImageObject","inLanguage":"es","@id":"https:\/\/secure.gravatar.com\/avatar\/fe07d4fe7d07e705f3dcebbfb00bd721c65e9deca5b80342bbf641330ea86b26?s=96&d=mm&r=g","url":"https:\/\/secure.gravatar.com\/avatar\/fe07d4fe7d07e705f3dcebbfb00bd721c65e9deca5b80342bbf641330ea86b26?s=96&d=mm&r=g","contentUrl":"https:\/\/secure.gravatar.com\/avatar\/fe07d4fe7d07e705f3dcebbfb00bd721c65e9deca5b80342bbf641330ea86b26?s=96&d=mm&r=g","caption":"Colegio Franciscano San Luis Rey"},"sameAs":["https:\/\/www.sanluisrey.edu.co","https:\/\/web.facebook.com\/sanluisreyarmenia\/?_rdc=1&_rdr","https:\/\/www.instagram.com\/colegiofranciscanosanluisrey\/","https:\/\/x.com\/https:\/\/twitter.com\/san_luis_rey","https:\/\/www.youtube.com\/user\/colegiosanluisrey\/"],"url":"https:\/\/www.sanluisrey.edu.co\/new\/author\/adminrey\/"}]}},"jetpack_featured_media_url":"https:\/\/www.sanluisrey.edu.co\/new\/wp-content\/uploads\/2021\/04\/ComunicadoPresencialidad-Alternancia.png","jetpack_sharing_enabled":true,"_links":{"self":[{"href":"https:\/\/www.sanluisrey.edu.co\/new\/wp-json\/wp\/v2\/posts\/6654","targetHints":{"allow":["GET"]}}],"collection":[{"href":"https:\/\/www.sanluisrey.edu.co\/new\/wp-json\/wp\/v2\/posts"}],"about":[{"href":"https:\/\/www.sanluisrey.edu.co\/new\/wp-json\/wp\/v2\/types\/post"}],"author":[{"embeddable":true,"href":"https:\/\/www.sanluisrey.edu.co\/new\/wp-json\/wp\/v2\/users\/1"}],"replies":[{"embeddable":true,"href":"https:\/\/www.sanluisrey.edu.co\/new\/wp-json\/wp\/v2\/comments?post=6654"}],"version-history":[{"count":6,"href":"https:\/\/www.sanluisrey.edu.co\/new\/wp-json\/wp\/v2\/posts\/6654\/revisions"}],"predecessor-version":[{"id":6663,"href":"https:\/\/www.sanluisrey.edu.co\/new\/wp-json\/wp\/v2\/posts\/6654\/revisions\/6663"}],"wp:featuredmedia":[{"embeddable":true,"href":"https:\/\/www.sanluisrey.edu.co\/new\/wp-json\/wp\/v2\/media\/6653"}],"wp:attachment":[{"href":"https:\/\/www.sanluisrey.edu.co\/new\/wp-json\/wp\/v2\/media?parent=6654"}],"wp:term":[{"taxonomy":"category","embeddable":true,"href":"https:\/\/www.sanluisrey.edu.co\/new\/wp-json\/wp\/v2\/categories?post=6654"},{"taxonomy":"post_tag","embeddable":true,"href":"https:\/\/www.sanluisrey.edu.co\/new\/wp-json\/wp\/v2\/tags?post=6654"}],"curies":[{"name":"wp","href":"https:\/\/api.w.org\/{rel}","templated":true}]}}