{"id":6731,"date":"2021-04-26T12:18:07","date_gmt":"2021-04-26T17:18:07","guid":{"rendered":"https:\/\/www.sanluisrey.edu.co\/new\/?p=6731"},"modified":"2021-04-26T12:18:08","modified_gmt":"2021-04-26T17:18:08","slug":"celebracion-del-dia-del-idioma-2","status":"publish","type":"post","link":"https:\/\/www.sanluisrey.edu.co\/new\/celebracion-del-dia-del-idioma-2\/","title":{"rendered":"Celebraci\u00f3n del D\u00eda del Idioma"},"content":{"rendered":"\n<p>De acuerdo a lo establecido en el &nbsp;cronograma de actividades, el d\u00eda viernes 23 de abril se llev\u00f3 a cabo la&nbsp;<strong>IZADA DE BANDERA<\/strong>&nbsp;a cargo de las \u00e1reas de Lengua Castellana y tecnolog\u00eda y con ello conmemorar el d\u00eda del Idioma.<\/p>\n\n\n\n<p>Este acto se realiz\u00f3 en el coliseo del colegio con la presencia de los estudiantes que por diferentes motivos se hicieron acreedores a la izar la bandera, adem\u00e1s se cont\u00f3 con la presencia &nbsp;de las directivas del colegio.<\/p>\n\n\n\n<p>Para dar cumplimiento a los protocolos de Bioseguridad que establecen los ministerios de Salud y de Educaci\u00f3n Nacional, no se cont\u00f3 con la presencia del resto de la comunidad educativa y para hacer part\u00edcipe a los dem\u00e1s &nbsp;estudiantes y padres de familia,&nbsp;<strong>el video de este acto lo encuentran en el siguiente enlace:&nbsp;<a href=\"https:\/\/youtu.be\/aO36ULdpg4U\" target=\"_blank\" rel=\"noreferrer noopener\">https:\/\/youtu.be\/aO36ULdpg4U<\/a><\/strong><\/p>\n","protected":false},"excerpt":{"rendered":"<p>De acuerdo a lo establecido en el &nbsp;cronograma de actividades, el d\u00eda viernes 23 de abril se llev\u00f3 a cabo la&nbsp;IZADA DE BANDERA&nbsp;a cargo de las \u00e1reas de Lengua Castellana y tecnolog\u00eda y con ello conmemorar el d\u00eda del Idioma. Este acto se realiz\u00f3 en el coliseo del colegio con [&hellip;]<\/p>\n","protected":false},"author":1,"featured_media":6732,"comment_status":"closed","ping_status":"closed","sticky":false,"template":"","format":"standard","meta":{"_monsterinsights_skip_tracking":false,"_monsterinsights_sitenote_active":false,"_monsterinsights_sitenote_note":"","_monsterinsights_sitenote_category":0,"two_page_speed":[],"_jetpack_memberships_contains_paid_content":false,"footnotes":""},"categories":[1],"tags":[],"class_list":["post-6731","post","type-post","status-publish","format-standard","has-post-thumbnail","hentry","category-sin-categoria"],"yoast_head":"<!-- This site is optimized with the Yoast SEO plugin v27.4 - https:\/\/yoast.com\/product\/yoast-seo-wordpress\/ -->\n<title>Celebraci\u00f3n del D\u00eda del Idioma - Colegio San Luis Rey<\/title>\n<meta name=\"robots\" content=\"index, follow, max-snippet:-1, max-image-preview:large, max-video-preview:-1\" \/>\n<link rel=\"canonical\" href=\"https:\/\/www.sanluisrey.edu.co\/new\/celebracion-del-dia-del-idioma-2\/\" \/>\n<meta property=\"og:locale\" content=\"es_ES\" \/>\n<meta property=\"og:type\" content=\"article\" \/>\n<meta property=\"og:title\" content=\"Celebraci\u00f3n del D\u00eda del Idioma - Colegio San Luis Rey\" \/>\n<meta property=\"og:description\" content=\"De acuerdo a lo establecido en el &nbsp;cronograma de actividades, el d\u00eda viernes 23 de abril se llev\u00f3 a cabo la&nbsp;IZADA DE BANDERA&nbsp;a cargo de las \u00e1reas de Lengua Castellana y tecnolog\u00eda y con ello conmemorar el d\u00eda del Idioma. Este acto se realiz\u00f3 en el coliseo del colegio con [&hellip;]\" \/>\n<meta property=\"og:url\" content=\"https:\/\/www.sanluisrey.edu.co\/new\/celebracion-del-dia-del-idioma-2\/\" \/>\n<meta property=\"og:site_name\" content=\"Colegio San Luis Rey\" \/>\n<meta property=\"article:author\" content=\"https:\/\/web.facebook.com\/sanluisreyarmenia\/?_rdc=1&amp;_rdr\" \/>\n<meta property=\"article:published_time\" content=\"2021-04-26T17:18:07+00:00\" \/>\n<meta property=\"article:modified_time\" content=\"2021-04-26T17:18:08+00:00\" \/>\n<meta property=\"og:image\" content=\"https:\/\/www.sanluisrey.edu.co\/new\/wp-content\/uploads\/2021\/04\/01-IB.jpg\" \/>\n\t<meta property=\"og:image:width\" content=\"808\" \/>\n\t<meta property=\"og:image:height\" content=\"537\" \/>\n\t<meta property=\"og:image:type\" content=\"image\/jpeg\" \/>\n<meta name=\"author\" content=\"Colegio Franciscano San Luis Rey\" \/>\n<meta name=\"twitter:card\" content=\"summary_large_image\" \/>\n<meta name=\"twitter:creator\" content=\"@https:\/\/twitter.com\/san_luis_rey\" \/>\n<meta name=\"twitter:label1\" content=\"Escrito por\" \/>\n\t<meta name=\"twitter:data1\" content=\"Colegio Franciscano San Luis Rey\" \/>\n\t<meta name=\"twitter:label2\" content=\"Tiempo de lectura\" \/>\n\t<meta name=\"twitter:data2\" content=\"1 minuto\" \/>\n<script type=\"application\/ld+json\" class=\"yoast-schema-graph\">{\"@context\":\"https:\\\/\\\/schema.org\",\"@graph\":[{\"@type\":\"Article\",\"@id\":\"https:\\\/\\\/www.sanluisrey.edu.co\\\/new\\\/celebracion-del-dia-del-idioma-2\\\/#article\",\"isPartOf\":{\"@id\":\"https:\\\/\\\/www.sanluisrey.edu.co\\\/new\\\/celebracion-del-dia-del-idioma-2\\\/\"},\"author\":{\"name\":\"Colegio Franciscano San Luis Rey\",\"@id\":\"https:\\\/\\\/www.sanluisrey.edu.co\\\/new\\\/#\\\/schema\\\/person\\\/95c521ab3dc11c1a9bacf54769a78394\"},\"headline\":\"Celebraci\u00f3n del D\u00eda del Idioma\",\"datePublished\":\"2021-04-26T17:18:07+00:00\",\"dateModified\":\"2021-04-26T17:18:08+00:00\",\"mainEntityOfPage\":{\"@id\":\"https:\\\/\\\/www.sanluisrey.edu.co\\\/new\\\/celebracion-del-dia-del-idioma-2\\\/\"},\"wordCount\":159,\"image\":{\"@id\":\"https:\\\/\\\/www.sanluisrey.edu.co\\\/new\\\/celebracion-del-dia-del-idioma-2\\\/#primaryimage\"},\"thumbnailUrl\":\"https:\\\/\\\/www.sanluisrey.edu.co\\\/new\\\/wp-content\\\/uploads\\\/2021\\\/04\\\/01-IB.jpg\",\"inLanguage\":\"es\"},{\"@type\":\"WebPage\",\"@id\":\"https:\\\/\\\/www.sanluisrey.edu.co\\\/new\\\/celebracion-del-dia-del-idioma-2\\\/\",\"url\":\"https:\\\/\\\/www.sanluisrey.edu.co\\\/new\\\/celebracion-del-dia-del-idioma-2\\\/\",\"name\":\"Celebraci\u00f3n del D\u00eda del Idioma - Colegio San Luis Rey\",\"isPartOf\":{\"@id\":\"https:\\\/\\\/www.sanluisrey.edu.co\\\/new\\\/#website\"},\"primaryImageOfPage\":{\"@id\":\"https:\\\/\\\/www.sanluisrey.edu.co\\\/new\\\/celebracion-del-dia-del-idioma-2\\\/#primaryimage\"},\"image\":{\"@id\":\"https:\\\/\\\/www.sanluisrey.edu.co\\\/new\\\/celebracion-del-dia-del-idioma-2\\\/#primaryimage\"},\"thumbnailUrl\":\"https:\\\/\\\/www.sanluisrey.edu.co\\\/new\\\/wp-content\\\/uploads\\\/2021\\\/04\\\/01-IB.jpg\",\"datePublished\":\"2021-04-26T17:18:07+00:00\",\"dateModified\":\"2021-04-26T17:18:08+00:00\",\"author\":{\"@id\":\"https:\\\/\\\/www.sanluisrey.edu.co\\\/new\\\/#\\\/schema\\\/person\\\/95c521ab3dc11c1a9bacf54769a78394\"},\"breadcrumb\":{\"@id\":\"https:\\\/\\\/www.sanluisrey.edu.co\\\/new\\\/celebracion-del-dia-del-idioma-2\\\/#breadcrumb\"},\"inLanguage\":\"es\",\"potentialAction\":[{\"@type\":\"ReadAction\",\"target\":[\"https:\\\/\\\/www.sanluisrey.edu.co\\\/new\\\/celebracion-del-dia-del-idioma-2\\\/\"]}]},{\"@type\":\"ImageObject\",\"inLanguage\":\"es\",\"@id\":\"https:\\\/\\\/www.sanluisrey.edu.co\\\/new\\\/celebracion-del-dia-del-idioma-2\\\/#primaryimage\",\"url\":\"https:\\\/\\\/www.sanluisrey.edu.co\\\/new\\\/wp-content\\\/uploads\\\/2021\\\/04\\\/01-IB.jpg\",\"contentUrl\":\"https:\\\/\\\/www.sanluisrey.edu.co\\\/new\\\/wp-content\\\/uploads\\\/2021\\\/04\\\/01-IB.jpg\",\"width\":808,\"height\":537},{\"@type\":\"BreadcrumbList\",\"@id\":\"https:\\\/\\\/www.sanluisrey.edu.co\\\/new\\\/celebracion-del-dia-del-idioma-2\\\/#breadcrumb\",\"itemListElement\":[{\"@type\":\"ListItem\",\"position\":1,\"name\":\"Home\",\"item\":\"https:\\\/\\\/www.sanluisrey.edu.co\\\/new\\\/\"},{\"@type\":\"ListItem\",\"position\":2,\"name\":\"Celebraci\u00f3n del D\u00eda del Idioma\"}]},{\"@type\":\"WebSite\",\"@id\":\"https:\\\/\\\/www.sanluisrey.edu.co\\\/new\\\/#website\",\"url\":\"https:\\\/\\\/www.sanluisrey.edu.co\\\/new\\\/\",\"name\":\"Colegio San Luis Rey\",\"description\":\"Comunidad Franciscana Provincia de la Santa Fe\",\"potentialAction\":[{\"@type\":\"SearchAction\",\"target\":{\"@type\":\"EntryPoint\",\"urlTemplate\":\"https:\\\/\\\/www.sanluisrey.edu.co\\\/new\\\/?s={search_term_string}\"},\"query-input\":{\"@type\":\"PropertyValueSpecification\",\"valueRequired\":true,\"valueName\":\"search_term_string\"}}],\"inLanguage\":\"es\"},{\"@type\":\"Person\",\"@id\":\"https:\\\/\\\/www.sanluisrey.edu.co\\\/new\\\/#\\\/schema\\\/person\\\/95c521ab3dc11c1a9bacf54769a78394\",\"name\":\"Colegio Franciscano San Luis Rey\",\"image\":{\"@type\":\"ImageObject\",\"inLanguage\":\"es\",\"@id\":\"https:\\\/\\\/secure.gravatar.com\\\/avatar\\\/fe07d4fe7d07e705f3dcebbfb00bd721c65e9deca5b80342bbf641330ea86b26?s=96&d=mm&r=g\",\"url\":\"https:\\\/\\\/secure.gravatar.com\\\/avatar\\\/fe07d4fe7d07e705f3dcebbfb00bd721c65e9deca5b80342bbf641330ea86b26?s=96&d=mm&r=g\",\"contentUrl\":\"https:\\\/\\\/secure.gravatar.com\\\/avatar\\\/fe07d4fe7d07e705f3dcebbfb00bd721c65e9deca5b80342bbf641330ea86b26?s=96&d=mm&r=g\",\"caption\":\"Colegio Franciscano San Luis Rey\"},\"sameAs\":[\"https:\\\/\\\/www.sanluisrey.edu.co\",\"https:\\\/\\\/web.facebook.com\\\/sanluisreyarmenia\\\/?_rdc=1&_rdr\",\"https:\\\/\\\/www.instagram.com\\\/colegiofranciscanosanluisrey\\\/\",\"https:\\\/\\\/x.com\\\/https:\\\/\\\/twitter.com\\\/san_luis_rey\",\"https:\\\/\\\/www.youtube.com\\\/user\\\/colegiosanluisrey\\\/\"],\"url\":\"https:\\\/\\\/www.sanluisrey.edu.co\\\/new\\\/author\\\/adminrey\\\/\"}]}<\/script>\n<!-- \/ Yoast SEO plugin. -->","yoast_head_json":{"title":"Celebraci\u00f3n del D\u00eda del Idioma - Colegio San Luis Rey","robots":{"index":"index","follow":"follow","max-snippet":"max-snippet:-1","max-image-preview":"max-image-preview:large","max-video-preview":"max-video-preview:-1"},"canonical":"https:\/\/www.sanluisrey.edu.co\/new\/celebracion-del-dia-del-idioma-2\/","og_locale":"es_ES","og_type":"article","og_title":"Celebraci\u00f3n del D\u00eda del Idioma - Colegio San Luis Rey","og_description":"De acuerdo a lo establecido en el &nbsp;cronograma de actividades, el d\u00eda viernes 23 de abril se llev\u00f3 a cabo la&nbsp;IZADA DE BANDERA&nbsp;a cargo de las \u00e1reas de Lengua Castellana y tecnolog\u00eda y con ello conmemorar el d\u00eda del Idioma. Este acto se realiz\u00f3 en el coliseo del colegio con [&hellip;]","og_url":"https:\/\/www.sanluisrey.edu.co\/new\/celebracion-del-dia-del-idioma-2\/","og_site_name":"Colegio San Luis Rey","article_author":"https:\/\/web.facebook.com\/sanluisreyarmenia\/?_rdc=1&_rdr","article_published_time":"2021-04-26T17:18:07+00:00","article_modified_time":"2021-04-26T17:18:08+00:00","og_image":[{"width":808,"height":537,"url":"https:\/\/www.sanluisrey.edu.co\/new\/wp-content\/uploads\/2021\/04\/01-IB.jpg","type":"image\/jpeg"}],"author":"Colegio Franciscano San Luis Rey","twitter_card":"summary_large_image","twitter_creator":"@https:\/\/twitter.com\/san_luis_rey","twitter_misc":{"Escrito por":"Colegio Franciscano San Luis Rey","Tiempo de lectura":"1 minuto"},"schema":{"@context":"https:\/\/schema.org","@graph":[{"@type":"Article","@id":"https:\/\/www.sanluisrey.edu.co\/new\/celebracion-del-dia-del-idioma-2\/#article","isPartOf":{"@id":"https:\/\/www.sanluisrey.edu.co\/new\/celebracion-del-dia-del-idioma-2\/"},"author":{"name":"Colegio Franciscano San Luis Rey","@id":"https:\/\/www.sanluisrey.edu.co\/new\/#\/schema\/person\/95c521ab3dc11c1a9bacf54769a78394"},"headline":"Celebraci\u00f3n del D\u00eda del Idioma","datePublished":"2021-04-26T17:18:07+00:00","dateModified":"2021-04-26T17:18:08+00:00","mainEntityOfPage":{"@id":"https:\/\/www.sanluisrey.edu.co\/new\/celebracion-del-dia-del-idioma-2\/"},"wordCount":159,"image":{"@id":"https:\/\/www.sanluisrey.edu.co\/new\/celebracion-del-dia-del-idioma-2\/#primaryimage"},"thumbnailUrl":"https:\/\/www.sanluisrey.edu.co\/new\/wp-content\/uploads\/2021\/04\/01-IB.jpg","inLanguage":"es"},{"@type":"WebPage","@id":"https:\/\/www.sanluisrey.edu.co\/new\/celebracion-del-dia-del-idioma-2\/","url":"https:\/\/www.sanluisrey.edu.co\/new\/celebracion-del-dia-del-idioma-2\/","name":"Celebraci\u00f3n del D\u00eda del Idioma - Colegio San Luis Rey","isPartOf":{"@id":"https:\/\/www.sanluisrey.edu.co\/new\/#website"},"primaryImageOfPage":{"@id":"https:\/\/www.sanluisrey.edu.co\/new\/celebracion-del-dia-del-idioma-2\/#primaryimage"},"image":{"@id":"https:\/\/www.sanluisrey.edu.co\/new\/celebracion-del-dia-del-idioma-2\/#primaryimage"},"thumbnailUrl":"https:\/\/www.sanluisrey.edu.co\/new\/wp-content\/uploads\/2021\/04\/01-IB.jpg","datePublished":"2021-04-26T17:18:07+00:00","dateModified":"2021-04-26T17:18:08+00:00","author":{"@id":"https:\/\/www.sanluisrey.edu.co\/new\/#\/schema\/person\/95c521ab3dc11c1a9bacf54769a78394"},"breadcrumb":{"@id":"https:\/\/www.sanluisrey.edu.co\/new\/celebracion-del-dia-del-idioma-2\/#breadcrumb"},"inLanguage":"es","potentialAction":[{"@type":"ReadAction","target":["https:\/\/www.sanluisrey.edu.co\/new\/celebracion-del-dia-del-idioma-2\/"]}]},{"@type":"ImageObject","inLanguage":"es","@id":"https:\/\/www.sanluisrey.edu.co\/new\/celebracion-del-dia-del-idioma-2\/#primaryimage","url":"https:\/\/www.sanluisrey.edu.co\/new\/wp-content\/uploads\/2021\/04\/01-IB.jpg","contentUrl":"https:\/\/www.sanluisrey.edu.co\/new\/wp-content\/uploads\/2021\/04\/01-IB.jpg","width":808,"height":537},{"@type":"BreadcrumbList","@id":"https:\/\/www.sanluisrey.edu.co\/new\/celebracion-del-dia-del-idioma-2\/#breadcrumb","itemListElement":[{"@type":"ListItem","position":1,"name":"Home","item":"https:\/\/www.sanluisrey.edu.co\/new\/"},{"@type":"ListItem","position":2,"name":"Celebraci\u00f3n del D\u00eda del Idioma"}]},{"@type":"WebSite","@id":"https:\/\/www.sanluisrey.edu.co\/new\/#website","url":"https:\/\/www.sanluisrey.edu.co\/new\/","name":"Colegio San Luis Rey","description":"Comunidad Franciscana Provincia de la Santa Fe","potentialAction":[{"@type":"SearchAction","target":{"@type":"EntryPoint","urlTemplate":"https:\/\/www.sanluisrey.edu.co\/new\/?s={search_term_string}"},"query-input":{"@type":"PropertyValueSpecification","valueRequired":true,"valueName":"search_term_string"}}],"inLanguage":"es"},{"@type":"Person","@id":"https:\/\/www.sanluisrey.edu.co\/new\/#\/schema\/person\/95c521ab3dc11c1a9bacf54769a78394","name":"Colegio Franciscano San Luis Rey","image":{"@type":"ImageObject","inLanguage":"es","@id":"https:\/\/secure.gravatar.com\/avatar\/fe07d4fe7d07e705f3dcebbfb00bd721c65e9deca5b80342bbf641330ea86b26?s=96&d=mm&r=g","url":"https:\/\/secure.gravatar.com\/avatar\/fe07d4fe7d07e705f3dcebbfb00bd721c65e9deca5b80342bbf641330ea86b26?s=96&d=mm&r=g","contentUrl":"https:\/\/secure.gravatar.com\/avatar\/fe07d4fe7d07e705f3dcebbfb00bd721c65e9deca5b80342bbf641330ea86b26?s=96&d=mm&r=g","caption":"Colegio Franciscano San Luis Rey"},"sameAs":["https:\/\/www.sanluisrey.edu.co","https:\/\/web.facebook.com\/sanluisreyarmenia\/?_rdc=1&_rdr","https:\/\/www.instagram.com\/colegiofranciscanosanluisrey\/","https:\/\/x.com\/https:\/\/twitter.com\/san_luis_rey","https:\/\/www.youtube.com\/user\/colegiosanluisrey\/"],"url":"https:\/\/www.sanluisrey.edu.co\/new\/author\/adminrey\/"}]}},"jetpack_featured_media_url":"https:\/\/www.sanluisrey.edu.co\/new\/wp-content\/uploads\/2021\/04\/01-IB.jpg","jetpack_sharing_enabled":true,"_links":{"self":[{"href":"https:\/\/www.sanluisrey.edu.co\/new\/wp-json\/wp\/v2\/posts\/6731","targetHints":{"allow":["GET"]}}],"collection":[{"href":"https:\/\/www.sanluisrey.edu.co\/new\/wp-json\/wp\/v2\/posts"}],"about":[{"href":"https:\/\/www.sanluisrey.edu.co\/new\/wp-json\/wp\/v2\/types\/post"}],"author":[{"embeddable":true,"href":"https:\/\/www.sanluisrey.edu.co\/new\/wp-json\/wp\/v2\/users\/1"}],"replies":[{"embeddable":true,"href":"https:\/\/www.sanluisrey.edu.co\/new\/wp-json\/wp\/v2\/comments?post=6731"}],"version-history":[{"count":1,"href":"https:\/\/www.sanluisrey.edu.co\/new\/wp-json\/wp\/v2\/posts\/6731\/revisions"}],"predecessor-version":[{"id":6733,"href":"https:\/\/www.sanluisrey.edu.co\/new\/wp-json\/wp\/v2\/posts\/6731\/revisions\/6733"}],"wp:featuredmedia":[{"embeddable":true,"href":"https:\/\/www.sanluisrey.edu.co\/new\/wp-json\/wp\/v2\/media\/6732"}],"wp:attachment":[{"href":"https:\/\/www.sanluisrey.edu.co\/new\/wp-json\/wp\/v2\/media?parent=6731"}],"wp:term":[{"taxonomy":"category","embeddable":true,"href":"https:\/\/www.sanluisrey.edu.co\/new\/wp-json\/wp\/v2\/categories?post=6731"},{"taxonomy":"post_tag","embeddable":true,"href":"https:\/\/www.sanluisrey.edu.co\/new\/wp-json\/wp\/v2\/tags?post=6731"}],"curies":[{"name":"wp","href":"https:\/\/api.w.org\/{rel}","templated":true}]}}