{"id":8217,"date":"2021-12-16T12:24:54","date_gmt":"2021-12-16T17:24:54","guid":{"rendered":"https:\/\/www.sanluisrey.edu.co\/new\/?p=8217"},"modified":"2021-12-16T12:29:04","modified_gmt":"2021-12-16T17:29:04","slug":"alegria-en-nuestra-comunidad","status":"publish","type":"post","link":"https:\/\/www.sanluisrey.edu.co\/new\/alegria-en-nuestra-comunidad\/","title":{"rendered":"Alegr\u00eda en nuestra comunidad"},"content":{"rendered":"\t\t<div data-elementor-type=\"wp-post\" data-elementor-id=\"8217\" class=\"elementor elementor-8217\">\n\t\t\t\t\t\t<section class=\"elementor-section elementor-top-section elementor-element elementor-element-7ae6d9f8 elementor-section-boxed elementor-section-height-default elementor-section-height-default\" data-id=\"7ae6d9f8\" data-element_type=\"section\" data-e-type=\"section\">\n\t\t\t\t\t\t<div class=\"elementor-container elementor-column-gap-default\">\n\t\t\t\t\t<div class=\"elementor-column elementor-col-100 elementor-top-column elementor-element elementor-element-5cac446b\" data-id=\"5cac446b\" data-element_type=\"column\" data-e-type=\"column\">\n\t\t\t<div class=\"elementor-widget-wrap elementor-element-populated\">\n\t\t\t\t\t\t<div class=\"elementor-element elementor-element-7b47c00c elementor-widget elementor-widget-text-editor\" data-id=\"7b47c00c\" data-element_type=\"widget\" data-e-type=\"widget\" data-widget_type=\"text-editor.default\">\n\t\t\t\t<div class=\"elementor-widget-container\">\n\t\t\t\t\t\t\t\t\t\n<p>La familia sanluisista\u00a0se alegra por la ordenaci\u00f3n sacerdotal de uno de sus egresados promoci\u00f3n 2010. Se trata del padre fray Juan Camilo Gallego L\u00f3pez, OFM. Nuestro exalumno\u00a0fue ordenado sacerdote por Monse\u00f1or Fabio Duque Jaramillo, OFM, en la ciudad de Bogot\u00e1 el 04 de diciembre de 2021. Posteriormente celebr\u00f3 su primera Eucarist\u00eda en la parroquia del Esp\u00edritu Santo de la ciudad de Armenia, el 11 de diciembre de 2021. Nos alegramos con el padre fray Juan Camilo y toda su familia por el don del ministerio sacerdotal que el Se\u00f1or le ha concedido y que como hermano franciscano ejercer\u00e1 para el bien de la comunidad de los creyentes. Le deseamos muchas bendiciones y felicidades.<\/p>\n\t\t\t\t\t\t\t\t<\/div>\n\t\t\t\t<\/div>\n\t\t\t\t\t<\/div>\n\t\t<\/div>\n\t\t\t\t\t<\/div>\n\t\t<\/section>\n\t\t\t\t<section class=\"elementor-section elementor-top-section elementor-element elementor-element-9773ae2 elementor-section-boxed elementor-section-height-default elementor-section-height-default\" data-id=\"9773ae2\" data-element_type=\"section\" data-e-type=\"section\">\n\t\t\t\t\t\t<div class=\"elementor-container elementor-column-gap-default\">\n\t\t\t\t\t<div class=\"elementor-column elementor-col-100 elementor-top-column elementor-element elementor-element-970accb\" data-id=\"970accb\" data-element_type=\"column\" data-e-type=\"column\">\n\t\t\t<div class=\"elementor-widget-wrap\">\n\t\t\t\t\t\t\t<\/div>\n\t\t<\/div>\n\t\t\t\t\t<\/div>\n\t\t<\/section>\n\t\t\t\t<section class=\"elementor-section elementor-top-section elementor-element elementor-element-b6ae076 elementor-section-boxed elementor-section-height-default elementor-section-height-default\" data-id=\"b6ae076\" data-element_type=\"section\" data-e-type=\"section\">\n\t\t\t\t\t\t<div class=\"elementor-container elementor-column-gap-default\">\n\t\t\t\t\t<div class=\"elementor-column elementor-col-100 elementor-top-column elementor-element elementor-element-8552934\" data-id=\"8552934\" data-element_type=\"column\" data-e-type=\"column\">\n\t\t\t<div class=\"elementor-widget-wrap elementor-element-populated\">\n\t\t\t\t\t\t<div class=\"elementor-element elementor-element-54888cc elementor-widget elementor-widget-image-gallery\" data-id=\"54888cc\" data-element_type=\"widget\" data-e-type=\"widget\" data-widget_type=\"image-gallery.default\">\n\t\t\t\t<div class=\"elementor-widget-container\">\n\t\t\t\t\t\t\t<div class=\"elementor-image-gallery\">\n\t\t\t\n\t\t<style type=\"text\/css\">\n\t\t\t#gallery-1 {\n\t\t\t\tmargin: auto;\n\t\t\t}\n\t\t\t#gallery-1 .gallery-item {\n\t\t\t\tfloat: left;\n\t\t\t\tmargin-top: 10px;\n\t\t\t\ttext-align: center;\n\t\t\t\twidth: 50%;\n\t\t\t}\n\t\t\t#gallery-1 img {\n\t\t\t\tborder: 2px solid #cfcfcf;\n\t\t\t}\n\t\t\t#gallery-1 .gallery-caption {\n\t\t\t\tmargin-left: 0;\n\t\t\t}\n\t\t\t\/* see gallery_shortcode() in wp-includes\/media.php *\/\n\t\t<\/style>\n\t\t<div id='gallery-1' class='gallery galleryid-8217 gallery-columns-2 gallery-size-medium'><dl class='gallery-item'>\n\t\t\t<dt class='gallery-icon portrait'>\n\t\t\t\t<a data-elementor-open-lightbox=\"yes\" data-elementor-lightbox-slideshow=\"54888cc\" data-elementor-lightbox-title=\"JuanCamilo01\" data-e-action-hash=\"#elementor-action%3Aaction%3Dlightbox%26settings%3DeyJpZCI6ODIyMCwidXJsIjoiaHR0cHM6XC9cL3d3dy5zYW5sdWlzcmV5LmVkdS5jb1wvbmV3XC93cC1jb250ZW50XC91cGxvYWRzXC8yMDIxXC8xMlwvSnVhbkNhbWlsbzAxLmpwZWciLCJzbGlkZXNob3ciOiI1NDg4OGNjIn0%3D\" href='https:\/\/www.sanluisrey.edu.co\/new\/wp-content\/uploads\/2021\/12\/JuanCamilo01.jpeg'><img fetchpriority=\"high\" decoding=\"async\" width=\"225\" height=\"300\" src=\"https:\/\/www.sanluisrey.edu.co\/new\/wp-content\/uploads\/2021\/12\/JuanCamilo01-225x300.jpeg\" class=\"attachment-medium size-medium\" alt=\"\" srcset=\"https:\/\/www.sanluisrey.edu.co\/new\/wp-content\/uploads\/2021\/12\/JuanCamilo01-225x300.jpeg 225w, https:\/\/www.sanluisrey.edu.co\/new\/wp-content\/uploads\/2021\/12\/JuanCamilo01-600x800.jpeg 600w, https:\/\/www.sanluisrey.edu.co\/new\/wp-content\/uploads\/2021\/12\/JuanCamilo01-768x1024.jpeg 768w, https:\/\/www.sanluisrey.edu.co\/new\/wp-content\/uploads\/2021\/12\/JuanCamilo01-1152x1536.jpeg 1152w, https:\/\/www.sanluisrey.edu.co\/new\/wp-content\/uploads\/2021\/12\/JuanCamilo01.jpeg 810w\" sizes=\"(max-width: 225px) 100vw, 225px\" \/><\/a>\n\t\t\t<\/dt><\/dl><dl class='gallery-item'>\n\t\t\t<dt class='gallery-icon portrait'>\n\t\t\t\t<a data-elementor-open-lightbox=\"yes\" data-elementor-lightbox-slideshow=\"54888cc\" data-elementor-lightbox-title=\"Juancamilo02\" data-e-action-hash=\"#elementor-action%3Aaction%3Dlightbox%26settings%3DeyJpZCI6ODIyMSwidXJsIjoiaHR0cHM6XC9cL3d3dy5zYW5sdWlzcmV5LmVkdS5jb1wvbmV3XC93cC1jb250ZW50XC91cGxvYWRzXC8yMDIxXC8xMlwvSnVhbmNhbWlsbzAyLmpwZWciLCJzbGlkZXNob3ciOiI1NDg4OGNjIn0%3D\" href='https:\/\/www.sanluisrey.edu.co\/new\/wp-content\/uploads\/2021\/12\/Juancamilo02.jpeg'><img decoding=\"async\" width=\"225\" height=\"300\" data-src=\"https:\/\/www.sanluisrey.edu.co\/new\/wp-content\/uploads\/2021\/12\/Juancamilo02-225x300.jpeg\" class=\"attachment-medium size-medium lazyload\" alt=\"\" data-srcset=\"https:\/\/www.sanluisrey.edu.co\/new\/wp-content\/uploads\/2021\/12\/Juancamilo02-225x300.jpeg 225w, https:\/\/www.sanluisrey.edu.co\/new\/wp-content\/uploads\/2021\/12\/Juancamilo02-600x800.jpeg 600w, https:\/\/www.sanluisrey.edu.co\/new\/wp-content\/uploads\/2021\/12\/Juancamilo02-768x1024.jpeg 768w, https:\/\/www.sanluisrey.edu.co\/new\/wp-content\/uploads\/2021\/12\/Juancamilo02-1152x1536.jpeg 1152w, https:\/\/www.sanluisrey.edu.co\/new\/wp-content\/uploads\/2021\/12\/Juancamilo02.jpeg 810w\" data-sizes=\"(max-width: 225px) 100vw, 225px\" src=\"data:image\/svg+xml;base64,PHN2ZyB3aWR0aD0iMSIgaGVpZ2h0PSIxIiB4bWxucz0iaHR0cDovL3d3dy53My5vcmcvMjAwMC9zdmciPjwvc3ZnPg==\" style=\"--smush-placeholder-width: 225px; --smush-placeholder-aspect-ratio: 225\/300;\" \/><\/a>\n\t\t\t<\/dt><\/dl><br style=\"clear: both\" \/>\n\t\t<\/div>\n\t\t<\/div>\n\t\t\t\t\t\t<\/div>\n\t\t\t\t<\/div>\n\t\t\t\t\t<\/div>\n\t\t<\/div>\n\t\t\t\t\t<\/div>\n\t\t<\/section>\n\t\t\t\t<\/div>\n\t\t","protected":false},"excerpt":{"rendered":"<p>La familia sanluisista\u00a0se alegra por la ordenaci\u00f3n sacerdotal de uno de sus egresados promoci\u00f3n 2010. Se trata del padre fray Juan Camilo Gallego L\u00f3pez, OFM. Nuestro exalumno\u00a0fue ordenado sacerdote por Monse\u00f1or Fabio Duque Jaramillo, OFM, en la ciudad de Bogot\u00e1 el 04 de diciembre de 2021. Posteriormente celebr\u00f3 su primera [&hellip;]<\/p>\n","protected":false},"author":1,"featured_media":8218,"comment_status":"closed","ping_status":"closed","sticky":false,"template":"","format":"standard","meta":{"_monsterinsights_skip_tracking":false,"_monsterinsights_sitenote_active":false,"_monsterinsights_sitenote_note":"","_monsterinsights_sitenote_category":0,"two_page_speed":[],"_jetpack_memberships_contains_paid_content":false,"footnotes":""},"categories":[12,7],"tags":[],"class_list":["post-8217","post","type-post","status-publish","format-standard","has-post-thumbnail","hentry","category-destacados","category-noticias"],"yoast_head":"<!-- This site is optimized with the Yoast SEO plugin v27.5 - https:\/\/yoast.com\/product\/yoast-seo-wordpress\/ -->\n<title>Alegr\u00eda en nuestra comunidad - Colegio San Luis Rey<\/title>\n<meta name=\"robots\" content=\"index, follow, max-snippet:-1, max-image-preview:large, max-video-preview:-1\" \/>\n<link rel=\"canonical\" href=\"https:\/\/www.sanluisrey.edu.co\/new\/alegria-en-nuestra-comunidad\/\" \/>\n<meta property=\"og:locale\" content=\"es_ES\" \/>\n<meta property=\"og:type\" content=\"article\" \/>\n<meta property=\"og:title\" content=\"Alegr\u00eda en nuestra comunidad - Colegio San Luis Rey\" \/>\n<meta property=\"og:description\" content=\"La familia sanluisista\u00a0se alegra por la ordenaci\u00f3n sacerdotal de uno de sus egresados promoci\u00f3n 2010. Se trata del padre fray Juan Camilo Gallego L\u00f3pez, OFM. Nuestro exalumno\u00a0fue ordenado sacerdote por Monse\u00f1or Fabio Duque Jaramillo, OFM, en la ciudad de Bogot\u00e1 el 04 de diciembre de 2021. Posteriormente celebr\u00f3 su primera [&hellip;]\" \/>\n<meta property=\"og:url\" content=\"https:\/\/www.sanluisrey.edu.co\/new\/alegria-en-nuestra-comunidad\/\" \/>\n<meta property=\"og:site_name\" content=\"Colegio San Luis Rey\" \/>\n<meta property=\"article:author\" content=\"https:\/\/web.facebook.com\/sanluisreyarmenia\/?_rdc=1&amp;_rdr\" \/>\n<meta property=\"article:published_time\" content=\"2021-12-16T17:24:54+00:00\" \/>\n<meta property=\"article:modified_time\" content=\"2021-12-16T17:29:04+00:00\" \/>\n<meta property=\"og:image\" content=\"https:\/\/www.sanluisrey.edu.co\/new\/wp-content\/uploads\/2021\/12\/juancamilo01.jpg\" \/>\n\t<meta property=\"og:image:width\" content=\"1200\" \/>\n\t<meta property=\"og:image:height\" content=\"810\" \/>\n\t<meta property=\"og:image:type\" content=\"image\/jpeg\" \/>\n<meta name=\"author\" content=\"Colegio Franciscano San Luis Rey\" \/>\n<meta name=\"twitter:card\" content=\"summary_large_image\" \/>\n<meta name=\"twitter:creator\" content=\"@https:\/\/twitter.com\/san_luis_rey\" \/>\n<meta name=\"twitter:label1\" content=\"Escrito por\" \/>\n\t<meta name=\"twitter:data1\" content=\"Colegio Franciscano San Luis Rey\" \/>\n\t<meta name=\"twitter:label2\" content=\"Tiempo de lectura\" \/>\n\t<meta name=\"twitter:data2\" content=\"2 minutos\" \/>\n<script type=\"application\/ld+json\" class=\"yoast-schema-graph\">{\"@context\":\"https:\\\/\\\/schema.org\",\"@graph\":[{\"@type\":\"Article\",\"@id\":\"https:\\\/\\\/www.sanluisrey.edu.co\\\/new\\\/alegria-en-nuestra-comunidad\\\/#article\",\"isPartOf\":{\"@id\":\"https:\\\/\\\/www.sanluisrey.edu.co\\\/new\\\/alegria-en-nuestra-comunidad\\\/\"},\"author\":{\"name\":\"Colegio Franciscano San Luis Rey\",\"@id\":\"https:\\\/\\\/www.sanluisrey.edu.co\\\/new\\\/#\\\/schema\\\/person\\\/95c521ab3dc11c1a9bacf54769a78394\"},\"headline\":\"Alegr\u00eda en nuestra comunidad\",\"datePublished\":\"2021-12-16T17:24:54+00:00\",\"dateModified\":\"2021-12-16T17:29:04+00:00\",\"mainEntityOfPage\":{\"@id\":\"https:\\\/\\\/www.sanluisrey.edu.co\\\/new\\\/alegria-en-nuestra-comunidad\\\/\"},\"wordCount\":122,\"image\":{\"@id\":\"https:\\\/\\\/www.sanluisrey.edu.co\\\/new\\\/alegria-en-nuestra-comunidad\\\/#primaryimage\"},\"thumbnailUrl\":\"https:\\\/\\\/www.sanluisrey.edu.co\\\/new\\\/wp-content\\\/uploads\\\/2021\\\/12\\\/juancamilo01.jpg\",\"articleSection\":[\"Destacados\",\"Noticias\"],\"inLanguage\":\"es\"},{\"@type\":\"WebPage\",\"@id\":\"https:\\\/\\\/www.sanluisrey.edu.co\\\/new\\\/alegria-en-nuestra-comunidad\\\/\",\"url\":\"https:\\\/\\\/www.sanluisrey.edu.co\\\/new\\\/alegria-en-nuestra-comunidad\\\/\",\"name\":\"Alegr\u00eda en nuestra comunidad - Colegio San Luis Rey\",\"isPartOf\":{\"@id\":\"https:\\\/\\\/www.sanluisrey.edu.co\\\/new\\\/#website\"},\"primaryImageOfPage\":{\"@id\":\"https:\\\/\\\/www.sanluisrey.edu.co\\\/new\\\/alegria-en-nuestra-comunidad\\\/#primaryimage\"},\"image\":{\"@id\":\"https:\\\/\\\/www.sanluisrey.edu.co\\\/new\\\/alegria-en-nuestra-comunidad\\\/#primaryimage\"},\"thumbnailUrl\":\"https:\\\/\\\/www.sanluisrey.edu.co\\\/new\\\/wp-content\\\/uploads\\\/2021\\\/12\\\/juancamilo01.jpg\",\"datePublished\":\"2021-12-16T17:24:54+00:00\",\"dateModified\":\"2021-12-16T17:29:04+00:00\",\"author\":{\"@id\":\"https:\\\/\\\/www.sanluisrey.edu.co\\\/new\\\/#\\\/schema\\\/person\\\/95c521ab3dc11c1a9bacf54769a78394\"},\"breadcrumb\":{\"@id\":\"https:\\\/\\\/www.sanluisrey.edu.co\\\/new\\\/alegria-en-nuestra-comunidad\\\/#breadcrumb\"},\"inLanguage\":\"es\",\"potentialAction\":[{\"@type\":\"ReadAction\",\"target\":[\"https:\\\/\\\/www.sanluisrey.edu.co\\\/new\\\/alegria-en-nuestra-comunidad\\\/\"]}]},{\"@type\":\"ImageObject\",\"inLanguage\":\"es\",\"@id\":\"https:\\\/\\\/www.sanluisrey.edu.co\\\/new\\\/alegria-en-nuestra-comunidad\\\/#primaryimage\",\"url\":\"https:\\\/\\\/www.sanluisrey.edu.co\\\/new\\\/wp-content\\\/uploads\\\/2021\\\/12\\\/juancamilo01.jpg\",\"contentUrl\":\"https:\\\/\\\/www.sanluisrey.edu.co\\\/new\\\/wp-content\\\/uploads\\\/2021\\\/12\\\/juancamilo01.jpg\",\"width\":1200,\"height\":810},{\"@type\":\"BreadcrumbList\",\"@id\":\"https:\\\/\\\/www.sanluisrey.edu.co\\\/new\\\/alegria-en-nuestra-comunidad\\\/#breadcrumb\",\"itemListElement\":[{\"@type\":\"ListItem\",\"position\":1,\"name\":\"Home\",\"item\":\"https:\\\/\\\/www.sanluisrey.edu.co\\\/new\\\/\"},{\"@type\":\"ListItem\",\"position\":2,\"name\":\"Alegr\u00eda en nuestra comunidad\"}]},{\"@type\":\"WebSite\",\"@id\":\"https:\\\/\\\/www.sanluisrey.edu.co\\\/new\\\/#website\",\"url\":\"https:\\\/\\\/www.sanluisrey.edu.co\\\/new\\\/\",\"name\":\"Colegio San Luis Rey\",\"description\":\"Comunidad Franciscana Provincia de la Santa Fe\",\"potentialAction\":[{\"@type\":\"SearchAction\",\"target\":{\"@type\":\"EntryPoint\",\"urlTemplate\":\"https:\\\/\\\/www.sanluisrey.edu.co\\\/new\\\/?s={search_term_string}\"},\"query-input\":{\"@type\":\"PropertyValueSpecification\",\"valueRequired\":true,\"valueName\":\"search_term_string\"}}],\"inLanguage\":\"es\"},{\"@type\":\"Person\",\"@id\":\"https:\\\/\\\/www.sanluisrey.edu.co\\\/new\\\/#\\\/schema\\\/person\\\/95c521ab3dc11c1a9bacf54769a78394\",\"name\":\"Colegio Franciscano San Luis Rey\",\"image\":{\"@type\":\"ImageObject\",\"inLanguage\":\"es\",\"@id\":\"https:\\\/\\\/secure.gravatar.com\\\/avatar\\\/fe07d4fe7d07e705f3dcebbfb00bd721c65e9deca5b80342bbf641330ea86b26?s=96&d=mm&r=g\",\"url\":\"https:\\\/\\\/secure.gravatar.com\\\/avatar\\\/fe07d4fe7d07e705f3dcebbfb00bd721c65e9deca5b80342bbf641330ea86b26?s=96&d=mm&r=g\",\"contentUrl\":\"https:\\\/\\\/secure.gravatar.com\\\/avatar\\\/fe07d4fe7d07e705f3dcebbfb00bd721c65e9deca5b80342bbf641330ea86b26?s=96&d=mm&r=g\",\"caption\":\"Colegio Franciscano San Luis Rey\"},\"sameAs\":[\"https:\\\/\\\/www.sanluisrey.edu.co\",\"https:\\\/\\\/web.facebook.com\\\/sanluisreyarmenia\\\/?_rdc=1&_rdr\",\"https:\\\/\\\/www.instagram.com\\\/colegiofranciscanosanluisrey\\\/\",\"https:\\\/\\\/x.com\\\/https:\\\/\\\/twitter.com\\\/san_luis_rey\",\"https:\\\/\\\/www.youtube.com\\\/user\\\/colegiosanluisrey\\\/\"],\"url\":\"https:\\\/\\\/www.sanluisrey.edu.co\\\/new\\\/author\\\/adminrey\\\/\"}]}<\/script>\n<!-- \/ Yoast SEO plugin. -->","yoast_head_json":{"title":"Alegr\u00eda en nuestra comunidad - Colegio San Luis Rey","robots":{"index":"index","follow":"follow","max-snippet":"max-snippet:-1","max-image-preview":"max-image-preview:large","max-video-preview":"max-video-preview:-1"},"canonical":"https:\/\/www.sanluisrey.edu.co\/new\/alegria-en-nuestra-comunidad\/","og_locale":"es_ES","og_type":"article","og_title":"Alegr\u00eda en nuestra comunidad - Colegio San Luis Rey","og_description":"La familia sanluisista\u00a0se alegra por la ordenaci\u00f3n sacerdotal de uno de sus egresados promoci\u00f3n 2010. Se trata del padre fray Juan Camilo Gallego L\u00f3pez, OFM. Nuestro exalumno\u00a0fue ordenado sacerdote por Monse\u00f1or Fabio Duque Jaramillo, OFM, en la ciudad de Bogot\u00e1 el 04 de diciembre de 2021. Posteriormente celebr\u00f3 su primera [&hellip;]","og_url":"https:\/\/www.sanluisrey.edu.co\/new\/alegria-en-nuestra-comunidad\/","og_site_name":"Colegio San Luis Rey","article_author":"https:\/\/web.facebook.com\/sanluisreyarmenia\/?_rdc=1&_rdr","article_published_time":"2021-12-16T17:24:54+00:00","article_modified_time":"2021-12-16T17:29:04+00:00","og_image":[{"width":1200,"height":810,"url":"https:\/\/www.sanluisrey.edu.co\/new\/wp-content\/uploads\/2021\/12\/juancamilo01.jpg","type":"image\/jpeg"}],"author":"Colegio Franciscano San Luis Rey","twitter_card":"summary_large_image","twitter_creator":"@https:\/\/twitter.com\/san_luis_rey","twitter_misc":{"Escrito por":"Colegio Franciscano San Luis Rey","Tiempo de lectura":"2 minutos"},"schema":{"@context":"https:\/\/schema.org","@graph":[{"@type":"Article","@id":"https:\/\/www.sanluisrey.edu.co\/new\/alegria-en-nuestra-comunidad\/#article","isPartOf":{"@id":"https:\/\/www.sanluisrey.edu.co\/new\/alegria-en-nuestra-comunidad\/"},"author":{"name":"Colegio Franciscano San Luis Rey","@id":"https:\/\/www.sanluisrey.edu.co\/new\/#\/schema\/person\/95c521ab3dc11c1a9bacf54769a78394"},"headline":"Alegr\u00eda en nuestra comunidad","datePublished":"2021-12-16T17:24:54+00:00","dateModified":"2021-12-16T17:29:04+00:00","mainEntityOfPage":{"@id":"https:\/\/www.sanluisrey.edu.co\/new\/alegria-en-nuestra-comunidad\/"},"wordCount":122,"image":{"@id":"https:\/\/www.sanluisrey.edu.co\/new\/alegria-en-nuestra-comunidad\/#primaryimage"},"thumbnailUrl":"https:\/\/www.sanluisrey.edu.co\/new\/wp-content\/uploads\/2021\/12\/juancamilo01.jpg","articleSection":["Destacados","Noticias"],"inLanguage":"es"},{"@type":"WebPage","@id":"https:\/\/www.sanluisrey.edu.co\/new\/alegria-en-nuestra-comunidad\/","url":"https:\/\/www.sanluisrey.edu.co\/new\/alegria-en-nuestra-comunidad\/","name":"Alegr\u00eda en nuestra comunidad - Colegio San Luis Rey","isPartOf":{"@id":"https:\/\/www.sanluisrey.edu.co\/new\/#website"},"primaryImageOfPage":{"@id":"https:\/\/www.sanluisrey.edu.co\/new\/alegria-en-nuestra-comunidad\/#primaryimage"},"image":{"@id":"https:\/\/www.sanluisrey.edu.co\/new\/alegria-en-nuestra-comunidad\/#primaryimage"},"thumbnailUrl":"https:\/\/www.sanluisrey.edu.co\/new\/wp-content\/uploads\/2021\/12\/juancamilo01.jpg","datePublished":"2021-12-16T17:24:54+00:00","dateModified":"2021-12-16T17:29:04+00:00","author":{"@id":"https:\/\/www.sanluisrey.edu.co\/new\/#\/schema\/person\/95c521ab3dc11c1a9bacf54769a78394"},"breadcrumb":{"@id":"https:\/\/www.sanluisrey.edu.co\/new\/alegria-en-nuestra-comunidad\/#breadcrumb"},"inLanguage":"es","potentialAction":[{"@type":"ReadAction","target":["https:\/\/www.sanluisrey.edu.co\/new\/alegria-en-nuestra-comunidad\/"]}]},{"@type":"ImageObject","inLanguage":"es","@id":"https:\/\/www.sanluisrey.edu.co\/new\/alegria-en-nuestra-comunidad\/#primaryimage","url":"https:\/\/www.sanluisrey.edu.co\/new\/wp-content\/uploads\/2021\/12\/juancamilo01.jpg","contentUrl":"https:\/\/www.sanluisrey.edu.co\/new\/wp-content\/uploads\/2021\/12\/juancamilo01.jpg","width":1200,"height":810},{"@type":"BreadcrumbList","@id":"https:\/\/www.sanluisrey.edu.co\/new\/alegria-en-nuestra-comunidad\/#breadcrumb","itemListElement":[{"@type":"ListItem","position":1,"name":"Home","item":"https:\/\/www.sanluisrey.edu.co\/new\/"},{"@type":"ListItem","position":2,"name":"Alegr\u00eda en nuestra comunidad"}]},{"@type":"WebSite","@id":"https:\/\/www.sanluisrey.edu.co\/new\/#website","url":"https:\/\/www.sanluisrey.edu.co\/new\/","name":"Colegio San Luis Rey","description":"Comunidad Franciscana Provincia de la Santa Fe","potentialAction":[{"@type":"SearchAction","target":{"@type":"EntryPoint","urlTemplate":"https:\/\/www.sanluisrey.edu.co\/new\/?s={search_term_string}"},"query-input":{"@type":"PropertyValueSpecification","valueRequired":true,"valueName":"search_term_string"}}],"inLanguage":"es"},{"@type":"Person","@id":"https:\/\/www.sanluisrey.edu.co\/new\/#\/schema\/person\/95c521ab3dc11c1a9bacf54769a78394","name":"Colegio Franciscano San Luis Rey","image":{"@type":"ImageObject","inLanguage":"es","@id":"https:\/\/secure.gravatar.com\/avatar\/fe07d4fe7d07e705f3dcebbfb00bd721c65e9deca5b80342bbf641330ea86b26?s=96&d=mm&r=g","url":"https:\/\/secure.gravatar.com\/avatar\/fe07d4fe7d07e705f3dcebbfb00bd721c65e9deca5b80342bbf641330ea86b26?s=96&d=mm&r=g","contentUrl":"https:\/\/secure.gravatar.com\/avatar\/fe07d4fe7d07e705f3dcebbfb00bd721c65e9deca5b80342bbf641330ea86b26?s=96&d=mm&r=g","caption":"Colegio Franciscano San Luis Rey"},"sameAs":["https:\/\/www.sanluisrey.edu.co","https:\/\/web.facebook.com\/sanluisreyarmenia\/?_rdc=1&_rdr","https:\/\/www.instagram.com\/colegiofranciscanosanluisrey\/","https:\/\/x.com\/https:\/\/twitter.com\/san_luis_rey","https:\/\/www.youtube.com\/user\/colegiosanluisrey\/"],"url":"https:\/\/www.sanluisrey.edu.co\/new\/author\/adminrey\/"}]}},"jetpack_featured_media_url":"https:\/\/www.sanluisrey.edu.co\/new\/wp-content\/uploads\/2021\/12\/juancamilo01.jpg","jetpack_sharing_enabled":true,"_links":{"self":[{"href":"https:\/\/www.sanluisrey.edu.co\/new\/wp-json\/wp\/v2\/posts\/8217","targetHints":{"allow":["GET"]}}],"collection":[{"href":"https:\/\/www.sanluisrey.edu.co\/new\/wp-json\/wp\/v2\/posts"}],"about":[{"href":"https:\/\/www.sanluisrey.edu.co\/new\/wp-json\/wp\/v2\/types\/post"}],"author":[{"embeddable":true,"href":"https:\/\/www.sanluisrey.edu.co\/new\/wp-json\/wp\/v2\/users\/1"}],"replies":[{"embeddable":true,"href":"https:\/\/www.sanluisrey.edu.co\/new\/wp-json\/wp\/v2\/comments?post=8217"}],"version-history":[{"count":7,"href":"https:\/\/www.sanluisrey.edu.co\/new\/wp-json\/wp\/v2\/posts\/8217\/revisions"}],"predecessor-version":[{"id":8227,"href":"https:\/\/www.sanluisrey.edu.co\/new\/wp-json\/wp\/v2\/posts\/8217\/revisions\/8227"}],"wp:featuredmedia":[{"embeddable":true,"href":"https:\/\/www.sanluisrey.edu.co\/new\/wp-json\/wp\/v2\/media\/8218"}],"wp:attachment":[{"href":"https:\/\/www.sanluisrey.edu.co\/new\/wp-json\/wp\/v2\/media?parent=8217"}],"wp:term":[{"taxonomy":"category","embeddable":true,"href":"https:\/\/www.sanluisrey.edu.co\/new\/wp-json\/wp\/v2\/categories?post=8217"},{"taxonomy":"post_tag","embeddable":true,"href":"https:\/\/www.sanluisrey.edu.co\/new\/wp-json\/wp\/v2\/tags?post=8217"}],"curies":[{"name":"wp","href":"https:\/\/api.w.org\/{rel}","templated":true}]}}