{"id":8949,"date":"2022-04-14T08:57:07","date_gmt":"2022-04-14T13:57:07","guid":{"rendered":"https:\/\/www.sanluisrey.edu.co\/new\/?p=8949"},"modified":"2022-04-14T09:33:13","modified_gmt":"2022-04-14T14:33:13","slug":"asamblea-electiva-de-conaced","status":"publish","type":"post","link":"https:\/\/www.sanluisrey.edu.co\/new\/asamblea-electiva-de-conaced\/","title":{"rendered":"Asamblea Electiva de CONACED"},"content":{"rendered":"\n<p>En las instalaciones del Colegio San Luis Rey de Armenia, se realiz\u00f3 la Asamblea Electiva 2022 de CONACED (Confederaci\u00f3n Nacional Cat\u00f3lica de Educaci\u00f3n) federaci\u00f3n Quind\u00edo, donde se ratific\u00f3 a la Hermana Claudia Patricia Chaux Rojas, rectora del Colegio de La Sagrada Familia, como Presidente de la federaci\u00f3n CONACED Quind\u00edo.Se cont\u00f3 con la presencia del Delegado del Obispo, el Padre David Cabrera, Canciller de la Di\u00f3cesis de Armenia y los rectores de CONACED- Quind\u00edo.<\/p>\n\n\n\n<p><a href=\"https:\/\/www.facebook.com\/sanluisreyarmenia\/photos\/pcb.5666210783394501\/5666204770061769\/\" target=\"_blank\" rel=\"noreferrer noopener\"><span style=\"color:#b40000\" class=\"has-inline-color\">Ver Fotos del evento en Facebook<\/span><\/a><\/p>\n\n\n\n<p><\/p>\n","protected":false},"excerpt":{"rendered":"<p>En las instalaciones del Colegio San Luis Rey de Armenia, se realiz\u00f3 la Asamblea Electiva 2022 de CONACED (Confederaci\u00f3n Nacional Cat\u00f3lica de Educaci\u00f3n) federaci\u00f3n Quind\u00edo, donde se ratific\u00f3 a la Hermana Claudia Patricia Chaux Rojas, rectora del Colegio de La Sagrada Familia, como Presidente de la federaci\u00f3n CONACED Quind\u00edo.Se cont\u00f3 [&hellip;]<\/p>\n","protected":false},"author":1,"featured_media":8950,"comment_status":"closed","ping_status":"closed","sticky":false,"template":"","format":"standard","meta":{"_monsterinsights_skip_tracking":false,"_monsterinsights_sitenote_active":false,"_monsterinsights_sitenote_note":"","_monsterinsights_sitenote_category":0,"two_page_speed":[],"_jetpack_memberships_contains_paid_content":false,"footnotes":""},"categories":[6,7],"tags":[],"class_list":["post-8949","post","type-post","status-publish","format-standard","has-post-thumbnail","hentry","category-informacion","category-noticias"],"yoast_head":"<!-- This site is optimized with the Yoast SEO plugin v27.5 - https:\/\/yoast.com\/product\/yoast-seo-wordpress\/ -->\n<title>Asamblea Electiva de CONACED - Colegio San Luis Rey<\/title>\n<meta name=\"robots\" content=\"index, follow, max-snippet:-1, max-image-preview:large, max-video-preview:-1\" \/>\n<link rel=\"canonical\" href=\"https:\/\/www.sanluisrey.edu.co\/new\/asamblea-electiva-de-conaced\/\" \/>\n<meta property=\"og:locale\" content=\"es_ES\" \/>\n<meta property=\"og:type\" content=\"article\" \/>\n<meta property=\"og:title\" content=\"Asamblea Electiva de CONACED - Colegio San Luis Rey\" \/>\n<meta property=\"og:description\" content=\"En las instalaciones del Colegio San Luis Rey de Armenia, se realiz\u00f3 la Asamblea Electiva 2022 de CONACED (Confederaci\u00f3n Nacional Cat\u00f3lica de Educaci\u00f3n) federaci\u00f3n Quind\u00edo, donde se ratific\u00f3 a la Hermana Claudia Patricia Chaux Rojas, rectora del Colegio de La Sagrada Familia, como Presidente de la federaci\u00f3n CONACED Quind\u00edo.Se cont\u00f3 [&hellip;]\" \/>\n<meta property=\"og:url\" content=\"https:\/\/www.sanluisrey.edu.co\/new\/asamblea-electiva-de-conaced\/\" \/>\n<meta property=\"og:site_name\" content=\"Colegio San Luis Rey\" \/>\n<meta property=\"article:author\" content=\"https:\/\/web.facebook.com\/sanluisreyarmenia\/?_rdc=1&amp;_rdr\" \/>\n<meta property=\"article:published_time\" content=\"2022-04-14T13:57:07+00:00\" \/>\n<meta property=\"article:modified_time\" content=\"2022-04-14T14:33:13+00:00\" \/>\n<meta property=\"og:image\" content=\"https:\/\/www.sanluisrey.edu.co\/new\/wp-content\/uploads\/2022\/04\/Conaced.jpg\" \/>\n\t<meta property=\"og:image:width\" content=\"1213\" \/>\n\t<meta property=\"og:image:height\" content=\"612\" \/>\n\t<meta property=\"og:image:type\" content=\"image\/jpeg\" \/>\n<meta name=\"author\" content=\"Colegio Franciscano San Luis Rey\" \/>\n<meta name=\"twitter:card\" content=\"summary_large_image\" \/>\n<meta name=\"twitter:creator\" content=\"@https:\/\/twitter.com\/san_luis_rey\" \/>\n<meta name=\"twitter:label1\" content=\"Escrito por\" \/>\n\t<meta name=\"twitter:data1\" content=\"Colegio Franciscano San Luis Rey\" \/>\n\t<meta name=\"twitter:label2\" content=\"Tiempo de lectura\" \/>\n\t<meta name=\"twitter:data2\" content=\"1 minuto\" \/>\n<script type=\"application\/ld+json\" class=\"yoast-schema-graph\">{\"@context\":\"https:\\\/\\\/schema.org\",\"@graph\":[{\"@type\":\"Article\",\"@id\":\"https:\\\/\\\/www.sanluisrey.edu.co\\\/new\\\/asamblea-electiva-de-conaced\\\/#article\",\"isPartOf\":{\"@id\":\"https:\\\/\\\/www.sanluisrey.edu.co\\\/new\\\/asamblea-electiva-de-conaced\\\/\"},\"author\":{\"name\":\"Colegio Franciscano San Luis Rey\",\"@id\":\"https:\\\/\\\/www.sanluisrey.edu.co\\\/new\\\/#\\\/schema\\\/person\\\/95c521ab3dc11c1a9bacf54769a78394\"},\"headline\":\"Asamblea Electiva de CONACED\",\"datePublished\":\"2022-04-14T13:57:07+00:00\",\"dateModified\":\"2022-04-14T14:33:13+00:00\",\"mainEntityOfPage\":{\"@id\":\"https:\\\/\\\/www.sanluisrey.edu.co\\\/new\\\/asamblea-electiva-de-conaced\\\/\"},\"wordCount\":92,\"image\":{\"@id\":\"https:\\\/\\\/www.sanluisrey.edu.co\\\/new\\\/asamblea-electiva-de-conaced\\\/#primaryimage\"},\"thumbnailUrl\":\"https:\\\/\\\/www.sanluisrey.edu.co\\\/new\\\/wp-content\\\/uploads\\\/2022\\\/04\\\/Conaced.jpg\",\"articleSection\":[\"Informaci\u00f3n de inter\u00e9s\",\"Noticias\"],\"inLanguage\":\"es\"},{\"@type\":\"WebPage\",\"@id\":\"https:\\\/\\\/www.sanluisrey.edu.co\\\/new\\\/asamblea-electiva-de-conaced\\\/\",\"url\":\"https:\\\/\\\/www.sanluisrey.edu.co\\\/new\\\/asamblea-electiva-de-conaced\\\/\",\"name\":\"Asamblea Electiva de CONACED - Colegio San Luis Rey\",\"isPartOf\":{\"@id\":\"https:\\\/\\\/www.sanluisrey.edu.co\\\/new\\\/#website\"},\"primaryImageOfPage\":{\"@id\":\"https:\\\/\\\/www.sanluisrey.edu.co\\\/new\\\/asamblea-electiva-de-conaced\\\/#primaryimage\"},\"image\":{\"@id\":\"https:\\\/\\\/www.sanluisrey.edu.co\\\/new\\\/asamblea-electiva-de-conaced\\\/#primaryimage\"},\"thumbnailUrl\":\"https:\\\/\\\/www.sanluisrey.edu.co\\\/new\\\/wp-content\\\/uploads\\\/2022\\\/04\\\/Conaced.jpg\",\"datePublished\":\"2022-04-14T13:57:07+00:00\",\"dateModified\":\"2022-04-14T14:33:13+00:00\",\"author\":{\"@id\":\"https:\\\/\\\/www.sanluisrey.edu.co\\\/new\\\/#\\\/schema\\\/person\\\/95c521ab3dc11c1a9bacf54769a78394\"},\"breadcrumb\":{\"@id\":\"https:\\\/\\\/www.sanluisrey.edu.co\\\/new\\\/asamblea-electiva-de-conaced\\\/#breadcrumb\"},\"inLanguage\":\"es\",\"potentialAction\":[{\"@type\":\"ReadAction\",\"target\":[\"https:\\\/\\\/www.sanluisrey.edu.co\\\/new\\\/asamblea-electiva-de-conaced\\\/\"]}]},{\"@type\":\"ImageObject\",\"inLanguage\":\"es\",\"@id\":\"https:\\\/\\\/www.sanluisrey.edu.co\\\/new\\\/asamblea-electiva-de-conaced\\\/#primaryimage\",\"url\":\"https:\\\/\\\/www.sanluisrey.edu.co\\\/new\\\/wp-content\\\/uploads\\\/2022\\\/04\\\/Conaced.jpg\",\"contentUrl\":\"https:\\\/\\\/www.sanluisrey.edu.co\\\/new\\\/wp-content\\\/uploads\\\/2022\\\/04\\\/Conaced.jpg\",\"width\":1213,\"height\":612},{\"@type\":\"BreadcrumbList\",\"@id\":\"https:\\\/\\\/www.sanluisrey.edu.co\\\/new\\\/asamblea-electiva-de-conaced\\\/#breadcrumb\",\"itemListElement\":[{\"@type\":\"ListItem\",\"position\":1,\"name\":\"Home\",\"item\":\"https:\\\/\\\/www.sanluisrey.edu.co\\\/new\\\/\"},{\"@type\":\"ListItem\",\"position\":2,\"name\":\"Asamblea Electiva de CONACED\"}]},{\"@type\":\"WebSite\",\"@id\":\"https:\\\/\\\/www.sanluisrey.edu.co\\\/new\\\/#website\",\"url\":\"https:\\\/\\\/www.sanluisrey.edu.co\\\/new\\\/\",\"name\":\"Colegio San Luis Rey\",\"description\":\"Comunidad Franciscana Provincia de la Santa Fe\",\"potentialAction\":[{\"@type\":\"SearchAction\",\"target\":{\"@type\":\"EntryPoint\",\"urlTemplate\":\"https:\\\/\\\/www.sanluisrey.edu.co\\\/new\\\/?s={search_term_string}\"},\"query-input\":{\"@type\":\"PropertyValueSpecification\",\"valueRequired\":true,\"valueName\":\"search_term_string\"}}],\"inLanguage\":\"es\"},{\"@type\":\"Person\",\"@id\":\"https:\\\/\\\/www.sanluisrey.edu.co\\\/new\\\/#\\\/schema\\\/person\\\/95c521ab3dc11c1a9bacf54769a78394\",\"name\":\"Colegio Franciscano San Luis Rey\",\"image\":{\"@type\":\"ImageObject\",\"inLanguage\":\"es\",\"@id\":\"https:\\\/\\\/secure.gravatar.com\\\/avatar\\\/fe07d4fe7d07e705f3dcebbfb00bd721c65e9deca5b80342bbf641330ea86b26?s=96&d=mm&r=g\",\"url\":\"https:\\\/\\\/secure.gravatar.com\\\/avatar\\\/fe07d4fe7d07e705f3dcebbfb00bd721c65e9deca5b80342bbf641330ea86b26?s=96&d=mm&r=g\",\"contentUrl\":\"https:\\\/\\\/secure.gravatar.com\\\/avatar\\\/fe07d4fe7d07e705f3dcebbfb00bd721c65e9deca5b80342bbf641330ea86b26?s=96&d=mm&r=g\",\"caption\":\"Colegio Franciscano San Luis Rey\"},\"sameAs\":[\"https:\\\/\\\/www.sanluisrey.edu.co\",\"https:\\\/\\\/web.facebook.com\\\/sanluisreyarmenia\\\/?_rdc=1&_rdr\",\"https:\\\/\\\/www.instagram.com\\\/colegiofranciscanosanluisrey\\\/\",\"https:\\\/\\\/x.com\\\/https:\\\/\\\/twitter.com\\\/san_luis_rey\",\"https:\\\/\\\/www.youtube.com\\\/user\\\/colegiosanluisrey\\\/\"],\"url\":\"https:\\\/\\\/www.sanluisrey.edu.co\\\/new\\\/author\\\/adminrey\\\/\"}]}<\/script>\n<!-- \/ Yoast SEO plugin. -->","yoast_head_json":{"title":"Asamblea Electiva de CONACED - Colegio San Luis Rey","robots":{"index":"index","follow":"follow","max-snippet":"max-snippet:-1","max-image-preview":"max-image-preview:large","max-video-preview":"max-video-preview:-1"},"canonical":"https:\/\/www.sanluisrey.edu.co\/new\/asamblea-electiva-de-conaced\/","og_locale":"es_ES","og_type":"article","og_title":"Asamblea Electiva de CONACED - Colegio San Luis Rey","og_description":"En las instalaciones del Colegio San Luis Rey de Armenia, se realiz\u00f3 la Asamblea Electiva 2022 de CONACED (Confederaci\u00f3n Nacional Cat\u00f3lica de Educaci\u00f3n) federaci\u00f3n Quind\u00edo, donde se ratific\u00f3 a la Hermana Claudia Patricia Chaux Rojas, rectora del Colegio de La Sagrada Familia, como Presidente de la federaci\u00f3n CONACED Quind\u00edo.Se cont\u00f3 [&hellip;]","og_url":"https:\/\/www.sanluisrey.edu.co\/new\/asamblea-electiva-de-conaced\/","og_site_name":"Colegio San Luis Rey","article_author":"https:\/\/web.facebook.com\/sanluisreyarmenia\/?_rdc=1&_rdr","article_published_time":"2022-04-14T13:57:07+00:00","article_modified_time":"2022-04-14T14:33:13+00:00","og_image":[{"width":1213,"height":612,"url":"https:\/\/www.sanluisrey.edu.co\/new\/wp-content\/uploads\/2022\/04\/Conaced.jpg","type":"image\/jpeg"}],"author":"Colegio Franciscano San Luis Rey","twitter_card":"summary_large_image","twitter_creator":"@https:\/\/twitter.com\/san_luis_rey","twitter_misc":{"Escrito por":"Colegio Franciscano San Luis Rey","Tiempo de lectura":"1 minuto"},"schema":{"@context":"https:\/\/schema.org","@graph":[{"@type":"Article","@id":"https:\/\/www.sanluisrey.edu.co\/new\/asamblea-electiva-de-conaced\/#article","isPartOf":{"@id":"https:\/\/www.sanluisrey.edu.co\/new\/asamblea-electiva-de-conaced\/"},"author":{"name":"Colegio Franciscano San Luis Rey","@id":"https:\/\/www.sanluisrey.edu.co\/new\/#\/schema\/person\/95c521ab3dc11c1a9bacf54769a78394"},"headline":"Asamblea Electiva de CONACED","datePublished":"2022-04-14T13:57:07+00:00","dateModified":"2022-04-14T14:33:13+00:00","mainEntityOfPage":{"@id":"https:\/\/www.sanluisrey.edu.co\/new\/asamblea-electiva-de-conaced\/"},"wordCount":92,"image":{"@id":"https:\/\/www.sanluisrey.edu.co\/new\/asamblea-electiva-de-conaced\/#primaryimage"},"thumbnailUrl":"https:\/\/www.sanluisrey.edu.co\/new\/wp-content\/uploads\/2022\/04\/Conaced.jpg","articleSection":["Informaci\u00f3n de inter\u00e9s","Noticias"],"inLanguage":"es"},{"@type":"WebPage","@id":"https:\/\/www.sanluisrey.edu.co\/new\/asamblea-electiva-de-conaced\/","url":"https:\/\/www.sanluisrey.edu.co\/new\/asamblea-electiva-de-conaced\/","name":"Asamblea Electiva de CONACED - Colegio San Luis Rey","isPartOf":{"@id":"https:\/\/www.sanluisrey.edu.co\/new\/#website"},"primaryImageOfPage":{"@id":"https:\/\/www.sanluisrey.edu.co\/new\/asamblea-electiva-de-conaced\/#primaryimage"},"image":{"@id":"https:\/\/www.sanluisrey.edu.co\/new\/asamblea-electiva-de-conaced\/#primaryimage"},"thumbnailUrl":"https:\/\/www.sanluisrey.edu.co\/new\/wp-content\/uploads\/2022\/04\/Conaced.jpg","datePublished":"2022-04-14T13:57:07+00:00","dateModified":"2022-04-14T14:33:13+00:00","author":{"@id":"https:\/\/www.sanluisrey.edu.co\/new\/#\/schema\/person\/95c521ab3dc11c1a9bacf54769a78394"},"breadcrumb":{"@id":"https:\/\/www.sanluisrey.edu.co\/new\/asamblea-electiva-de-conaced\/#breadcrumb"},"inLanguage":"es","potentialAction":[{"@type":"ReadAction","target":["https:\/\/www.sanluisrey.edu.co\/new\/asamblea-electiva-de-conaced\/"]}]},{"@type":"ImageObject","inLanguage":"es","@id":"https:\/\/www.sanluisrey.edu.co\/new\/asamblea-electiva-de-conaced\/#primaryimage","url":"https:\/\/www.sanluisrey.edu.co\/new\/wp-content\/uploads\/2022\/04\/Conaced.jpg","contentUrl":"https:\/\/www.sanluisrey.edu.co\/new\/wp-content\/uploads\/2022\/04\/Conaced.jpg","width":1213,"height":612},{"@type":"BreadcrumbList","@id":"https:\/\/www.sanluisrey.edu.co\/new\/asamblea-electiva-de-conaced\/#breadcrumb","itemListElement":[{"@type":"ListItem","position":1,"name":"Home","item":"https:\/\/www.sanluisrey.edu.co\/new\/"},{"@type":"ListItem","position":2,"name":"Asamblea Electiva de CONACED"}]},{"@type":"WebSite","@id":"https:\/\/www.sanluisrey.edu.co\/new\/#website","url":"https:\/\/www.sanluisrey.edu.co\/new\/","name":"Colegio San Luis Rey","description":"Comunidad Franciscana Provincia de la Santa Fe","potentialAction":[{"@type":"SearchAction","target":{"@type":"EntryPoint","urlTemplate":"https:\/\/www.sanluisrey.edu.co\/new\/?s={search_term_string}"},"query-input":{"@type":"PropertyValueSpecification","valueRequired":true,"valueName":"search_term_string"}}],"inLanguage":"es"},{"@type":"Person","@id":"https:\/\/www.sanluisrey.edu.co\/new\/#\/schema\/person\/95c521ab3dc11c1a9bacf54769a78394","name":"Colegio Franciscano San Luis Rey","image":{"@type":"ImageObject","inLanguage":"es","@id":"https:\/\/secure.gravatar.com\/avatar\/fe07d4fe7d07e705f3dcebbfb00bd721c65e9deca5b80342bbf641330ea86b26?s=96&d=mm&r=g","url":"https:\/\/secure.gravatar.com\/avatar\/fe07d4fe7d07e705f3dcebbfb00bd721c65e9deca5b80342bbf641330ea86b26?s=96&d=mm&r=g","contentUrl":"https:\/\/secure.gravatar.com\/avatar\/fe07d4fe7d07e705f3dcebbfb00bd721c65e9deca5b80342bbf641330ea86b26?s=96&d=mm&r=g","caption":"Colegio Franciscano San Luis Rey"},"sameAs":["https:\/\/www.sanluisrey.edu.co","https:\/\/web.facebook.com\/sanluisreyarmenia\/?_rdc=1&_rdr","https:\/\/www.instagram.com\/colegiofranciscanosanluisrey\/","https:\/\/x.com\/https:\/\/twitter.com\/san_luis_rey","https:\/\/www.youtube.com\/user\/colegiosanluisrey\/"],"url":"https:\/\/www.sanluisrey.edu.co\/new\/author\/adminrey\/"}]}},"jetpack_featured_media_url":"https:\/\/www.sanluisrey.edu.co\/new\/wp-content\/uploads\/2022\/04\/Conaced.jpg","jetpack_sharing_enabled":true,"_links":{"self":[{"href":"https:\/\/www.sanluisrey.edu.co\/new\/wp-json\/wp\/v2\/posts\/8949","targetHints":{"allow":["GET"]}}],"collection":[{"href":"https:\/\/www.sanluisrey.edu.co\/new\/wp-json\/wp\/v2\/posts"}],"about":[{"href":"https:\/\/www.sanluisrey.edu.co\/new\/wp-json\/wp\/v2\/types\/post"}],"author":[{"embeddable":true,"href":"https:\/\/www.sanluisrey.edu.co\/new\/wp-json\/wp\/v2\/users\/1"}],"replies":[{"embeddable":true,"href":"https:\/\/www.sanluisrey.edu.co\/new\/wp-json\/wp\/v2\/comments?post=8949"}],"version-history":[{"count":2,"href":"https:\/\/www.sanluisrey.edu.co\/new\/wp-json\/wp\/v2\/posts\/8949\/revisions"}],"predecessor-version":[{"id":8953,"href":"https:\/\/www.sanluisrey.edu.co\/new\/wp-json\/wp\/v2\/posts\/8949\/revisions\/8953"}],"wp:featuredmedia":[{"embeddable":true,"href":"https:\/\/www.sanluisrey.edu.co\/new\/wp-json\/wp\/v2\/media\/8950"}],"wp:attachment":[{"href":"https:\/\/www.sanluisrey.edu.co\/new\/wp-json\/wp\/v2\/media?parent=8949"}],"wp:term":[{"taxonomy":"category","embeddable":true,"href":"https:\/\/www.sanluisrey.edu.co\/new\/wp-json\/wp\/v2\/categories?post=8949"},{"taxonomy":"post_tag","embeddable":true,"href":"https:\/\/www.sanluisrey.edu.co\/new\/wp-json\/wp\/v2\/tags?post=8949"}],"curies":[{"name":"wp","href":"https:\/\/api.w.org\/{rel}","templated":true}]}}